{"id":62526,"date":"2025-12-01T06:13:08","date_gmt":"2025-12-01T06:13:08","guid":{"rendered":"https:\/\/www.europesays.com\/lv\/62526\/"},"modified":"2025-12-01T06:13:08","modified_gmt":"2025-12-01T06:13:08","slug":"dienvidaustrumazija-ciklona-senyar-izraisitie-pludi-un-zemes-nogruvumi-vairak-neka-600-bojagajuso-lente-lv","status":"publish","type":"post","link":"https:\/\/www.europesays.com\/lv\/62526\/","title":{"rendered":"Dienvidaustrum\u0101zij\u0101 ciklona &#8220;Senyar&#8221; izrais\u012btie pl\u016bdi un zemes nogruvumi: Vair\u0101k nek\u0101 600 boj\u0101g\u0101ju\u0161o\u00a0\u2014\u00a0Lente.lv"},"content":{"rendered":"<p>Dienvidaustrum\u0101ziju p\u0101r\u0146\u0113mu\u0161i posto\u0161i pl\u016bdi un zemes nogruvumi, ko izrais\u012bjis sp\u0113c\u012bgais ciklons &#8220;Senyar&#8221;. \u0160\u012b dabas stihija ir at\u0146\u0113musi dz\u012bv\u012bbu vair\u0101k nek\u0101 600 cilv\u0113kiem Indon\u0113zij\u0101, Taizem\u0113 un Malaizij\u0101, sv\u0113tdien pazi\u0146oju\u0161as attiec\u012bgo valstu amatpersonas. Katastrofas apm\u0113rs ir satrauco\u0161s, radot pla\u0161us post\u012bjumus un atst\u0101jot bezpal\u012bdz\u012bgus t\u016bksto\u0161iem iedz\u012bvot\u0101ju.<\/p>\n<p>Postu apm\u0113rs un upuru skaits<\/p>\n<p>Indon\u0113zijas Sumatras sal\u0101 boj\u0101g\u0101ju\u0161o skaits p\u0101rsniedz 442 cilv\u0113kus, bet v\u0113l 402 tiek uzskat\u012bti par pazudu\u0161iem bez v\u0113sts. Amatpersonas zi\u0146o par aptuveni 290 000 cilv\u0113ku, kuri spiesti biju\u0161i pamest savas m\u0101jvietas, mekl\u0113jot dro\u0161\u012bbu no stihijas. Kopum\u0101 Indon\u0113zij\u0101 re\u0123istr\u0113ti 505 boj\u0101g\u0101ju\u0161ie un vair\u0101k nek\u0101 2500 ievainoto, bet 430 cilv\u0113ki joproj\u0101m ir pazudu\u0161i. Situ\u0101cija ir \u012bpa\u0161i smaga Zieme\u013csumatras, Aceh un Rietumsumatras provinc\u0113s, kur zemes nogruvumi un pl\u016bdi izpost\u012bju\u0161i veselus ciematus. Taizemes dienvidos boj\u0101 g\u0101ju\u0161i vismaz 162 cilv\u0113ki, bet Malaizijas zieme\u013cu da\u013c\u0101 &#8211; divi cilv\u0113ki. Kopum\u0101 tr\u012bs valst\u012bs boj\u0101 g\u0101ju\u0161i vismaz 798 cilv\u0113ki, bet ievainoto skaits p\u0101rsniedz 2653.<\/p>\n<p>Stihijas d\u0113\u013c v\u0113l joproj\u0101m tiek mekl\u0113ti simtiem pazudu\u0161o cilv\u0113ku. Vair\u0101k nek\u0101 900 cilv\u0113ku ir g\u0101ju\u0161i boj\u0101, un t\u016bksto\u0161iem ir paliku\u0161i bez pajumtes un pamata resursiem. S\u0101kotn\u0113jie dati liecina, ka ciklona &#8220;Senyar&#8221; izrais\u012btajos pl\u016bdos un zemes nogruvumos Indon\u0113zij\u0101, Taizem\u0113 un Malaizij\u0101 kopum\u0101 dz\u012bv\u012bbu zaud\u0113ju\u0161i aptuveni 790 cilv\u0113ki, ta\u010du ofici\u0101lais boj\u0101g\u0101ju\u0161o skaits v\u0113l var\u0113tu pieaugt.<\/p>\n<p>Ciklona &#8220;Senyar&#8221; izrais\u012bt\u0101 kr\u012bze<\/p>\n<p>Ciklons &#8220;Senyar&#8221;, kas izveidoj\u0101s Malakas \u0161aurum\u0101, ir bijis \u013coti sp\u0113c\u012bgs un reti sastopams dabas fenomens. Tas rad\u012bjis ekstr\u0113mas lietusg\u0101zes, kas p\u0101rsniegu\u0161as re\u0123iona sp\u0113ju uz\u0146emt \u016bdeni, izraisot pla\u0161us pl\u016bdus un zemes nogruvumus. Aceh provinc\u0113 24 stundu laik\u0101 tika re\u0123istr\u0113tas vienas no intens\u012bv\u0101kaj\u0101m lietusg\u0101z\u0113m p\u0113d\u0113jos gados. Tas ir rad\u012bjis milz\u012bgus post\u012bjumus infrastrukt\u016brai \u2013 sabruku\u0161i vair\u0101ki noz\u012bm\u012bgi tilti un ce\u013cu posmi, kas apgr\u016btina gl\u0101b\u0161anas darbus un pal\u012bdz\u012bbas snieg\u0161anu. Tika zi\u0146ots par pla\u0161iem elektroapg\u0101des p\u0101rtraukumiem, kas ilgu\u0161i vair\u0101k nek\u0101 24 stundas vair\u0101kos rajonos.<\/p>\n<p>\u012apa\u0161i smaga situ\u0101cija izveidojusies Taizemes pils\u0113t\u0101 Hat Jajai, kur tika re\u0123istr\u0113ta liel\u0101k\u0101 vienas dienas lietus daudzums p\u0113d\u0113jo 300 gadu laik\u0101 \u2013 335 milimetri. \u0160\u012b pils\u0113ta piedz\u012bvojusi vissmag\u0101kos pl\u016bdus p\u0113d\u0113j\u0101 desmitgad\u0113. Pils\u0113tas slimn\u012bcas ir p\u0101rpild\u012btas, un zi\u0146ots par gad\u012bjumiem, kad miru\u0161ie tiek uzglab\u0101ti sald\u0113tav\u0101s, jo morgi ir pilni.<\/p>\n<p>Sekas un gl\u0101b\u0161anas darbi<\/p>\n<p>\u0100rk\u0101rt\u0113j\u0101 situ\u0101cija ir piespiedusi amatpersonas izsludin\u0101t \u0101rk\u0101rtas st\u0101vokli un mobiliz\u0113t t\u016bksto\u0161iem karav\u012bru un gl\u0101b\u0113ju, lai pal\u012bdz\u0113tu cietu\u0161ajiem. Tom\u0113r gl\u0101b\u0161anas darbus apgr\u016btina boj\u0101t\u0101 infrastrukt\u016bra, appl\u016bdu\u0161ie ce\u013ci un p\u0101rtrauktie sakari, kas izol\u0113ju\u0161i vair\u0101kus apgabalus no \u0101rpasaules. Viet\u0113jie iedz\u012bvot\u0101ji zi\u0146o par p\u0101rtikas tr\u016bkumu un gad\u012bjumiem, kad cilv\u0113ki ir spiesti izlaup\u012bt veikalus, lai izdz\u012bvotu.<\/p>\n<p>Lai gan ciklonu rad\u012btie post\u012bjumi ir milz\u012bgi, amatpersonas cer, ka \u016bdens l\u012bmenis pak\u0101peniski s\u0101ks kristies un tiks atjaunota elektroapg\u0101de un sakari tuv\u0101ko tr\u012bs dienu laik\u0101. Tom\u0113r piln\u012bga atkop\u0161an\u0101s no \u0161\u012bs katastrofas pras\u012bs ilgu laiku un iev\u0113rojamus resursus. \u0160\u012b tra\u0123\u0113dija ir spilgts atg\u0101din\u0101jums par klimata p\u0101rmai\u0146u rad\u012bto draudu nopietn\u012bbu un nepiecie\u0161am\u012bbu stiprin\u0101t re\u0123iona notur\u012bbu pret dabas katastrof\u0101m.<\/p>\n","protected":false},"excerpt":{"rendered":"Dienvidaustrum\u0101ziju p\u0101r\u0146\u0113mu\u0161i posto\u0161i pl\u016bdi un zemes nogruvumi, ko izrais\u012bjis sp\u0113c\u012bgais ciklons &#8220;Senyar&#8221;. \u0160\u012b dabas stihija ir at\u0146\u0113musi dz\u012bv\u012bbu&hellip;\n","protected":false},"author":2,"featured_media":62527,"comment_status":"","ping_status":"","sticky":false,"template":"","format":"standard","meta":{"footnotes":""},"categories":[14],"tags":[23,57,28,29,16451,3005,16452,32,33,22,3430,30,31,35,39,38,36,37,34,40,16453,20,4821,26,27,6649,24,25,16455,54,55,56,16454,21,58],"class_list":{"0":"post-62526","1":"post","2":"type-post","3":"status-publish","4":"format-standard","5":"has-post-thumbnail","7":"category-zinas-no-arvalstim","8":"tag-aktualitates","9":"tag-arvalstim","10":"tag-breaking-news","11":"tag-breakingnews","12":"tag-ciklons-senyar","13":"tag-dabas-katastrofas","14":"tag-dienvidaustrumazija","15":"tag-featured-news","16":"tag-featurednews","17":"tag-headlines","18":"tag-indonezija","19":"tag-latest-news","20":"tag-latestnews","21":"tag-latvia","22":"tag-latvian","23":"tag-latviesu","24":"tag-latviesu-valoda","25":"tag-latviesuvaloda","26":"tag-latvija","27":"tag-lv","28":"tag-malaizija","29":"tag-news","30":"tag-pludi","31":"tag-popularakas-zinas","32":"tag-popularakaszinas","33":"tag-taizeme","34":"tag-top-stories","35":"tag-topstories","36":"tag-upuru-skaits","37":"tag-world","38":"tag-world-news","39":"tag-worldnews","40":"tag-zemes-nogruvumi","41":"tag-zinas","42":"tag-zinas-no-arvalstim"},"share_on_mastodon":{"url":"","error":"Validation failed: Text character limit of 500 exceeded"},"_links":{"self":[{"href":"https:\/\/www.europesays.com\/lv\/wp-json\/wp\/v2\/posts\/62526","targetHints":{"allow":["GET"]}}],"collection":[{"href":"https:\/\/www.europesays.com\/lv\/wp-json\/wp\/v2\/posts"}],"about":[{"href":"https:\/\/www.europesays.com\/lv\/wp-json\/wp\/v2\/types\/post"}],"author":[{"embeddable":true,"href":"https:\/\/www.europesays.com\/lv\/wp-json\/wp\/v2\/users\/2"}],"replies":[{"embeddable":true,"href":"https:\/\/www.europesays.com\/lv\/wp-json\/wp\/v2\/comments?post=62526"}],"version-history":[{"count":0,"href":"https:\/\/www.europesays.com\/lv\/wp-json\/wp\/v2\/posts\/62526\/revisions"}],"wp:featuredmedia":[{"embeddable":true,"href":"https:\/\/www.europesays.com\/lv\/wp-json\/wp\/v2\/media\/62527"}],"wp:attachment":[{"href":"https:\/\/www.europesays.com\/lv\/wp-json\/wp\/v2\/media?parent=62526"}],"wp:term":[{"taxonomy":"category","embeddable":true,"href":"https:\/\/www.europesays.com\/lv\/wp-json\/wp\/v2\/categories?post=62526"},{"taxonomy":"post_tag","embeddable":true,"href":"https:\/\/www.europesays.com\/lv\/wp-json\/wp\/v2\/tags?post=62526"}],"curies":[{"name":"wp","href":"https:\/\/api.w.org\/{rel}","templated":true}]}}