{"id":62534,"date":"2025-12-01T06:22:10","date_gmt":"2025-12-01T06:22:10","guid":{"rendered":"https:\/\/www.europesays.com\/lv\/62534\/"},"modified":"2025-12-01T06:22:10","modified_gmt":"2025-12-01T06:22:10","slug":"aktieris-niklavs-kurpnieks-debite-teatra-rezija-ar-psihologisko-trilleri-nave-un-meitene-lente-lv","status":"publish","type":"post","link":"https:\/\/www.europesays.com\/lv\/62534\/","title":{"rendered":"Aktieris Nikl\u0101vs Kurpnieks debit\u0113 te\u0101tra re\u017eij\u0101 ar psiholo\u0123isko trilleri \u00abN\u0101ve un meitene\u00bb\u00a0\u2014\u00a0Lente.lv"},"content":{"rendered":"<p>Aktiera Nikl\u0101va Kurpnieka debija re\u017eij\u0101: \u00abN\u0101ve un meitene\u00bb Dailes te\u0101tra Jaunaj\u0101 z\u0101l\u0113<\/p>\n<p>Dailes te\u0101tra Jaunaj\u0101 z\u0101l\u0113 28. novembr\u012b notika ilgi gaid\u012bt\u0101 pirmizr\u0101de \u2013 psiholo\u0123iskais trilleris &#8220;N\u0101ve un meitene&#8221;, kas iez\u012bm\u0113 noz\u012bm\u012bgu pagrieziena punktu aktiera Nikl\u0101va Kurpnieka karjer\u0101. Vi\u0146\u0161 debit\u0113 re\u017eisora amplu\u0101, iestud\u0113jot pasaul\u0113 paz\u012bstam\u0101 dramaturga Ariela Dorfmana 1990. gad\u0101 pabeigto lugu &#8220;Meitene un n\u0101ve&#8221;.<\/p>\n<p>\u0160\u012b izr\u0101de ir ne tikai Kurpnieka re\u017eijas debija, bet ar\u012b apliecin\u0101jums vi\u0146a v\u0113lmei iel\u016bkoties dzi\u013c\u0101k\u0101s un smag\u0101k\u0101s t\u0113m\u0101s, neaprobe\u017eojoties vien ar kom\u0113diju vai vieglu raksturu atveido\u0161anu, k\u0101d\u0101s vi\u0146\u0161 bie\u017ei vien ticis uztverts. Izr\u0101de piev\u0113r\u0161as fundament\u0101liem jaut\u0101jumiem par taisn\u012bgumu, atrieb\u012bbu, piedo\u0161anu un cilv\u0113ka sp\u0113ju tikt gal\u0101 ar traum\u0101m, kas joproj\u0101m ir \u013coti aktu\u0101li m\u016bsdien\u0101s.<\/p>\n<p>Par lugu un t\u0101s aktualit\u0101ti<\/p>\n<p>Ariela Dorfmana lugu &#8220;N\u0101ve un meitene&#8221; pasaules noz\u012bm\u012bg\u0101k\u0101s skatuves rot\u0101 jau vair\u0101k nek\u0101 tr\u012bsdesmit gadus, un 1994. gad\u0101 t\u0101 tika ekraniz\u0113ta slaven\u0101 re\u017eisora Romana Pola\u0146ska vad\u012bb\u0101. Luga aizraujo\u0161i p\u0113ta psiholo\u0123isk\u0101s sekas, kas rodas cilv\u0113kiem valst\u012b, kas izk\u013cuvusi no totalit\u0101ras diktat\u016bras. T\u0101 skar sare\u017e\u0123\u012btas t\u0113mas, kas saist\u012btas ar pag\u0101tnes nep\u0101rejo\u0161o kl\u0101tb\u016btni tagadn\u0113 un alk\u0101m p\u0113c taisn\u012bguma, kas bie\u017ei vien p\u0101raug atrieb\u012bb\u0101.<\/p>\n<p>Si\u017eeta centr\u0101 ir jauna sieviete, kura gaida m\u0101j\u0101s savu v\u012bru, ietekm\u012bgu advok\u0101tu. Tram\u012bga, sp\u0113c\u012bga rakstur\u0101 un dzi\u013ci ievainota pag\u0101tn\u0113, vi\u0146a ilgojas p\u0113c miera, ta\u010du nesp\u0113j aizmirst p\u0101rdz\u012bvoto. Vi\u0146as dz\u012bve ir saist\u012bta ar v\u012bru kop\u0161 vi\u0146as vissare\u017e\u0123\u012bt\u0101k\u0101 dz\u012bves posma, un abi kop\u012bgi cer sagaid\u012bt gan gaismu n\u0101kotn\u0113, gan sodu par p\u0101ck\u0101rstaj\u0101m p\u0101rest\u012bb\u0101m. Tom\u0113r vi\u0146u izpratne par soda m\u0113ru un t\u0101 izpildi ir kardin\u0101li at\u0161\u0137ir\u012bga. Nakt\u012b v\u012brs atgrie\u017eas m\u0101j\u0101s kop\u0101 ar laipnu sve\u0161inieku \u2013 \u0101rstu, kur\u0161 sievietei atg\u0101dina par vi\u0146as tum\u0161\u0101kaj\u0101m dien\u0101m, un abu likte\u0146i savijas arvien cie\u0161\u0101k. Tr\u012bs cilv\u0113ki, kuriem nebija lemts sastapties, non\u0101k kop\u0101 vienas diennakts laik\u0101, kas neatgriezeniski main\u012bs vi\u0146u dz\u012bves. Izr\u0101de uzdod jaut\u0101jumu par soda neizb\u0113gam\u012bbu un tiesu bez lieciniekiem, liekot skat\u012bt\u0101jiem aizdom\u0101ties par mor\u0101les un \u0113tikas robe\u017e\u0101m.<\/p>\n<p>Re\u017eisora skat\u012bjums uz izr\u0101di<\/p>\n<p>Nikl\u0101vs Kurpnieks pats veicis lugas tulkojumu latvie\u0161u valod\u0101. Vi\u0146\u0161 uzsver, ka jaut\u0101jums par to, kas notiek ar cilv\u0113ku p\u0113c traumas, skar m\u016bs visus. &#8220;Vai sods dziedina? Vai atrieb\u012bba sp\u0113j atbr\u012bvot? Vai ir iesp\u0113jams piedot tam, kur\u0161 izn\u012bcin\u0101jis da\u013cu tavas b\u016bt\u012bbas?&#8221; \u0161ie ir jaut\u0101jumi, kas interes\u0113 re\u017eisoru. Vi\u0146\u0161 piebilst, ka \u012bpa\u0161i svar\u012bgs izr\u0101des kodols ir lugas iek\u0161\u0113jais spr\u0101dziens un uzkr\u0101t\u0101 spriedze, kas atkl\u0101jas klusum\u0101, acu skatien\u0101 un piesk\u0101rien\u0101. Kurpniekam interes\u0113 ar\u012b tas, k\u0101 main\u0101s vain\u012bgie un tie, kas izpilda pav\u0113les, un vai vi\u0146i sp\u0113j dz\u012bvot t\u0101l\u0101k ar savu pag\u0101tni. Vi\u0146\u0161 ar\u012b nor\u0101da uz lugas paral\u0113l\u0113m ar m\u016bsdienu pasauli, piem\u0113ram, jaut\u0101jot, ko izj\u016bt cilv\u0113ki, skatoties uz kara noziedzniekiem, kuri turpina dz\u012bvot un pat poz\u0113 sabiedr\u012bb\u0101.<\/p>\n<p>Aktieris Kurpnieks par savu p\u0101reju uz re\u017eiju saka, ka tas nav profesijas mai\u0146as, bet gan rado\u0161\u0101s darb\u012bbas papildin\u0101jums. Interese par re\u017eiju radusies, v\u0113rojot kol\u0113\u0123u darbu un analiz\u0113jot re\u017eisora procesu. Vi\u0146\u0161 ir ilgi, apm\u0113ram \u010detrus gadus, run\u0101jis ar te\u0101tra vad\u012bbu par iesp\u0113ju iestud\u0113t \u0161o izr\u0101di.<\/p>\n<p>Aktieru ansamblis un rado\u0161\u0101 komanda<\/p>\n<p>Izr\u0101d\u0113 &#8220;N\u0101ve un meitene&#8221; Nikl\u0101vam Kurpniekam skatuves partneri ir aktieri Madara Vi\u013c\u010duka, Toms Veli\u010dko un Gints And\u017e\u0101ns. \u0160is rado\u0161ais ansamblis kop\u012bgi veidojis izr\u0101di, neizj\u016btot stingru re\u017eisora un aktieru no\u0161\u0137\u012brumu, kas veicin\u0101jis int\u012bmu un cie\u0161u kopdarbu.<\/p>\n<p>Psiholo\u0123iskais trilleris &#8220;N\u0101ve un meitene&#8221; Dailes te\u0101tra Jaunaj\u0101 z\u0101l\u0113 ir pieejams skat\u012bt\u0101jiem kop\u0161 28. novembra. Izr\u0101des ilgums ir 1 stunda un 30 min\u016btes, un t\u0101 notiek vien\u0101 c\u0113lien\u0101.<\/p>\n","protected":false},"excerpt":{"rendered":"Aktiera Nikl\u0101va Kurpnieka debija re\u017eij\u0101: \u00abN\u0101ve un meitene\u00bb Dailes te\u0101tra Jaunaj\u0101 z\u0101l\u0113 Dailes te\u0101tra Jaunaj\u0101 z\u0101l\u0113 28. novembr\u012b&hellip;\n","protected":false},"author":2,"featured_media":62535,"comment_status":"","ping_status":"","sticky":false,"template":"","format":"standard","meta":{"footnotes":""},"categories":[19],"tags":[16357,454,89,90,35,39,38,36,37,34,40,16356,16355,4558],"class_list":{"0":"post-62534","1":"post","2":"type-post","3":"status-publish","4":"format-standard","5":"has-post-thumbnail","7":"category-izklaide","8":"tag-ariel-dorfman","9":"tag-dailes-teatris","10":"tag-entertainment","11":"tag-izklaide","12":"tag-latvia","13":"tag-latvian","14":"tag-latviesu","15":"tag-latviesu-valoda","16":"tag-latviesuvaloda","17":"tag-latvija","18":"tag-lv","19":"tag-nave-un-meitene","20":"tag-niklavs-kurpnieks","21":"tag-teatra-rezija"},"share_on_mastodon":{"url":"https:\/\/pubeurope.com\/@lv\/115642875595700796","error":""},"_links":{"self":[{"href":"https:\/\/www.europesays.com\/lv\/wp-json\/wp\/v2\/posts\/62534","targetHints":{"allow":["GET"]}}],"collection":[{"href":"https:\/\/www.europesays.com\/lv\/wp-json\/wp\/v2\/posts"}],"about":[{"href":"https:\/\/www.europesays.com\/lv\/wp-json\/wp\/v2\/types\/post"}],"author":[{"embeddable":true,"href":"https:\/\/www.europesays.com\/lv\/wp-json\/wp\/v2\/users\/2"}],"replies":[{"embeddable":true,"href":"https:\/\/www.europesays.com\/lv\/wp-json\/wp\/v2\/comments?post=62534"}],"version-history":[{"count":0,"href":"https:\/\/www.europesays.com\/lv\/wp-json\/wp\/v2\/posts\/62534\/revisions"}],"wp:featuredmedia":[{"embeddable":true,"href":"https:\/\/www.europesays.com\/lv\/wp-json\/wp\/v2\/media\/62535"}],"wp:attachment":[{"href":"https:\/\/www.europesays.com\/lv\/wp-json\/wp\/v2\/media?parent=62534"}],"wp:term":[{"taxonomy":"category","embeddable":true,"href":"https:\/\/www.europesays.com\/lv\/wp-json\/wp\/v2\/categories?post=62534"},{"taxonomy":"post_tag","embeddable":true,"href":"https:\/\/www.europesays.com\/lv\/wp-json\/wp\/v2\/tags?post=62534"}],"curies":[{"name":"wp","href":"https:\/\/api.w.org\/{rel}","templated":true}]}}