{"id":62538,"date":"2025-12-01T06:25:12","date_gmt":"2025-12-01T06:25:12","guid":{"rendered":"https:\/\/www.europesays.com\/lv\/62538\/"},"modified":"2025-12-01T06:25:12","modified_gmt":"2025-12-01T06:25:12","slug":"vitkofs-ar-putinu-tiksies-otrdien-zino-avoti","status":"publish","type":"post","link":"https:\/\/www.europesays.com\/lv\/62538\/","title":{"rendered":"Vitkofs ar Putinu tiksies otrdien, zi\u0146o avoti"},"content":{"rendered":"<p><a rel=\"noopener nofollow\" target=\"_blank\" href=\"https:\/\/www.delfi.lv\/temas\/42596146\/asv\" tag-id=\"42596146\">ASV<\/a> prezidenta Donalda Trampa \u012bpa\u0161ais s\u016btnis St\u012bvs Vitkofs otrdien tiksies ar <a rel=\"noopener nofollow\" target=\"_blank\" href=\"https:\/\/www.delfi.lv\/temas\/35525519\/krievija\" tag-id=\"35525519\">Krievijas<\/a> diktatoru Vladimiru Putinu, atsaucoties uz ASV diplom\u0101tiem, v\u0113sta mediji.<\/p>\n<p>Ar\u012b Ukrainas deleg\u0101cijas vad\u012bt\u0101js, Nacion\u0101l\u0101s dro\u0161\u012bbas un aizsardz\u012bbas padomes sekret\u0101rs Rustems Umerovs, kas kop\u0101 ar Rubio p\u0113c sarun\u0101m sniedza pazi\u0146ojumu \u017eurn\u0101listiem, sac\u012bja, ka sarunas biju\u0161as &#8220;produkt\u012bvas un sekm\u012bgas&#8221;, tom\u0113r s\u012bk\u0101k neizteic\u0101s, k\u0101ds progress pan\u0101kts, ja visp\u0101r pan\u0101kts.<\/p>\n<p class=\"m-0\">Seko &#8220;Delfi&#8221; ar\u012b  <a target=\"_blank\" href=\"https:\/\/www.instagram.com\/delfi.lv\/\" rel=\"nofollow noopener\">Instagram<\/a>  un <a target=\"_blank\" href=\"https:\/\/www.youtube.com\/channel\/UCw5foWtcJvAbUm64rv7jwUQ\" rel=\"nofollow noopener\">YouTube<\/a>  profil\u0101 \u2013 pievienojies, lai uzzin\u0101tu svar\u012bg\u0101ko un interesant\u0101ko pirmais!<\/p>\n<p>Publik\u0101cijas saturs vai t\u0101s jebk\u0101da apjoma da\u013ca ir aizsarg\u0101ts autorties\u012bbu objekts Autorties\u012bbu likuma izpratn\u0113, un t\u0101 izmanto\u0161ana bez izdev\u0113ja at\u013caujas ir aizliegta. Vair\u0101k lasi  <a target=\"_blank\" href=\"https:\/\/www.delfi.lv\/noteikumi#autortiesibas\" rel=\"nofollow noopener\">\u0161eit<\/a><script async src=\"\/\/www.instagram.com\/embed.js\"><\/script><\/p>\n","protected":false},"excerpt":{"rendered":"ASV prezidenta Donalda Trampa \u012bpa\u0161ais s\u016btnis St\u012bvs Vitkofs otrdien tiksies ar Krievijas diktatoru Vladimiru Putinu, atsaucoties uz ASV&hellip;\n","protected":false},"author":2,"featured_media":62539,"comment_status":"","ping_status":"","sticky":false,"template":"","format":"standard","meta":{"footnotes":""},"categories":[14],"tags":[23,57,292,28,29,32,33,22,6969,234,74,30,31,35,39,38,36,37,34,40,71,20,26,27,24,25,54,55,56,21,58],"class_list":{"0":"post-62538","1":"post","2":"type-post","3":"status-publish","4":"format-standard","5":"has-post-thumbnail","7":"category-zinas-no-arvalstim","8":"tag-aktualitates","9":"tag-arvalstim","10":"tag-asv","11":"tag-breaking-news","12":"tag-breakingnews","13":"tag-featured-news","14":"tag-featurednews","15":"tag-headlines","16":"tag-konflikts-ukraina","17":"tag-krievija","18":"tag-krievijas-iebrukums-ukraina","19":"tag-latest-news","20":"tag-latestnews","21":"tag-latvia","22":"tag-latvian","23":"tag-latviesu","24":"tag-latviesu-valoda","25":"tag-latviesuvaloda","26":"tag-latvija","27":"tag-lv","28":"tag-nato","29":"tag-news","30":"tag-popularakas-zinas","31":"tag-popularakaszinas","32":"tag-top-stories","33":"tag-topstories","34":"tag-world","35":"tag-world-news","36":"tag-worldnews","37":"tag-zinas","38":"tag-zinas-no-arvalstim"},"share_on_mastodon":{"url":"https:\/\/pubeurope.com\/@lv\/115642887289946760","error":""},"_links":{"self":[{"href":"https:\/\/www.europesays.com\/lv\/wp-json\/wp\/v2\/posts\/62538","targetHints":{"allow":["GET"]}}],"collection":[{"href":"https:\/\/www.europesays.com\/lv\/wp-json\/wp\/v2\/posts"}],"about":[{"href":"https:\/\/www.europesays.com\/lv\/wp-json\/wp\/v2\/types\/post"}],"author":[{"embeddable":true,"href":"https:\/\/www.europesays.com\/lv\/wp-json\/wp\/v2\/users\/2"}],"replies":[{"embeddable":true,"href":"https:\/\/www.europesays.com\/lv\/wp-json\/wp\/v2\/comments?post=62538"}],"version-history":[{"count":0,"href":"https:\/\/www.europesays.com\/lv\/wp-json\/wp\/v2\/posts\/62538\/revisions"}],"wp:featuredmedia":[{"embeddable":true,"href":"https:\/\/www.europesays.com\/lv\/wp-json\/wp\/v2\/media\/62539"}],"wp:attachment":[{"href":"https:\/\/www.europesays.com\/lv\/wp-json\/wp\/v2\/media?parent=62538"}],"wp:term":[{"taxonomy":"category","embeddable":true,"href":"https:\/\/www.europesays.com\/lv\/wp-json\/wp\/v2\/categories?post=62538"},{"taxonomy":"post_tag","embeddable":true,"href":"https:\/\/www.europesays.com\/lv\/wp-json\/wp\/v2\/tags?post=62538"}],"curies":[{"name":"wp","href":"https:\/\/api.w.org\/{rel}","templated":true}]}}