{"id":62542,"date":"2025-12-01T06:28:07","date_gmt":"2025-12-01T06:28:07","guid":{"rendered":"https:\/\/www.europesays.com\/lv\/62542\/"},"modified":"2025-12-01T06:28:07","modified_gmt":"2025-12-01T06:28:07","slug":"kvantiska-revolucija-iznicinas-mi-burbuli-un-gpu-eru-lente-lv","status":"publish","type":"post","link":"https:\/\/www.europesays.com\/lv\/62542\/","title":{"rendered":"Kvantisk\u0101 revol\u016bcija izn\u012bcin\u0101s MI burbuli un GPU \u0113ru\u00a0\u2014\u00a0Lente.lv"},"content":{"rendered":"<p>Kvantiskais izr\u0101viens un AI burbu\u013ca gals<\/p>\n<p>Biju\u0161ais Intel izpilddirektors Pets Gelsingers nesen Financial Times sniegtaj\u0101 intervij\u0101 izteicis spriedumu, kas var\u0113tu satricin\u0101t tehnolo\u0123iju pasauli: kvantu skait\u013co\u0161anas tehnolo\u0123iju strauj\u0101 att\u012bst\u012bba var\u0113tu izrais\u012bt m\u0101ksl\u012bg\u0101 intelekta (MI) burbu\u013ca pl\u012b\u0161anu. Vi\u0146\u0161 prognoz\u0113, ka kvantu apr\u0113\u0137ini k\u013c\u016bs par galveno virz\u012bt\u0101jsp\u0113ku \u0161aj\u0101 p\u0101rmai\u0146\u0101, p\u0101rsp\u0113jot pa\u0161reiz\u0113j\u0101s tendences. Gelsingers uzskata, ka \u0161\u012b ir ar\u012b GPU (grafisko procesoru) \u0113ras p\u0113d\u0113j\u0101 desmitgade vi\u0146u pa\u0161reiz\u0113j\u0101 form\u0101.<\/p>\n<p>Jau savas karjeras laik\u0101 Intel Gelsingers nebija pasarg\u0101jis sevi no ska\u013ciem pazi\u0146ojumiem, tostarp paustas \u0161aubas par MI a\u017eiot\u0101\u017eu un NVIDIA MI mikrosh\u0113mu augsto cenu. Tagad vi\u0146a nost\u0101ja ir v\u0113l stingr\u0101ka: kvantu apr\u0113\u0137ini kop\u0101 ar klasiskajiem un MI apr\u0113\u0137iniem veido digit\u0101l\u0101s pasaules \u201esv\u0113to trijotni\u201d. Vi\u0146\u0161 paredz, ka kvantu datori k\u013c\u016bs par galveno tehnolo\u0123iju daudz \u0101tr\u0101k, nek\u0101 daudzi dom\u0101, un tas noz\u012bm\u0113s GPU domin\u0113jo\u0161\u0101s poz\u012bcijas beigas. \u0160\u012b ideja nav jauna \u2013 Gelsingers to pauda ar\u012b iepriek\u0161\u0113j\u0101 intervij\u0101 CNBC kan\u0101lam, kur\u0101 nor\u0101d\u012bja, ka kvantu progresam b\u016bs nepiecie\u0161ami tikai divi gadi, lai sasniegtu pla\u0161u apriti, pretstat\u0101 NVIDIA izpilddirektora D\u017eensena Huana prognoz\u0113tajiem diviem gadu desmitiem.<\/p>\n<p>AI burbu\u013ca spridzeklis: kvantu revol\u016bcija<\/p>\n<p>Lai gan Gelsingers neparedz MI burbu\u013ca pl\u012b\u0161anu tuv\u0101ko gadu laik\u0101, vi\u0146\u0161 ir p\u0101rliecin\u0101ts, ka kvantu izr\u0101viens var\u0113tu darboties k\u0101 p\u0113k\u0161\u0146s spr\u0101dziens, kas izrais\u012bs t\u0101du pat\u0113r\u0113t\u0101ju un investoru intere\u0161u kritumu, k\u0101du esam redz\u0113ju\u0161i citu tehnolo\u0123iju burbu\u013cu gad\u012bjum\u0101. Vi\u0146\u0161 prognoz\u0113, ka pa\u0161reiz tik domin\u0113jo\u0161\u0101s GPU mikrosh\u0113mas s\u0101ks zaud\u0113t savas poz\u012bcijas jau l\u012bdz \u0161\u012bs desmitgades beig\u0101m.<\/p>\n<p>Interesanti, ka Gelsingers sal\u012bdzin\u0101ja Microsoft un OpenAI partner\u012bbu ar Billa Geitsa sadarb\u012bbu ar IBM devi\u0146desmitajos gados. Vi\u0146\u0161 pie\u013cauj, ka OpenAI var\u0113tu b\u016bt dr\u012bz\u0101k izplat\u012b\u0161anas partneris MI mode\u013ciem, kuru galvenie apr\u0113\u0137inu resursi n\u0101k no Microsoft. \u0160is skat\u012bjums ir izveidojies, pateicoties vi\u0146a pla\u0161ajai pieredzei un iedzi\u013cin\u0101\u0161anai kvantu apr\u0113\u0137inu pasaul\u0113, str\u0101d\u0101jot riska kapit\u0101la firm\u0101 Playground Global p\u0113c Intel atst\u0101\u0161anas.<\/p>\n<p>Pag\u0101tnes k\u013c\u016bdas un n\u0101kotnes perspekt\u012bvas Intel<\/p>\n<p>Gelsingers ar\u012b atkl\u0101ti run\u0101jis par Intel pag\u0101tnes probl\u0113m\u0101m, apgalvojot, ka uz\u0146\u0113mums jau pirms vi\u0146a iera\u0161an\u0101s bija zaud\u0113jis \u201epamata discipl\u012bnu\u201d. Tas, vi\u0146apr\u0101t, ir viens no galvenajiem iemesliem, k\u0101p\u0113c Intel sask\u0101r\u0101s ar iev\u0113rojamiem kav\u0113jumiem kritiski svar\u012bgos projektos, piem\u0113ram, 18A ra\u017eo\u0161anas proces\u0101. \u0160is kav\u0113jums, vi\u0146a skat\u012bjum\u0101, bija zin\u0101ms \u201enorriets\u201d. T\u0101p\u0113c vi\u0146a atgrie\u0161an\u0101s un centieni apg\u016bt 18A tehnolo\u0123iju, kas ir b\u016btiska, lai konkur\u0113tu ar TSMC, pras\u012bja \u201enedaudz vair\u0101k laika, nek\u0101 tika prognoz\u0113ts\u201d.<\/p>\n<p>Biju\u0161ais vad\u012bt\u0101js atkl\u0101ja, ka Intel tika \u201ep\u0101rsteigta\u201d izstr\u0101des procesa laik\u0101. Vi\u0146\u0161 sol\u012bja augst\u0101kajai vad\u012bbai nodro\u0161in\u0101t 18A pieg\u0101di piecu gadu laik\u0101. Tom\u0113r, pirms \u0161\u012b termi\u0146a beig\u0101m tika atlaists, un vi\u0146a p\u0113ctecis, L\u012bps-B\u016b Tans, tom\u0113r nepabeidza 18A projektu piecu gadu grafik\u0101.<\/p>\n","protected":false},"excerpt":{"rendered":"Kvantiskais izr\u0101viens un AI burbu\u013ca gals Biju\u0161ais Intel izpilddirektors Pets Gelsingers nesen Financial Times sniegtaj\u0101 intervij\u0101 izteicis spriedumu,&hellip;\n","protected":false},"author":2,"featured_media":62543,"comment_status":"","ping_status":"","sticky":false,"template":"","format":"standard","meta":{"footnotes":""},"categories":[19],"tags":[89,16459,196,90,15108,35,39,38,36,37,34,40,87,14665],"class_list":{"0":"post-62542","1":"post","2":"type-post","3":"status-publish","4":"format-standard","5":"has-post-thumbnail","7":"category-izklaide","8":"tag-entertainment","9":"tag-gpu","10":"tag-intel","11":"tag-izklaide","12":"tag-kvantu-skaitlosana","13":"tag-latvia","14":"tag-latvian","15":"tag-latviesu","16":"tag-latviesu-valoda","17":"tag-latviesuvaloda","18":"tag-latvija","19":"tag-lv","20":"tag-maksligais-intelekts","21":"tag-mi-burbulis"},"share_on_mastodon":{"url":"https:\/\/pubeurope.com\/@lv\/115642899129670223","error":""},"_links":{"self":[{"href":"https:\/\/www.europesays.com\/lv\/wp-json\/wp\/v2\/posts\/62542","targetHints":{"allow":["GET"]}}],"collection":[{"href":"https:\/\/www.europesays.com\/lv\/wp-json\/wp\/v2\/posts"}],"about":[{"href":"https:\/\/www.europesays.com\/lv\/wp-json\/wp\/v2\/types\/post"}],"author":[{"embeddable":true,"href":"https:\/\/www.europesays.com\/lv\/wp-json\/wp\/v2\/users\/2"}],"replies":[{"embeddable":true,"href":"https:\/\/www.europesays.com\/lv\/wp-json\/wp\/v2\/comments?post=62542"}],"version-history":[{"count":0,"href":"https:\/\/www.europesays.com\/lv\/wp-json\/wp\/v2\/posts\/62542\/revisions"}],"wp:featuredmedia":[{"embeddable":true,"href":"https:\/\/www.europesays.com\/lv\/wp-json\/wp\/v2\/media\/62543"}],"wp:attachment":[{"href":"https:\/\/www.europesays.com\/lv\/wp-json\/wp\/v2\/media?parent=62542"}],"wp:term":[{"taxonomy":"category","embeddable":true,"href":"https:\/\/www.europesays.com\/lv\/wp-json\/wp\/v2\/categories?post=62542"},{"taxonomy":"post_tag","embeddable":true,"href":"https:\/\/www.europesays.com\/lv\/wp-json\/wp\/v2\/tags?post=62542"}],"curies":[{"name":"wp","href":"https:\/\/api.w.org\/{rel}","templated":true}]}}