{"id":62554,"date":"2025-12-01T06:42:08","date_gmt":"2025-12-01T06:42:08","guid":{"rendered":"https:\/\/www.europesays.com\/lv\/62554\/"},"modified":"2025-12-01T06:42:08","modified_gmt":"2025-12-01T06:42:08","slug":"latviesu-rokgrupa-r-a-p-ar-jaudigu-koncertsinglu-izzino-plasu-novembra-turi-lente-lv","status":"publish","type":"post","link":"https:\/\/www.europesays.com\/lv\/62554\/","title":{"rendered":"Latvie\u0161u rokgrupa \u00abR.A.P.\u00bb ar jaud\u012bgu koncertsinglu izzi\u0146o pla\u0161u \u00abNovembra t\u016bri\u00bb\u00a0\u2014\u00a0Lente.lv"},"content":{"rendered":"<p>Latvie\u0161u rokgrupu \u00abR.A.P.\u00bb sagaida ar gaid\u012btu \u00abNovembra t\u016bri\u00bb un ener\u0123isku koncertsinglu<\/p>\n<p>Elpojo\u0161a elpa elpo elpu, elpo elpu, elpo elpu&#8230; Liekas, ka dzirdam rokm\u016bzikas ritmus no Kuld\u012bgas, jo alternat\u012bv\u0101 roka apvien\u012bba \u00abR.A.P.\u00bb, kas p\u0113c gandr\u012bz divu gadu desmitu ilga p\u0101rtraukuma atgriez\u0101s uz skatuves, ir sar\u016bp\u0113jusi saviem klaus\u012bt\u0101jiem pat\u012bkamu p\u0101rsteigumu \u2013 \u00abNovembra t\u016bri\u00bb. \u0160\u012b pla\u0161\u0101 koncertu s\u0113rija tiek pieskandin\u0101ta ar jaud\u012bgu koncertsinglu un videoklipu vienam no grupas ilggad\u0113jiem un m\u012bl\u0113t\u0101kajiem hitiem \u00abDz\u012bve bez apst\u0101jas\u00bb. \u0160is atgrie\u0161an\u0101s vilnis ir apliecin\u0101jums grupas nemain\u012bgajai ener\u0123ijai un sp\u0113jai rad\u012bt m\u016bziku, kas aizkustina sirdis.<\/p>\n<p>\u00abDz\u012bve bez apst\u0101jas\u00bb \u2013 Atgrie\u0161an\u0101s ar Igo<\/p>\n<p>Jaunais koncertsingls un t\u0101 vizu\u0101l\u0101 pav\u0101rda ir tapis, iem\u016b\u017einot grupas atgrie\u0161an\u0101s koncertu R\u012bgas ikoniskaj\u0101 \u00abPalladium\u00bb z\u0101l\u0113. \u0160is ieraksts ne tikai atspogu\u013co \u00abR.A.P.\u00bb rakstur\u012bgo rokenrola garu, bet ar\u012b demonstr\u0113 nep\u0101rprotamo ener\u0123ijas uzliesmojumu, kas joproj\u0101m ir grupas dai\u013crades neat\u0146emama sast\u0101vda\u013ca. Dziesm\u0101 \u00abDz\u012bve bez apst\u0101jas\u00bb piedal\u0101s ar\u012b le\u0123end\u0101rais dzied\u0101t\u0101js Igo, kur\u0161 ir ar\u012b viens no ori\u0123in\u0101l\u0101s dziesmas l\u012bdzautoriem. \u0160\u012b sadarb\u012bba nav tikai muzik\u0101ls akts, bet gan divu Latvijas m\u016bzikas le\u0123endu kop\u012bgs st\u0101sts, kas pieskandin\u0101ja radio vi\u013c\u0146us jau 2007. gad\u0101, un par ko 2008. gad\u0101 \u00abR.A.P.\u00bb un Igo sa\u0146\u0113ma presti\u017eo \u00abAutorties\u012bbu bezgal\u012bbas balvu\u00bb. \u0160is kopdarbs ir k\u0101 apliecin\u0101jums tam, ka patiesas emocijas un m\u016bzika sp\u0113j p\u0101rdz\u012bvot laiku un k\u013c\u016bt par neat\u0146emamu da\u013cu no m\u016bsu kop\u012bg\u0101s muzik\u0101l\u0101s v\u0113stures.<\/p>\n<p>\u00abNovembra t\u016bre\u00bb \u2013 Pla\u0161s muzik\u0101ls ce\u013cojums pa Latviju<\/p>\n<p>\u00abNovembra t\u016bre\u00bb ir \u00abR.A.P.\u00bb ofici\u0101lais pazi\u0146ojums par pilnv\u0113rt\u012bgu atgrie\u0161anos un gatav\u012bbu d\u0101v\u0101t klaus\u012bt\u0101jiem neaizmirstamus muzik\u0101lus vakarus vis\u0101 Latvij\u0101. T\u016bre iek\u013cauj \u010detrus noz\u012bm\u012bgus koncertus, kas apce\u013cos da\u017e\u0101das Latvijas pils\u0113tas, sniedzot iesp\u0113ju baud\u012bt grupas dai\u013cradi pla\u0161am lokam fanu:<\/p>\n<ul>\n<li>8. novembr\u012b \u2013 Jelgav\u0101, \u00abMelno cepur\u012b\u0161u balerij\u0101\u00bb<\/li>\n<li>14. novembr\u012b \u2013 C\u0113s\u012bs, \u00abFonoklub\u0101\u00bb<\/li>\n<li>15. novembr\u012b \u2013 Liep\u0101j\u0101, kult\u016bras nam\u0101 \u00abWiktorija\u00bb<\/li>\n<li>22. novembr\u012b \u2013 R\u012bg\u0101, koncertz\u0101l\u0113 \u00abAng\u0101rs\u00bb<\/li>\n<\/ul>\n<p>\u00ab\u0160ajos koncertos aptversim visu grupas dai\u013cradi,\u00bb sola \u00abR.A.P.\u00bb vok\u0101lists Artis Dvarionas. \u00abM\u016bsu klaus\u012bt\u0101ji var\u0113s baud\u012bt gan dziesmas no visiem trim grupas studijas albumiem, ieskaitot pla\u0161i atz\u012btus ska\u0146darbus k\u0101 \u00abDz\u012bve bez apst\u0101jas\u00bb, \u00abNekas vairs nav t\u0101\u00bb, \u00abEsot vienatn\u0113\u00bb un \u00abViss jau sapl\u0101nots\u00bb, gan ar\u012b jaunus darbus, kas rad\u012bti p\u0113c grupas atkalapvieno\u0161an\u0101s. Protams, neizpaliks ar\u012b radiostaciju hitu \u00abMeln\u0101 (Ak n\u0113, n\u0113, n\u0113!)\u00bb atska\u0146ojums.\u00bb \u0160\u012b daudzveid\u012bba sol\u0101s padar\u012bt katru koncertu par unik\u0101lu un neaizmirstamu notikumu.<\/p>\n<p>\u012apa\u0161ie viesi \u2013 \u00abIndygo\u00bb<\/p>\n<p>T\u016bres nosl\u0113guma koncert\u0101, kas notiks R\u012bgas koncertz\u0101l\u0113 \u00abAng\u0101rs\u00bb, par \u012bpa\u0161iem viesiem k\u013c\u016bs v\u0113l viena ilggad\u0113j\u0101 pa\u0161m\u0101ju alternat\u012bv\u0101 roka apvien\u012bba \u2013 \u00abIndygo\u00bb. \u0160\u012b grupa, kas sevi ir apliecin\u0101jusi k\u0101 sp\u0113c\u012bgu un ori\u0123in\u0101lu m\u016bzikas kolekt\u012bvu kop\u0161 2002. gada, pievienosies \u00abR.A.P.\u00bb uz skatuves, radot sp\u0113c\u012bgu un neaizmirstamu vakaru visiem roka m\u016bzikas cien\u012bt\u0101jiem. \u00abIndygo\u00bb savulaik ieguva atzin\u012bbu ar savu debijas albumu \u00abIndyGo\u00bb un ir turpin\u0101jusi att\u012bst\u012bt savu unik\u0101lo skan\u0113jumu, ko raksturo progres\u012bvais un alternat\u012bvais roks. \u0160is kop\u012bgais muzik\u0101lais st\u0101sts ar \u00abR.A.P.\u00bb sol\u0101s b\u016bt gan svin\u012bbas par pag\u0101tni, gan apliecin\u0101jums Latvijas rokm\u016bzikas dinamiskajai n\u0101kotnei.<\/p>\n<p>\u00abR.A.P.\u00bb \u2013 Grupas atgrie\u0161an\u0101s st\u0101sts<\/p>\n<p>\u00abR.A.P.\u00bb, kas n\u0101k no Kuld\u012bgas, ir grupa, kas ir piedz\u012bvojusi gan spo\u017eus pan\u0101kumus, gan ilgu darb\u012bbas p\u0101rtraukumu. Dibin\u0101ta 1999. gad\u0101, grupa \u0101tri iemantoja atpaz\u012bstam\u012bbu ar sav\u0101m dziesm\u0101m \u00abNekas vairs nav t\u0101\u00bb, \u00abEsot vienatn\u0113\u00bb, \u00abDz\u012bve bez apst\u0101jas\u00bb (kop\u0101 ar Igo) un cit\u0101m. Grupa ir sa\u0146\u0113musi tr\u012bs \u00abLatvijas M\u016bzikas ierakstu gada balvas\u00bb, kas apliecina t\u0101s noz\u012bm\u012bgo ieguld\u012bjumu Latvijas m\u016bzikas ain\u0101. P\u0113c darb\u012bbas p\u0101rtraukuma 2008. gad\u0101, grupa 2011. gad\u0101 \u012bslaic\u012bgi apvienoj\u0101s festiv\u0101l\u0101 \u00abSummer Sound\u00bb, bet pilnv\u0113rt\u012bga atgrie\u0161an\u0101s notika 2024. gad\u0101 ar jaunu dziesmu \u00abM\u0113s esam atpaka\u013c!\u00bb un pla\u0161u atgrie\u0161an\u0101s koncertu \u00abPalladium\u00bb z\u0101l\u0113. \u0160is atgrie\u0161an\u0101s koncerts, kas notika 2025. gada 14. mart\u0101, tika raksturots k\u0101 \u00abjaud\u012bgs audiovizu\u0101ls piedz\u012bvojums\u00bb, kur\u0101 tika izpild\u012btas dziesmas no visiem grupas studijas albumiem. Grupas ori\u0123in\u0101lsast\u0101vs \u2013 Artis Dvarionas (balss), Artis Roz\u012btis (bass), Aleksandrs \u0160tro (\u0123it\u0101ra) un Gatis Kaizers (bungas) \u2013 ir gatavs turpin\u0101t savu muzik\u0101lo ce\u013cojumu, lai iepriecin\u0101tu fanus un apliecin\u0101tu savu vietu Latvijas alternat\u012bv\u0101s rokm\u016bzikas v\u0113stur\u0113.<\/p>\n","protected":false},"excerpt":{"rendered":"Latvie\u0161u rokgrupu \u00abR.A.P.\u00bb sagaida ar gaid\u012btu \u00abNovembra t\u016bri\u00bb un ener\u0123isku koncertsinglu Elpojo\u0161a elpa elpo elpu, elpo elpu, elpo&hellip;\n","protected":false},"author":2,"featured_media":62555,"comment_status":"","ping_status":"","sticky":false,"template":"","format":"standard","meta":{"footnotes":""},"categories":[19],"tags":[89,4943,1340,90,10020,35,39,38,36,37,34,40,2015,2014],"class_list":{"0":"post-62554","1":"post","2":"type-post","3":"status-publish","4":"format-standard","5":"has-post-thumbnail","7":"category-izklaide","8":"tag-entertainment","9":"tag-igo","10":"tag-indygo","11":"tag-izklaide","12":"tag-koncertsingls","13":"tag-latvia","14":"tag-latvian","15":"tag-latviesu","16":"tag-latviesu-valoda","17":"tag-latviesuvaloda","18":"tag-latvija","19":"tag-lv","20":"tag-novembra-ture","21":"tag-r-a-p"},"share_on_mastodon":{"url":"https:\/\/pubeurope.com\/@lv\/115642954102669113","error":""},"_links":{"self":[{"href":"https:\/\/www.europesays.com\/lv\/wp-json\/wp\/v2\/posts\/62554","targetHints":{"allow":["GET"]}}],"collection":[{"href":"https:\/\/www.europesays.com\/lv\/wp-json\/wp\/v2\/posts"}],"about":[{"href":"https:\/\/www.europesays.com\/lv\/wp-json\/wp\/v2\/types\/post"}],"author":[{"embeddable":true,"href":"https:\/\/www.europesays.com\/lv\/wp-json\/wp\/v2\/users\/2"}],"replies":[{"embeddable":true,"href":"https:\/\/www.europesays.com\/lv\/wp-json\/wp\/v2\/comments?post=62554"}],"version-history":[{"count":0,"href":"https:\/\/www.europesays.com\/lv\/wp-json\/wp\/v2\/posts\/62554\/revisions"}],"wp:featuredmedia":[{"embeddable":true,"href":"https:\/\/www.europesays.com\/lv\/wp-json\/wp\/v2\/media\/62555"}],"wp:attachment":[{"href":"https:\/\/www.europesays.com\/lv\/wp-json\/wp\/v2\/media?parent=62554"}],"wp:term":[{"taxonomy":"category","embeddable":true,"href":"https:\/\/www.europesays.com\/lv\/wp-json\/wp\/v2\/categories?post=62554"},{"taxonomy":"post_tag","embeddable":true,"href":"https:\/\/www.europesays.com\/lv\/wp-json\/wp\/v2\/tags?post=62554"}],"curies":[{"name":"wp","href":"https:\/\/api.w.org\/{rel}","templated":true}]}}