{"id":62562,"date":"2025-12-01T06:50:19","date_gmt":"2025-12-01T06:50:19","guid":{"rendered":"https:\/\/www.europesays.com\/lv\/62562\/"},"modified":"2025-12-01T06:50:19","modified_gmt":"2025-12-01T06:50:19","slug":"ka-izveleties-korporativas-davanas-kolegiem-klientiem-un-sadarbibas-partneriem-dienas-bizness","status":"publish","type":"post","link":"https:\/\/www.europesays.com\/lv\/62562\/","title":{"rendered":"K\u0101 izv\u0113l\u0113ties korporat\u012bv\u0101s d\u0101vanas kol\u0113\u0123iem, klientiem un sadarb\u012bbas partneriem :: Dienas Bizness"},"content":{"rendered":"<p class=\"text-font font-size--text-xlarge margin-3--bottom font-weight--bold padding-1--top\">M\u016bsdienu biznesa vid\u0113 <a href=\"https:\/\/www.stenders-cosmetics.lv\/lv\/korporativas-davanas\" title=\"\" target=\"_blank\" rel=\"nofollow noopener\">korporat\u012bv\u0101s d\u0101vanas<\/a> vairs nav tikai formalit\u0101te \u2013 t\u0101s sniedz iesp\u0113ju uz\u0146\u0113mumu p\u0101rst\u0101vjiem veidot un stiprin\u0101t emocion\u0101lu saikni ar klientiem, partneriem un darbiniekiem. P\u0101rdom\u0101ta un atbilsto\u0161i izv\u0113l\u0113ta d\u0101vana var k\u013c\u016bt par z\u012bmola v\u0113stnesi, kas ne tikai raisa pozit\u012bvas emocijas un asoci\u0101cijas, bet ar\u012b paaugstina lojalit\u0101ti, vairo uztic\u012bbu un stiprina reput\u0101ciju. Tie\u0161i t\u0101das ir ar\u012b kvalitat\u012bv\u0101s un izmekl\u0113t\u0101s STENDERS biznesa d\u0101vanas!<\/p>\n<p class=\"text-font font-size--text-xlarge margin-3--bottom\">Personaliz\u0101cija \u2013 z\u012bmola identit\u0101te ar odzi\u0146u<\/p>\n<p class=\"text-font font-size--text-xlarge margin-3--bottom\">P\u0101rdom\u0101tas un j\u0113gpilnas biznesa d\u0101vanas atspogu\u013co uz\u0146\u0113muma identit\u0101ti un v\u0113rt\u012bbas, bet personaliz\u0101cija t\u0101m pie\u0161\u0137ir papildu akcentu. D\u0101vana, kas ietur\u0113ta uz\u0146\u0113muma korporat\u012bvaj\u0101s kr\u0101s\u0101s, papildin\u0101ta ar logotipu, personaliz\u0113tu v\u0113st\u012bjumu vai k\u0101diem citiem gaum\u012bgiem elementiem, t\u0101s sa\u0146\u0113m\u0113jam var likt justies patiesi \u012bpa\u0161am un nov\u0113rt\u0113tam, radot pat\u012bkamu priek\u0161statu par z\u012bmolu un visu uz\u0146\u0113mumu kopum\u0101.<\/p>\n<p class=\"text-font font-size--text-xlarge margin-3--bottom\">Praktiskums un d\u0101vanas pielieto\u0161ana ikdien\u0101<\/p>\n<p class=\"text-font font-size--text-xlarge margin-3--bottom\">Lietder\u012bba ir viens no b\u016btisk\u0101kajiem aspektiem, kam piev\u0113rst uzman\u012bbu, izv\u0113loties d\u0101vanas kol\u0113\u0123iem vai d\u0101vanas darbiniekiem. Kvalitat\u012bva, ikdien\u0101 noder\u012bga d\u0101vana, piem\u0113ram, izsmalcin\u0101ts \u0137erme\u0146a kop\u0161anas l\u012bdzek\u013cu komplekts vai rok\u0101m darin\u0101tu vannas bumbu izlase nesteidz\u012bgiem un mierpilniem vanno\u0161an\u0101s ritu\u0101liem, pat\u012bkami p\u0101rsteigs un iepriecin\u0101s ikvienu. \u0160\u0101da d\u0101vana kol\u0113\u0123im sv\u0113tkos, darba jubilej\u0101 vai k\u0101da veiksm\u012bgi realiz\u0113ta projekta nosl\u0113gum\u0101 ir elegants veids, k\u0101 pateikt \u201cpaldies\u201d, pau\u017eot cie\u0146pilnu attieksmi, kas atspogu\u013cojas ne tikai v\u0101rdos, bet ar\u012b darbos. Turkl\u0101t ar\u012b \u0161\u0101da d\u0101vana kol\u0113\u0123im, aizejot no darba, var b\u016bt simbolisks \u017eests, kas apliecina pateic\u012bbu par ieguld\u012bto laiku, ener\u0123iju un visu kop\u0101 piedz\u012bvoto.<\/p>\n<p class=\"text-font font-size--text-xlarge margin-3--bottom\">Visi STENDERS kopjo\u0161ie produkti ir dermatolo\u0123iski test\u0113ti sertific\u0113t\u0101 Eiropas Savien\u012bbas laboratorij\u0101, un tie ir piem\u0113roti lieto\u0161anai ikdien\u0101 \u2013 pilnv\u0113rt\u012bgiem, mierpilniem aromterapijas ritu\u0101liem un kvalitat\u012bvam laikam sev.<\/p>\n<p class=\"text-font font-size--text-xlarge margin-3--bottom\">Iesai\u0146ojums k\u0101 papildu emocion\u0101l\u0101 pievienot\u0101 v\u0113rt\u012bba<\/p>\n<p class=\"text-font font-size--text-xlarge margin-3--bottom\">Lai ar\u012b d\u0101vanas uz\u0146\u0113mumiem ir b\u016btiskas, lai t\u0101s paliktu atmi\u0146\u0101, j\u0101padom\u0101 par emocion\u0101l\u0101s pieredzes veido\u0161anu. Tas noz\u012bm\u0113, ka korporat\u012bv\u0101s d\u0101vanas noform\u0113jumam j\u0101b\u016bt est\u0113tiski un dizainiski pievilc\u012bgam, bet t\u0101s saturam \u2013 p\u0101rdom\u0101tam l\u012bdz pat smalk\u0101kajai niansei un deta\u013cai. D\u0101vana, kas sp\u0113j izrais\u012bt neviltotu prieku, savi\u013c\u0146ojumu un citas pozit\u012bvas emocijas, asoci\u0113jas ar r\u016bp\u012bbu, akur\u0101tumu un uzman\u012bbas piev\u0113r\u0161anu deta\u013c\u0101m. Tie\u0161i \u0161\u012bs saj\u016btas nereti k\u013c\u016bst par iz\u0161\u0137iro\u0161aj\u0101m attiec\u012bb\u0101 uz to, k\u0101 uz\u0146\u0113mumu uztver ne tikai sadarb\u012bbas partneri un klienti, bet ar\u012b pa\u0161i darbinieki.<\/p>\n<p class=\"text-font font-size--text-xlarge margin-3--bottom\">STENDERS d\u0101vanu iesai\u0146ojums pavisam noteikti paliks atmi\u0146\u0101 elegances un izsmalcin\u0101to deta\u013cu d\u0113\u013c. Pats lab\u0101kais \u2013 tas tiek veidots no otrreiz p\u0101rstr\u0101d\u0101jamiem un videi draudz\u012bgiem materi\u0101liem. Piem\u0113ram, kraftpap\u012bra, kas biolo\u0123iski no\u0101rd\u0101s, t\u0101d\u0113j\u0101di nodro\u0161inot ilgtsp\u0113j\u012bgu pieeju gan produktu, gan to iepakojumu un iesai\u0146ojumu ra\u017eo\u0161an\u0101.<\/p>\n<p class=\"text-font font-size--text-xlarge margin-3--bottom\">Kvalit\u0101te p\u0101ri kvantit\u0101tei<\/p>\n<p class=\"text-font font-size--text-xlarge margin-3--bottom\">Ja nepiecie\u0161amas korporat\u012bv\u0101s d\u0101vanas, v\u0113rt\u012bgi patur\u0113t pr\u0101t\u0101, ka maz\u0101k ir vair\u0101k. Piem\u0113ram, izv\u0113loties korporat\u012bv\u0101s Ziemassv\u0113tku d\u0101vanas, \u012bpa\u0161i svar\u012bgi piev\u0113rst uzman\u012bbu to kvalit\u0101tei, kas vistie\u0161\u0101kaj\u0101 m\u0113r\u0101 atsauksies uz d\u0101vin\u0101t\u0101ju jeb uz\u0146\u0113mumu. Gan Ziemassv\u0113tku d\u0101vanas kol\u0113\u0123iem, gan partneriem b\u016btu j\u0101izv\u0113las, \u0146emot v\u0113r\u0101 vair\u0101kus krit\u0113rijus \u2013 dizainu, ilgm\u016b\u017e\u012bbu un atbilst\u012bbu uz\u0146\u0113muma pamatv\u0113rt\u012bb\u0101m. Tas liecina par \u0101rk\u0101rt\u012bgi profesion\u0101lu attieksmi, pal\u012bdzot stiprin\u0101t attiec\u012bbas un veidojot pamatu uzticamai un ilgtsp\u0113j\u012bgai sadarb\u012bbai ar\u012b n\u0101kotn\u0113.<\/p>\n<p class=\"text-font font-size--text-xlarge margin-3--bottom\">Korporat\u012bv\u0101s d\u0101vanas ir daudz kas vair\u0101k, nek\u0101 tikai form\u0101ls \u017eests. Tas ir ilgtermi\u0146a ieguld\u012bjums biznesa attiec\u012bbu uztur\u0113\u0161an\u0101, kas pal\u012bdz stiprin\u0101t z\u012bmola t\u0113lu, vairo lojalit\u0101ti un veido pozit\u012bvas asoci\u0101cijas. Nepiecie\u0161ama unik\u0101la d\u0101vana kol\u0113\u0123im, klientam, sadarb\u012bbas partnerim? T\u0101du jebkur\u0101 laik\u0101 ir iesp\u0113jams sakomplekt\u0113t ar\u012b pa\u0161am \u2013 gan <a href=\"https:\/\/www.stenders-cosmetics.lv\/lv\/korporativas-davanas\" title=\"\" target=\"_blank\" rel=\"nofollow noopener\">STENDERS<\/a> internetveikal\u0101, gan z\u012bmola kl\u0101tienes tirdzniec\u012bbas viet\u0101s!<\/p>\n","protected":false},"excerpt":{"rendered":"M\u016bsdienu biznesa vid\u0113 korporat\u012bv\u0101s d\u0101vanas vairs nav tikai formalit\u0101te \u2013 t\u0101s sniedz iesp\u0113ju uz\u0146\u0113mumu p\u0101rst\u0101vjiem veidot un stiprin\u0101t&hellip;\n","protected":false},"author":2,"featured_media":62563,"comment_status":"","ping_status":"","sticky":false,"template":"","format":"standard","meta":{"footnotes":""},"categories":[16],"tags":[869,77,870,76,867,35,39,38,36,37,34,871,868,40,21],"class_list":{"0":"post-62562","1":"post","2":"type-post","3":"status-publish","4":"format-standard","5":"has-post-thumbnail","7":"category-bizness","8":"tag-biznesa-zinas","9":"tag-bizness","10":"tag-bizness-latvija","11":"tag-business","12":"tag-dienas-zinas","13":"tag-latvia","14":"tag-latvian","15":"tag-latviesu","16":"tag-latviesu-valoda","17":"tag-latviesuvaloda","18":"tag-latvija","19":"tag-latvijas-biznesa-zinas","20":"tag-latvijas-zinas","21":"tag-lv","22":"tag-zinas"},"share_on_mastodon":{"url":"https:\/\/pubeurope.com\/@lv\/115642985737200583","error":""},"_links":{"self":[{"href":"https:\/\/www.europesays.com\/lv\/wp-json\/wp\/v2\/posts\/62562","targetHints":{"allow":["GET"]}}],"collection":[{"href":"https:\/\/www.europesays.com\/lv\/wp-json\/wp\/v2\/posts"}],"about":[{"href":"https:\/\/www.europesays.com\/lv\/wp-json\/wp\/v2\/types\/post"}],"author":[{"embeddable":true,"href":"https:\/\/www.europesays.com\/lv\/wp-json\/wp\/v2\/users\/2"}],"replies":[{"embeddable":true,"href":"https:\/\/www.europesays.com\/lv\/wp-json\/wp\/v2\/comments?post=62562"}],"version-history":[{"count":0,"href":"https:\/\/www.europesays.com\/lv\/wp-json\/wp\/v2\/posts\/62562\/revisions"}],"wp:featuredmedia":[{"embeddable":true,"href":"https:\/\/www.europesays.com\/lv\/wp-json\/wp\/v2\/media\/62563"}],"wp:attachment":[{"href":"https:\/\/www.europesays.com\/lv\/wp-json\/wp\/v2\/media?parent=62562"}],"wp:term":[{"taxonomy":"category","embeddable":true,"href":"https:\/\/www.europesays.com\/lv\/wp-json\/wp\/v2\/categories?post=62562"},{"taxonomy":"post_tag","embeddable":true,"href":"https:\/\/www.europesays.com\/lv\/wp-json\/wp\/v2\/tags?post=62562"}],"curies":[{"name":"wp","href":"https:\/\/api.w.org\/{rel}","templated":true}]}}