{"id":62564,"date":"2025-12-01T06:52:10","date_gmt":"2025-12-01T06:52:10","guid":{"rendered":"https:\/\/www.europesays.com\/lv\/62564\/"},"modified":"2025-12-01T06:52:10","modified_gmt":"2025-12-01T06:52:10","slug":"pec-gada-jabut-paveiktam-vismaz-120-mazam-lietam-birokratijas-mazinasana-uzsver-endzins","status":"publish","type":"post","link":"https:\/\/www.europesays.com\/lv\/62564\/","title":{"rendered":"P\u0113c gada j\u0101b\u016bt paveikt\u0101m vismaz 120 maz\u0101m liet\u0101m birokr\u0101tijas mazin\u0101\u0161an\u0101, uzsver Endzi\u0146\u0161"},"content":{"rendered":"<p>Vi\u0146\u0161 \u0161odien ofici\u0101li s\u0101cis darbu \u0161aj\u0101 amat\u0101.<\/p>\n<p>Endzi\u0146\u0161 uzsv\u0113ra, ka bez birokr\u0101tijas mazin\u0101\u0161an\u0101s s\u0101kum\u0101 j\u0101pan\u0101k, lai t\u0101 nepalielin\u0101tos. \u0160\u0101 gada laik\u0101 jau veikta virkne labu uzlabojumu, bet n\u0101ku\u0161i kl\u0101t jauni slogi, atzina Endzi\u0146\u0161.<\/p>\n<p>Vi\u0146\u0161 uzskata, ka ir nepiecie\u0161ams s\u0101kt prec\u012bzi visu uzskait\u012bt un fiks\u0113t, &#8220;ja gribam iziet no purva&#8221;. To grupa s\u0101k\u0161ot dar\u012bt jau no \u0161odienas, skrupulozi m\u0113rot vald\u012bbas izdoto ties\u012bbu aktu administrat\u012bvo slogu. Sagatavo\u0161an\u0101s darbi tam esot ir veikti. Pl\u0101notas sarunas, lai administrat\u012bvo slogu m\u0113r\u012btu ar\u012b parlament\u0101.<\/p>\n<p>&#8220;M\u0113r\u0137is ir virz\u012bties ar intensit\u0101ti vismaz 10 maz\u0101s lieti\u0146as m\u0113nes\u012b. [..] P\u0113c gada j\u0101b\u016bt paveikt\u0101m vismaz 120 maz\u0101m liet\u0101m birokr\u0101tijas mazin\u0101\u0161an\u0101,&#8221; sac\u012bja grupas vad\u012bt\u0101js, akcent\u0113jot, ka ir j\u0101pierod pie birokr\u0101tijas mazin\u0101\u0161anas kult\u016bras.<\/p>\n<p>K\u0101 zi\u0146ots, R\u012bc\u012bbas grupa birokr\u0101tijas mazin\u0101\u0161anai tika izveidota 27. mart\u0101. Taj\u0101 darbojas valsts p\u0101rvaldes, uz\u0146\u0113m\u0113ju un nevalstisko organiz\u0101ciju p\u0101rst\u0101vji. L\u012bdz \u0161im to vad\u012bja Valsts kancelejas direktors.<\/p>\n","protected":false},"excerpt":{"rendered":"Vi\u0146\u0161 \u0161odien ofici\u0101li s\u0101cis darbu \u0161aj\u0101 amat\u0101. Endzi\u0146\u0161 uzsv\u0113ra, ka bez birokr\u0101tijas mazin\u0101\u0161an\u0101s s\u0101kum\u0101 j\u0101pan\u0101k, lai t\u0101 nepalielin\u0101tos.&hellip;\n","protected":false},"author":2,"featured_media":62565,"comment_status":"","ping_status":"","sticky":false,"template":"","format":"standard","meta":{"footnotes":""},"categories":[12],"tags":[23,7015,28,29,32,33,22,7100,30,31,35,39,38,36,37,34,40,20,26,27,24,25,21],"class_list":{"0":"post-62564","1":"post","2":"type-post","3":"status-publish","4":"format-standard","5":"has-post-thumbnail","7":"category-latvija","8":"tag-aktualitates","9":"tag-birokratija","10":"tag-breaking-news","11":"tag-breakingnews","12":"tag-featured-news","13":"tag-featurednews","14":"tag-headlines","15":"tag-janis-endzins","16":"tag-latest-news","17":"tag-latestnews","18":"tag-latvia","19":"tag-latvian","20":"tag-latviesu","21":"tag-latviesu-valoda","22":"tag-latviesuvaloda","23":"tag-latvija","24":"tag-lv","25":"tag-news","26":"tag-popularakas-zinas","27":"tag-popularakaszinas","28":"tag-top-stories","29":"tag-topstories","30":"tag-zinas"},"share_on_mastodon":{"url":"https:\/\/pubeurope.com\/@lv\/115642993576510008","error":""},"_links":{"self":[{"href":"https:\/\/www.europesays.com\/lv\/wp-json\/wp\/v2\/posts\/62564","targetHints":{"allow":["GET"]}}],"collection":[{"href":"https:\/\/www.europesays.com\/lv\/wp-json\/wp\/v2\/posts"}],"about":[{"href":"https:\/\/www.europesays.com\/lv\/wp-json\/wp\/v2\/types\/post"}],"author":[{"embeddable":true,"href":"https:\/\/www.europesays.com\/lv\/wp-json\/wp\/v2\/users\/2"}],"replies":[{"embeddable":true,"href":"https:\/\/www.europesays.com\/lv\/wp-json\/wp\/v2\/comments?post=62564"}],"version-history":[{"count":0,"href":"https:\/\/www.europesays.com\/lv\/wp-json\/wp\/v2\/posts\/62564\/revisions"}],"wp:featuredmedia":[{"embeddable":true,"href":"https:\/\/www.europesays.com\/lv\/wp-json\/wp\/v2\/media\/62565"}],"wp:attachment":[{"href":"https:\/\/www.europesays.com\/lv\/wp-json\/wp\/v2\/media?parent=62564"}],"wp:term":[{"taxonomy":"category","embeddable":true,"href":"https:\/\/www.europesays.com\/lv\/wp-json\/wp\/v2\/categories?post=62564"},{"taxonomy":"post_tag","embeddable":true,"href":"https:\/\/www.europesays.com\/lv\/wp-json\/wp\/v2\/tags?post=62564"}],"curies":[{"name":"wp","href":"https:\/\/api.w.org\/{rel}","templated":true}]}}