{"id":6257,"date":"2025-09-27T12:41:10","date_gmt":"2025-09-27T12:41:10","guid":{"rendered":"https:\/\/www.europesays.com\/lv\/6257\/"},"modified":"2025-09-27T12:41:10","modified_gmt":"2025-09-27T12:41:10","slug":"tiesibsargs-mudina-uz-pardomatam-nelegalo-migrantu-kontrolem","status":"publish","type":"post","link":"https:\/\/www.europesays.com\/lv\/6257\/","title":{"rendered":"Ties\u012bbsargs mudina uz p\u0101rdom\u0101t\u0101m neleg\u0101lo migrantu kontrol\u0113m"},"content":{"rendered":"<p>Savuk\u0101rt attiec\u012bb\u0101 uz likum\u012bg\u0101s migr\u0101cijas ierobe\u017eo\u0161anu Ties\u012bbsarga biroj\u0101 atz\u012bm\u0113, ka pamatu iece\u013co\u0161anai un v\u012bzu, uztur\u0113\u0161an\u0101s at\u013cauju ieg\u016b\u0161anai nosaka normat\u012bvie akti. &#8220;T\u0101pat k\u0101 cit\u0101s situ\u0101cij\u0101s, Saeima, protams, var groz\u012bt normat\u012bvos aktus, ja vien tas neskar k\u0101das citas valsts saist\u012bbas,&#8221; piebilst biroj\u0101.<\/p>\n<p>Taj\u0101 skaidro, ka saska\u0146\u0101 ar Lisabonas l\u012bgumu migr\u0101cija ir ES un dal\u012bbvalstu dal\u012bt\u0101 kompetence. Tas noz\u012bm\u0113, ka ir noteikti pamati, uz kuriem Latvijai un cit\u0101m ES dal\u012bbvalst\u012bm ir pien\u0101kums pie\u0161\u0137irt personai iece\u013co\u0161anas un uztur\u0113\u0161an\u0101s ties\u012bbas, jo to nosaka ES ties\u012bbu akti vai citi starptautiskie ties\u012bbu akti.<\/p>\n<p>Vienlaikus taj\u0101s jom\u0101s, ko \u0161ie ES vai starptautiskie ties\u012bbu akti neskar, Saeima var lemt par k\u0101du ties\u012bbu samazin\u0101\u0161anu. K\u0101 piem\u0113ru Ties\u012bbsarga biroj\u0101 min, ka, rea\u0123\u0113jot uz Krievijas pilna apm\u0113ra iebrukumu Ukrain\u0101, Saeima groz\u012bja Imigr\u0101cijas likumu, nosakot, ka Krievijas un Baltkrievijas pilso\u0146iem ir ties\u012bbas piepras\u012bt uztur\u0113\u0161an\u0101s at\u013cauju tikai noteiktos gad\u012bjumos.<\/p>\n<p>Savuk\u0101rt faktiska iece\u013co\u0161anas vai uztur\u0113\u0161an\u0101s ties\u012bbu ierobe\u017eo\u0161ana bez tiesiska pamata gan nav pie\u013caujama, uzsver Ties\u012bbsarga biroj\u0101.<\/p>\n<p>K\u0101 v\u0113st\u012bts, Nacion\u0101l\u0101s apvien\u012bbas (NA) politi\u0137i ar R\u012bgas vicem\u0113ru Edvardu Ratnieku (NA) priek\u0161gal\u0101 rosin\u0101ju\u0161i pastiprin\u0101t neleg\u0101lo migrantu kontroli R\u012bg\u0101.<\/p>\n<p>Tostarp Ratnieks aicin\u0101jis r\u012bdziniekus, kuriem ir inform\u0101cija vai aizdomas par neleg\u0101lo migrantu pulc\u0113\u0161an\u0101s viet\u0101m, zi\u0146ot par t\u0101m pa\u0161vald\u012bbas policijai.<\/p>\n<p>R\u012bgas pa\u0161vald\u012bbas policijas priek\u0161nieks Juris L\u016bkass uzsv\u0113ris, ka pa\u0161vald\u012bbas policija ne\u0137erst\u012bs cilv\u0113kus uz iel\u0101m un nepras\u012bs t\u016bristiem uzr\u0101d\u012bt dokumentus. T\u0101 viet\u0101 tik\u0161ot p\u0101rbaud\u012btas vietas, kur var pulc\u0113ties neleg\u0101lie <a href=\"https:\/\/www.apollo.lv\/term\/567588\/imigranti\" class=\"topicLink\" target=\"_blank\" rel=\"nofollow noopener\">imigranti<\/a>, un p\u0101rbaud\u012btas personas, kuras Latvij\u0101 var\u0113tu uztur\u0113ties neleg\u0101li.<\/p>\n<p>Tikm\u0113r Valsts robe\u017esardzes priek\u0161nieks Guntis Puj\u0101ts iepriek\u0161 paudis, ka Ratnieks p\u0101rsp\u012bl\u0113 neleg\u0101lo migrantu izplat\u012bbas problem\u0101tiku galvaspils\u0113t\u0101.<\/p>\n<p>Lai ar\u012b \u0161ogad R\u012bg\u0101 pa\u0161vald\u012bbas policija aiztur\u0113jusi 22 neleg\u0101los migrantus, Puj\u0101ts v\u0113rsa uzman\u012bbu, ka t\u0101 ir niec\u012bga da\u013ca no migrantu daudzuma, kas aiztur\u0113ts citviet valst\u012b vai ar\u012b robe\u017esardze nav pie\u013c\u0101vusi \u0161\u0137\u0113rsot vi\u0146iem Latvijas-Baltkrievijas robe\u017eu.<\/p>\n","protected":false},"excerpt":{"rendered":"Savuk\u0101rt attiec\u012bb\u0101 uz likum\u012bg\u0101s migr\u0101cijas ierobe\u017eo\u0161anu Ties\u012bbsarga biroj\u0101 atz\u012bm\u0113, ka pamatu iece\u013co\u0161anai un v\u012bzu, uztur\u0113\u0161an\u0101s at\u013cauju ieg\u016b\u0161anai nosaka&hellip;\n","protected":false},"author":2,"featured_media":6258,"comment_status":"","ping_status":"","sticky":false,"template":"","format":"standard","meta":{"footnotes":""},"categories":[12],"tags":[23,28,29,32,33,22,1910,30,31,35,39,38,36,37,34,40,20,26,27,172,2756,139,24,25,21],"class_list":{"0":"post-6257","1":"post","2":"type-post","3":"status-publish","4":"format-standard","5":"has-post-thumbnail","7":"category-latvija","8":"tag-aktualitates","9":"tag-breaking-news","10":"tag-breakingnews","11":"tag-featured-news","12":"tag-featurednews","13":"tag-headlines","14":"tag-imigranti","15":"tag-latest-news","16":"tag-latestnews","17":"tag-latvia","18":"tag-latvian","19":"tag-latviesu","20":"tag-latviesu-valoda","21":"tag-latviesuvaloda","22":"tag-latvija","23":"tag-lv","24":"tag-news","25":"tag-popularakas-zinas","26":"tag-popularakaszinas","27":"tag-riga","28":"tag-tiesibsarga-birojs","29":"tag-tiesibsargs","30":"tag-top-stories","31":"tag-topstories","32":"tag-zinas"},"share_on_mastodon":{"url":"","error":""},"_links":{"self":[{"href":"https:\/\/www.europesays.com\/lv\/wp-json\/wp\/v2\/posts\/6257","targetHints":{"allow":["GET"]}}],"collection":[{"href":"https:\/\/www.europesays.com\/lv\/wp-json\/wp\/v2\/posts"}],"about":[{"href":"https:\/\/www.europesays.com\/lv\/wp-json\/wp\/v2\/types\/post"}],"author":[{"embeddable":true,"href":"https:\/\/www.europesays.com\/lv\/wp-json\/wp\/v2\/users\/2"}],"replies":[{"embeddable":true,"href":"https:\/\/www.europesays.com\/lv\/wp-json\/wp\/v2\/comments?post=6257"}],"version-history":[{"count":0,"href":"https:\/\/www.europesays.com\/lv\/wp-json\/wp\/v2\/posts\/6257\/revisions"}],"wp:featuredmedia":[{"embeddable":true,"href":"https:\/\/www.europesays.com\/lv\/wp-json\/wp\/v2\/media\/6258"}],"wp:attachment":[{"href":"https:\/\/www.europesays.com\/lv\/wp-json\/wp\/v2\/media?parent=6257"}],"wp:term":[{"taxonomy":"category","embeddable":true,"href":"https:\/\/www.europesays.com\/lv\/wp-json\/wp\/v2\/categories?post=6257"},{"taxonomy":"post_tag","embeddable":true,"href":"https:\/\/www.europesays.com\/lv\/wp-json\/wp\/v2\/tags?post=6257"}],"curies":[{"name":"wp","href":"https:\/\/api.w.org\/{rel}","templated":true}]}}