{"id":62575,"date":"2025-12-01T07:06:09","date_gmt":"2025-12-01T07:06:09","guid":{"rendered":"https:\/\/www.europesays.com\/lv\/62575\/"},"modified":"2025-12-01T07:06:09","modified_gmt":"2025-12-01T07:06:09","slug":"par-14-pieaugs-rigas-udens-tarifs","status":"publish","type":"post","link":"https:\/\/www.europesays.com\/lv\/62575\/","title":{"rendered":"Par 14% pieaugs &#8220;R\u012bgas \u016bdens&#8221; tarifs"},"content":{"rendered":"<p>Tarifa pieaugums par 0,33 eiro par kubikmetru esot nepiecie\u0161ams, lai atjaunotu un uztur\u0113tu \u016bdensapg\u0101des un kanaliz\u0101cijas t\u012bklus, no kuriem iev\u0113rojama da\u013ca jau p\u0101rsniegusi pl\u0101noto kalpo\u0161anas laiku, kl\u0101sta uz\u0146\u0113mums.<\/p>\n<p>No \u0161odienas \u016bdenssaimniec\u012bbas tarifs R\u012bg\u0101 noteikts 2,67 eiro par kubikmetru. To veidos maksa par \u016bdeni &#8211; 1,41 eiro par kubikmetru, un maksa par kanaliz\u0101ciju &#8211; 1,26 eiro par kubikmetru.<\/p>\n<p>Tarifa pieaugums indikat\u012bvi vienai m\u0101jsaimniec\u012bbai daudzdz\u012bvok\u013cu m\u0101j\u0101 rad\u012bs ikm\u0113ne\u0161a izdevumu pieaugumu par 2,60 eiro.<\/p>\n<p>L\u012bdz\u0161in\u0113jais R\u012bg\u0101 noteiktais \u016bdenssaimniec\u012bbas tarifs bija 2,34 eiro par kubikmetru bez pievienot\u0101s v\u0113rt\u012bbas nodok\u013ca, kuru veidoja \u016bdensapg\u0101des tarifs 1,28 eiro par kubikmetru un kanaliz\u0101cijas tarifs 1,06 eiro par kubikmetru.<\/p>\n<p>&#8220;R\u012bgas <a href=\"https:\/\/www.tvnet.lv\/term\/563845\/udens\" class=\"topicLink\" target=\"_blank\" rel=\"nofollow noopener\">\u016bdens<\/a>&#8221; apgroz\u012bjums pag\u0101ju\u0161aj\u0101 gad\u0101 bija 76,336 miljoni eiro, kas ir par 0,1% maz\u0101k nek\u0101 2023. gad\u0101. Akt\u012bvu p\u0101rv\u0113rt\u0113\u0161anas d\u0113\u013c uz\u0146\u0113mums str\u0101d\u0101ja ar zaud\u0113jumiem 18,275 miljonu eiro apm\u0113r\u0101 pretstat\u0101 pe\u013c\u0146ai 2023. gad\u0101, liecina komp\u0101nijas publiskot\u0101 inform\u0101cija.<\/p>\n<p>&#8220;R\u012bgas \u016bdens&#8221; nodro\u0161ina pils\u0113tas \u016bdensapg\u0101des pakalpojumus R\u012bg\u0101 un vair\u0101k\u0101s Pier\u012bgas teritorij\u0101s &#8211; \u0100da\u017eu, Ropa\u017eu, M\u0101rupes un \u0136ekavas novad\u0101, k\u0101 ar\u012b notek\u016bde\u0146u sav\u0101k\u0161anas un att\u012br\u012b\u0161anas pakalpojumu. Komp\u0101nijas vien\u012bg\u0101 \u012bpa\u0161niece ir R\u012bgas pa\u0161vald\u012bba.<\/p>\n","protected":false},"excerpt":{"rendered":"Tarifa pieaugums par 0,33 eiro par kubikmetru esot nepiecie\u0161ams, lai atjaunotu un uztur\u0113tu \u016bdensapg\u0101des un kanaliz\u0101cijas t\u012bklus, no&hellip;\n","protected":false},"author":2,"featured_media":62576,"comment_status":"","ping_status":"","sticky":false,"template":"","format":"standard","meta":{"footnotes":""},"categories":[5],"tags":[23,28,29,32,33,22,30,31,35,39,38,36,37,34,40,20,26,27,7339,24,25,6309,21],"class_list":{"0":"post-62575","1":"post","2":"type-post","3":"status-publish","4":"format-standard","5":"has-post-thumbnail","7":"category-aktualitates","8":"tag-aktualitates","9":"tag-breaking-news","10":"tag-breakingnews","11":"tag-featured-news","12":"tag-featurednews","13":"tag-headlines","14":"tag-latest-news","15":"tag-latestnews","16":"tag-latvia","17":"tag-latvian","18":"tag-latviesu","19":"tag-latviesu-valoda","20":"tag-latviesuvaloda","21":"tag-latvija","22":"tag-lv","23":"tag-news","24":"tag-popularakas-zinas","25":"tag-popularakaszinas","26":"tag-rigas-udens","27":"tag-top-stories","28":"tag-topstories","29":"tag-udens","30":"tag-zinas"},"share_on_mastodon":{"url":"https:\/\/pubeurope.com\/@lv\/115643048490977906","error":""},"_links":{"self":[{"href":"https:\/\/www.europesays.com\/lv\/wp-json\/wp\/v2\/posts\/62575","targetHints":{"allow":["GET"]}}],"collection":[{"href":"https:\/\/www.europesays.com\/lv\/wp-json\/wp\/v2\/posts"}],"about":[{"href":"https:\/\/www.europesays.com\/lv\/wp-json\/wp\/v2\/types\/post"}],"author":[{"embeddable":true,"href":"https:\/\/www.europesays.com\/lv\/wp-json\/wp\/v2\/users\/2"}],"replies":[{"embeddable":true,"href":"https:\/\/www.europesays.com\/lv\/wp-json\/wp\/v2\/comments?post=62575"}],"version-history":[{"count":0,"href":"https:\/\/www.europesays.com\/lv\/wp-json\/wp\/v2\/posts\/62575\/revisions"}],"wp:featuredmedia":[{"embeddable":true,"href":"https:\/\/www.europesays.com\/lv\/wp-json\/wp\/v2\/media\/62576"}],"wp:attachment":[{"href":"https:\/\/www.europesays.com\/lv\/wp-json\/wp\/v2\/media?parent=62575"}],"wp:term":[{"taxonomy":"category","embeddable":true,"href":"https:\/\/www.europesays.com\/lv\/wp-json\/wp\/v2\/categories?post=62575"},{"taxonomy":"post_tag","embeddable":true,"href":"https:\/\/www.europesays.com\/lv\/wp-json\/wp\/v2\/tags?post=62575"}],"curies":[{"name":"wp","href":"https:\/\/api.w.org\/{rel}","templated":true}]}}