{"id":62579,"date":"2025-12-01T07:12:08","date_gmt":"2025-12-01T07:12:08","guid":{"rendered":"https:\/\/www.europesays.com\/lv\/62579\/"},"modified":"2025-12-01T07:12:08","modified_gmt":"2025-12-01T07:12:08","slug":"latvijas-basketbolisti-vine-cinisies-par-pirmo-uzvaru-pasaules-kausa-kvalifikacija","status":"publish","type":"post","link":"https:\/\/www.europesays.com\/lv\/62579\/","title":{"rendered":"Latvijas basketbolisti V\u012bn\u0113 c\u012bn\u012bsies par pirmo uzvaru Pasaules kausa kvalifik\u0101cij\u0101"},"content":{"rendered":"<p>F grupas sp\u0113le V\u012bn\u0113 s\u0101ksies plkst. 21.20 p\u0113c Latvijas laika, ma\u010du tie\u0161raid\u0113 transl\u0113jot telev\u012bzijas kan\u0101lam LTV7 un &#8220;Go3 Sport 1&#8221;.<\/p>\n<p>Abas komandas kvalifik\u0101cijas ciklu s\u0101ka ar zaud\u0113jumiem. Piektdien Latvijas basketbolisti, savu p\u0113d\u0113jo ma\u010du valstsvien\u012bbas rind\u0101s aizvadot Dairim Bert\u0101nam, m\u0101j\u0101s ar 78:86 zaud\u0113ja N\u012bderlandei, bet Austrija izbraukum\u0101 ar 78:90 atzina Polijas p\u0101r\u0101kumu.<\/p>\n<p>F grupas tr\u012bs lab\u0101k\u0101s komandas, \u0146emot l\u012bdzi visu sp\u0113\u013cu rezult\u0101tus, otraj\u0101 posm\u0101 apvienosies ar E grupas (V\u0101cija, Horv\u0101tija, Izra\u0113la, Kipra) lab\u0101ko trijnieku. Tr\u012bs lab\u0101k\u0101s komandas ieg\u016bs ties\u012bbas sp\u0113l\u0113t Pasaules kausa fin\u0101lturn\u012br\u0101, kas norisin\u0101sies Katar\u0101.<\/p>\n<p>Gatavojoties sp\u0113l\u0113m, kandid\u0101tu sarakstu n\u0101c\u0101s kori\u0123\u0113t sp\u0113l\u0113t\u0101ju vesel\u012bbas st\u0101vok\u013ca d\u0113\u013c, un \u0161aj\u0101 sabraukum\u0101 valstsvien\u012bbai nevar pal\u012bdz\u0113t Oj\u0101rs Sili\u0146s un <a href=\"https:\/\/sports.tvnet.lv\/term\/763843\/karlis-silins\" class=\"topicLink\" target=\"_blank\" rel=\"nofollow noopener\">K\u0101rlis \u0160ili\u0146\u0161<\/a>. Pag\u0101ju\u0161\u0101s ned\u0113\u013cas vid\u016b komandai pievienoj\u0101s <a href=\"https:\/\/sports.tvnet.lv\/term\/756314\/anrijs-miska\" class=\"topicLink\" target=\"_blank\" rel=\"nofollow noopener\">Anrijs Mi\u0161ka<\/a> un <a href=\"https:\/\/sports.tvnet.lv\/term\/803441\/rodijs-macoha\" class=\"topicLink\" target=\"_blank\" rel=\"nofollow noopener\">Rodijs Ma\u010doha<\/a>.<\/p>\n<p>Ma\u010dam ar Austriju \u0101rpus pieteikuma paliks Mi\u0161ka, Ri\u010dards Aizpurs un Toms Skuja, bet valstsvien\u012bbas rind\u0101s karjeru nosl\u0113gu\u0161o Bert\u0101nu sast\u0101v\u0101 aizst\u0101s \u0160ili\u0146\u0161.<\/p>\n<p>Latvijas izlases galvenajam trenerim Sito Alonso izlas\u0113 pal\u012bdz treneri <a href=\"https:\/\/sports.tvnet.lv\/term\/571098\/roberts-stelmahers\" class=\"topicLink\" target=\"_blank\" rel=\"nofollow noopener\">Roberts \u0160telmahers<\/a>, Art\u016brs Visockis-Rubenis, Kaspars Vecvagars un D\u0101vis \u010coders un fizisk\u0101s sagatavot\u012bbas treneris Oskars Ern\u0161teins.<\/p>\n<p>Latvijas v\u012brie\u0161u basketbola izlases kandid\u0101ti:<\/p>\n<p>Adrians And\u017eevs, Kristaps \u0136ilps (abi &#8211; &#8220;VEF R\u012bga&#8221;), Roberts Blumbergs (Izmiras &#8220;Petkim Spor&#8221;, Turcija), Mareks Mejeris (Lielpolijas Ostruvas &#8220;Stal&#8221;, Polija), Kl\u0101vs \u010cavars (Baku &#8220;Sabah&#8221;, Azerbaid\u017e\u0101na), Rihards Loma\u017es (Klaip\u0113das &#8220;Nept\u016bnas&#8221;, Lietuva), M\u0101rcis \u0160teinbergs (Manrezas &#8220;Baxi&#8221;, Sp\u0101nija), An\u017eejs Pase\u010d\u0146iks (&#8220;Lioneers&#8221;, Taiv\u0101na), Toms Leimanis (bez kluba), Art\u016brs Kurucs (Lugo &#8220;Rio Breogan&#8221;, Sp\u0101nija), Rodijs Ma\u010doha (&#8220;R\u012bgas ze\u013c\u013ci&#8221;), K\u0101rlis \u0160ili\u0146\u0161 (&#8220;Trabzonspor&#8221;, Turcija).<\/p>\n","protected":false},"excerpt":{"rendered":"F grupas sp\u0113le V\u012bn\u0113 s\u0101ksies plkst. 21.20 p\u0113c Latvijas laika, ma\u010du tie\u0161raid\u0113 transl\u0113jot telev\u012bzijas kan\u0101lam LTV7 un &#8220;Go3&hellip;\n","protected":false},"author":2,"featured_media":62580,"comment_status":"","ping_status":"","sticky":false,"template":"","format":"standard","meta":{"footnotes":""},"categories":[5],"tags":[23,12056,28,29,4430,32,33,22,3024,30,31,35,39,38,36,37,34,15907,40,20,26,27,3737,1930,4631,24,25,21],"class_list":{"0":"post-62579","1":"post","2":"type-post","3":"status-publish","4":"format-standard","5":"has-post-thumbnail","7":"category-aktualitates","8":"tag-aktualitates","9":"tag-anrijs-miska","10":"tag-breaking-news","11":"tag-breakingnews","12":"tag-dairis-bertans","13":"tag-featured-news","14":"tag-featurednews","15":"tag-headlines","16":"tag-karlis-silins","17":"tag-latest-news","18":"tag-latestnews","19":"tag-latvia","20":"tag-latvian","21":"tag-latviesu","22":"tag-latviesu-valoda","23":"tag-latviesuvaloda","24":"tag-latvija","25":"tag-latvijas-viriesu-basketbola-izlase","26":"tag-lv","27":"tag-news","28":"tag-popularakas-zinas","29":"tag-popularakaszinas","30":"tag-roberts-stelmahers","31":"tag-rodijs-macoha","32":"tag-sito-alonso","33":"tag-top-stories","34":"tag-topstories","35":"tag-zinas"},"share_on_mastodon":{"url":"https:\/\/pubeurope.com\/@lv\/115643072105565585","error":""},"_links":{"self":[{"href":"https:\/\/www.europesays.com\/lv\/wp-json\/wp\/v2\/posts\/62579","targetHints":{"allow":["GET"]}}],"collection":[{"href":"https:\/\/www.europesays.com\/lv\/wp-json\/wp\/v2\/posts"}],"about":[{"href":"https:\/\/www.europesays.com\/lv\/wp-json\/wp\/v2\/types\/post"}],"author":[{"embeddable":true,"href":"https:\/\/www.europesays.com\/lv\/wp-json\/wp\/v2\/users\/2"}],"replies":[{"embeddable":true,"href":"https:\/\/www.europesays.com\/lv\/wp-json\/wp\/v2\/comments?post=62579"}],"version-history":[{"count":0,"href":"https:\/\/www.europesays.com\/lv\/wp-json\/wp\/v2\/posts\/62579\/revisions"}],"wp:featuredmedia":[{"embeddable":true,"href":"https:\/\/www.europesays.com\/lv\/wp-json\/wp\/v2\/media\/62580"}],"wp:attachment":[{"href":"https:\/\/www.europesays.com\/lv\/wp-json\/wp\/v2\/media?parent=62579"}],"wp:term":[{"taxonomy":"category","embeddable":true,"href":"https:\/\/www.europesays.com\/lv\/wp-json\/wp\/v2\/categories?post=62579"},{"taxonomy":"post_tag","embeddable":true,"href":"https:\/\/www.europesays.com\/lv\/wp-json\/wp\/v2\/tags?post=62579"}],"curies":[{"name":"wp","href":"https:\/\/api.w.org\/{rel}","templated":true}]}}