{"id":62595,"date":"2025-12-01T07:31:12","date_gmt":"2025-12-01T07:31:12","guid":{"rendered":"https:\/\/www.europesays.com\/lv\/62595\/"},"modified":"2025-12-01T07:31:12","modified_gmt":"2025-12-01T07:31:12","slug":"sesto-reizi-piecu-gadu-laika-arestets-aktieris-zakerijs-tajs-braiens","status":"publish","type":"post","link":"https:\/\/www.europesays.com\/lv\/62595\/","title":{"rendered":"Sesto reizi piecu gadu laik\u0101 arest\u0113ts aktieris Zakerijs Tajs Braiens"},"content":{"rendered":"<p>Arest\u0113ta un taj\u0101 pa\u0161\u0101 cietum\u0101 ievietota ar\u012b aktiera l\u012bgava D\u017eonija Feja Kartvraita. Vi\u0146ai izvirz\u012btas piecas aps\u016bdz\u012bbas, tostarp viena par brauk\u0161anu alkohola reibum\u0101, tr\u012bs par bezatbild\u012bgu apdraud\u0113jumu un viena par pirm\u0101s pak\u0101pes uzbrukuma m\u0113\u0123in\u0101jumu.<\/p>\n<p>Braiena iepriek\u0161\u0113jais arests notika janv\u0101r\u012b. Toreiz aktierim tika izvirz\u012btas aps\u016bdz\u012bbas par otr\u0101s pak\u0101pes vardarb\u012bbu \u0123imen\u0113.<\/p>\n<p>M\u0113rtlb\u012b\u010das policija Dienvidkarol\u012bn\u0101 zi\u0146ojum\u0101, kas non\u0101ca \u017eurn\u0101la \u201cPeople\u201d r\u012bc\u012bb\u0101, policists nor\u0101d\u012bja, ka sieviete, kas bija iesaist\u012bta incident\u0101, \u201capgalvoja, ka Braiens vi\u0146u piek\u0101va\u201d un ka abi \u201cdz\u012bvo kop\u0101 un vi\u0146iem ir kop\u012bgi b\u0113rni\u201d.<\/p>\n<p>Sieviete policistam st\u0101st\u012bja, ka Braiens \u201c\u017e\u0146audza vi\u0146u un vair\u0101kk\u0101rt iesita pa seju,\u201d un ka incidenta laik\u0101 m\u0101j\u0101 atrad\u0101s ar\u012b \u201cciti cilv\u0113ki.\u201d Min\u0113t\u0101 sieviete bija Kartvraita.<\/p>\n<p>2024. gad\u0101 Braiens divreiz tika arest\u0113ts par brauk\u0161anu alkohola reibum\u0101 \u2013 pirmo reizi febru\u0101r\u012b un otro reizi oktobr\u012b.<\/p>\n<p>Gadu iepriek\u0161 aktierim tika izvirz\u012btas aps\u016bdz\u012bbas par ceturt\u0101s pak\u0101pes smagu uzbrukumu, tre\u0161\u0101s pak\u0101pes laup\u012b\u0161anu un par vieglu uzm\u0101k\u0161anos.<\/p>\n<p class=\"ad-desc ad-desc-main\">Saturs turpin\u0101s p\u0113c rekl\u0101mas<\/p>\n<p class=\"ad-desc ad-desc-sec\">Rekl\u0101ma<\/p>\n<p>Vi\u0146\u0161 atzina savu vainu ceturt\u0101s pak\u0101pes uzbrukum\u0101, kas kvalific\u0113j\u0101s k\u0101 vardarb\u012bba \u0123imen\u0113, toreiz \u017eurn\u0101lam \u201cPeople\u201d sac\u012bja Leinas apgabala galvenais prokurora vietnieks Kriss Parosa.<\/p>\n<p>K\u0101 skaidroja Parosa, Braiena otr\u0101 aps\u016bdz\u012bba tika noraid\u012bta k\u0101 da\u013ca no \u201cvieno\u0161an\u0101s rezult\u0101ta\u201d. T\u0101 viet\u0101, lai vi\u0146am piespriestu 19\u201320 m\u0113ne\u0161u cietumsodu, vi\u0146am tika piem\u0113rota \u201csamazin\u0101ta soda izpilde \u2013 36 m\u0113ne\u0161i uzraudz\u012btas prob\u0101cijas, septi\u0146as dienas cietum\u0101, standarta nosac\u012bjumi vardarb\u012bbas \u0123imen\u0113 liet\u0101s, k\u0101 ar\u012b aizliegums kontakt\u0113ties ar upuri bez prob\u0101cijas uzrauga at\u013caujas.<\/p>\n<p>Braiena prob\u0101cijas termi\u0146\u0161 beigsies tikai 2026. gada oktobr\u012b, zi\u0146oja viet\u0113jais medijs KEZI.<\/p>\n<p>2020. gad\u0101 Braiens tika arest\u0113ts par iesp\u0113jamu savas toreiz\u0113j\u0101s draudzenes \u017e\u0146aug\u0161anu vi\u0146as m\u0101j\u0101 Oregon\u0101. Vi\u0146\u0161 atzina savu vainu divos p\u0101rk\u0101pumos, kas saist\u012bti ar vardarb\u012bbu \u0123imen\u0113, un vi\u0146am tika piespriesta 36 m\u0113ne\u0161u prob\u0101cija.<\/p>\n<p>2023. gad\u0101 Kartvraita pauda atbalstu Braienam, sakot, ka vi\u0146a vienm\u0113r v\u0113l\u0113sies to, kas ir vislab\u0101kais vi\u0146as b\u0113rnu t\u0113vam.<\/p>\n<p>\u201cTrauma var rad\u012bt gr\u016bt\u012bbas visda\u017e\u0101d\u0101kaj\u0101s form\u0101s. T\u0101 ir briesm\u012bga situ\u0101cija, kas tiks pasniegta da\u017e\u0101dos veidos. Es pati esmu p\u0101rliecin\u0101jusies, ka paties\u012bba nekad nesakrit\u012bs ar to, kas tiek izplat\u012bts,\u201d vi\u0146a v\u0113st\u012bja pazi\u0146ojum\u0101 \u017eurn\u0101lam \u201cUs Weekly\u201d. \u201cEs l\u016bdzu visus cien\u012bt m\u016bsu priv\u0101tumu b\u0113rnu un \u0123ime\u0146u lab\u0101, lai var\u0113tu s\u0101kties dziedin\u0101\u0161an\u0101s process.\u201d<\/p>\n<p>            <img loading=\"lazy\" decoding=\"async\" class=\"size-full wp-image-3686347 skaties-content-image\" src=\"https:\/\/www.europesays.com\/lv\/wp-content\/uploads\/2025\/12\/92ad-692d3dc6369d1-scaled.jpg\" alt=\"\" width=\"2000\" height=\"1125\"  \/><\/p>\n<p>                FOTO: PUBLICIT\u0100TES FOTO<\/p>\n<p>Braiens atveidoja Breda Teilora lomu vis\u0101s asto\u0146\u0101s seri\u0101la \u201cHome Improvement\u201d sezon\u0101s, kur vi\u0146\u0161 film\u0113j\u0101s kop\u0101 ar Timu Alenu un Patr\u012bciju Ri\u010dardsoni. Vi\u0146\u0161 piedal\u012bj\u0101s ar\u012b seri\u0101los \u201cThe Fresh Prince of Bel-Air\u201d, \u201cBoston Public\u201d, \u201cCenter of the Universe\u201d un \u201cVeronica Mars\u201d, k\u0101 ar\u012b 2006. gada film\u0101 \u201cThe Fast and the Furious: Tokyo Drift\u201d (\u0100trs un bez \u017e\u0113last\u012bbas: Tokijas sac\u012bkstes).<\/p>\n<p>2023. gad\u0101 Braiens \u017eurn\u0101lam \u201cThe Hollywood Reporter\u201d sac\u012bja, ka p\u0113c ABC seri\u0101la nosl\u0113guma 1999. gad\u0101 \u201cbija patie\u0161\u0101m \u013coti gr\u016bti\u201d atrast stabilit\u0101ti k\u0101 aktierim.<\/p>\n<p class=\"tv3-fw-500\">Zi\u0146o par k\u013c\u016bdu rakst\u0101<\/p>\n<p class=\"d-md-block d-none\">Iez\u012bm\u0113 k\u013c\u016bdaino tekstu un spied Ctrl+Enter.<\/p>\n<p class=\"d-md-none d-block\">Iez\u012bm\u0113 k\u013c\u016bdaino tekstu un zi\u0146o par to!<\/p>\n","protected":false},"excerpt":{"rendered":"Arest\u0113ta un taj\u0101 pa\u0161\u0101 cietum\u0101 ievietota ar\u012b aktiera l\u012bgava D\u017eonija Feja Kartvraita. Vi\u0146ai izvirz\u012btas piecas aps\u016bdz\u012bbas, tostarp viena&hellip;\n","protected":false},"author":2,"featured_media":62596,"comment_status":"","ping_status":"","sticky":false,"template":"","format":"standard","meta":{"footnotes":""},"categories":[19],"tags":[89,15746,90,35,39,38,36,37,34,40],"class_list":{"0":"post-62595","1":"post","2":"type-post","3":"status-publish","4":"format-standard","5":"has-post-thumbnail","7":"category-izklaide","8":"tag-entertainment","9":"tag-holivudas-aktieris","10":"tag-izklaide","11":"tag-latvia","12":"tag-latvian","13":"tag-latviesu","14":"tag-latviesu-valoda","15":"tag-latviesuvaloda","16":"tag-latvija","17":"tag-lv"},"share_on_mastodon":{"url":"https:\/\/pubeurope.com\/@lv\/115643146845491463","error":""},"_links":{"self":[{"href":"https:\/\/www.europesays.com\/lv\/wp-json\/wp\/v2\/posts\/62595","targetHints":{"allow":["GET"]}}],"collection":[{"href":"https:\/\/www.europesays.com\/lv\/wp-json\/wp\/v2\/posts"}],"about":[{"href":"https:\/\/www.europesays.com\/lv\/wp-json\/wp\/v2\/types\/post"}],"author":[{"embeddable":true,"href":"https:\/\/www.europesays.com\/lv\/wp-json\/wp\/v2\/users\/2"}],"replies":[{"embeddable":true,"href":"https:\/\/www.europesays.com\/lv\/wp-json\/wp\/v2\/comments?post=62595"}],"version-history":[{"count":0,"href":"https:\/\/www.europesays.com\/lv\/wp-json\/wp\/v2\/posts\/62595\/revisions"}],"wp:featuredmedia":[{"embeddable":true,"href":"https:\/\/www.europesays.com\/lv\/wp-json\/wp\/v2\/media\/62596"}],"wp:attachment":[{"href":"https:\/\/www.europesays.com\/lv\/wp-json\/wp\/v2\/media?parent=62595"}],"wp:term":[{"taxonomy":"category","embeddable":true,"href":"https:\/\/www.europesays.com\/lv\/wp-json\/wp\/v2\/categories?post=62595"},{"taxonomy":"post_tag","embeddable":true,"href":"https:\/\/www.europesays.com\/lv\/wp-json\/wp\/v2\/tags?post=62595"}],"curies":[{"name":"wp","href":"https:\/\/api.w.org\/{rel}","templated":true}]}}