{"id":62608,"date":"2025-12-01T07:49:08","date_gmt":"2025-12-01T07:49:08","guid":{"rendered":"https:\/\/www.europesays.com\/lv\/62608\/"},"modified":"2025-12-01T07:49:08","modified_gmt":"2025-12-01T07:49:08","slug":"kuldiga-uznem-vesturisku-makslas-filmu-wild-wild-east","status":"publish","type":"post","link":"https:\/\/www.europesays.com\/lv\/62608\/","title":{"rendered":"Kuld\u012bg\u0101 uz\u0146em v\u0113sturisku m\u0101kslas filmu &#8220;Wild Wild East&#8221;"},"content":{"rendered":"<p>Latvijas producente Alise \u0122elze p\u0101rst\u0101v studiju &#8220;White Picture&#8221; un nodro\u0161ina gan film\u0113\u0161anas norisi Latvij\u0101, gan rado\u0161\u0101s un tehnisk\u0101s komandas piesaisti.<\/p>\n<p>Filmas uz\u0146em\u0161ana Latvij\u0101 tiek \u012bstenota ar Latvijas Invest\u012bciju un att\u012bst\u012bbas a\u0123ent\u016bras un R\u012bgas filmu fonda finansi\u0101lu atbalstu.<\/p>\n<p><a href=\"https:\/\/www.apollo.lv\/term\/555713\/kuldiga\" class=\"topicLink\" target=\"_blank\" rel=\"nofollow noopener\">Kuld\u012bga<\/a> film\u0101 p\u0101rtaps par Mazo Zalesi, kas atrodas \u0123ener\u0101lgubernat\u016bras nomal\u0113. Filmas si\u017eets skat\u012bt\u0101jus aizved\u012bs uz 1943. gada Poliju &#8211; v\u0101cu okup\u0101cijas laiku. Kopum\u0101 pils\u0113t\u0101 tiks uz\u0146emts 71 kadrs, un film\u0113\u0161ana notiks vair\u0101k\u0101s viet\u0101s. Kuld\u012bgas ielas film\u0113\u0161anas laik\u0101 tiks papildin\u0101tas ar laikmet\u012bg\u0101m deta\u013c\u0101m, aizkl\u0101tas m\u016bsdienu z\u012bmes un ielu elementi, uzkl\u0101ts m\u0101ksl\u012bgais sniegs un izveidotas koka pieb\u016bves.<\/p>\n<p>\u0112ku piel\u0101go\u0161anai tiks izmantota starpk\u0101rta, un visas vizu\u0101l\u0101s izmai\u0146as notiks uz t\u0101s, nevis uz pa\u0161as fas\u0101des, t\u0101p\u0113c \u0113kas st\u0101voklis netiks skarts, tiks lietoti saudz\u012bgi pa\u0146\u0113mieni un materi\u0101li. Atsevi\u0161\u0137as pieb\u016bves netiks stiprin\u0101tas fas\u0101d\u0113s &#8211; t\u0101s balst\u012bsies uz savu svaru un iek\u0161\u0113jiem tehniskajiem risin\u0101jumiem. P\u0113c film\u0113\u0161anas viss tiks demont\u0113ts un atjaunots, saglab\u0101jot pils\u0113tas ierasto izskatu.<\/p>\n","protected":false},"excerpt":{"rendered":"Latvijas producente Alise \u0122elze p\u0101rst\u0101v studiju &#8220;White Picture&#8221; un nodro\u0161ina gan film\u0113\u0161anas norisi Latvij\u0101, gan rado\u0161\u0101s un tehnisk\u0101s&hellip;\n","protected":false},"author":2,"featured_media":62609,"comment_status":"","ping_status":"","sticky":false,"template":"","format":"standard","meta":{"footnotes":""},"categories":[19],"tags":[89,2934,90,1226,828,35,39,38,36,37,34,40],"class_list":{"0":"post-62608","1":"post","2":"type-post","3":"status-publish","4":"format-standard","5":"has-post-thumbnail","7":"category-izklaide","8":"tag-entertainment","9":"tag-filma","10":"tag-izklaide","11":"tag-kino","12":"tag-kuldiga","13":"tag-latvia","14":"tag-latvian","15":"tag-latviesu","16":"tag-latviesu-valoda","17":"tag-latviesuvaloda","18":"tag-latvija","19":"tag-lv"},"share_on_mastodon":{"url":"https:\/\/pubeurope.com\/@lv\/115643217577292767","error":""},"_links":{"self":[{"href":"https:\/\/www.europesays.com\/lv\/wp-json\/wp\/v2\/posts\/62608","targetHints":{"allow":["GET"]}}],"collection":[{"href":"https:\/\/www.europesays.com\/lv\/wp-json\/wp\/v2\/posts"}],"about":[{"href":"https:\/\/www.europesays.com\/lv\/wp-json\/wp\/v2\/types\/post"}],"author":[{"embeddable":true,"href":"https:\/\/www.europesays.com\/lv\/wp-json\/wp\/v2\/users\/2"}],"replies":[{"embeddable":true,"href":"https:\/\/www.europesays.com\/lv\/wp-json\/wp\/v2\/comments?post=62608"}],"version-history":[{"count":0,"href":"https:\/\/www.europesays.com\/lv\/wp-json\/wp\/v2\/posts\/62608\/revisions"}],"wp:featuredmedia":[{"embeddable":true,"href":"https:\/\/www.europesays.com\/lv\/wp-json\/wp\/v2\/media\/62609"}],"wp:attachment":[{"href":"https:\/\/www.europesays.com\/lv\/wp-json\/wp\/v2\/media?parent=62608"}],"wp:term":[{"taxonomy":"category","embeddable":true,"href":"https:\/\/www.europesays.com\/lv\/wp-json\/wp\/v2\/categories?post=62608"},{"taxonomy":"post_tag","embeddable":true,"href":"https:\/\/www.europesays.com\/lv\/wp-json\/wp\/v2\/tags?post=62608"}],"curies":[{"name":"wp","href":"https:\/\/api.w.org\/{rel}","templated":true}]}}