{"id":62610,"date":"2025-12-01T07:52:09","date_gmt":"2025-12-01T07:52:09","guid":{"rendered":"https:\/\/www.europesays.com\/lv\/62610\/"},"modified":"2025-12-01T07:52:09","modified_gmt":"2025-12-01T07:52:09","slug":"sveice-referenduma-noraida-klimata-nodokli-no-lieliem-mantojumiem","status":"publish","type":"post","link":"https:\/\/www.europesays.com\/lv\/62610\/","title":{"rendered":"\u0160veice referendum\u0101 noraida klimata nodokli no lieliem mantojumiem"},"content":{"rendered":"<p>Saska\u0146\u0101 ar gal\u012bgajiem balsu skait\u012b\u0161anas rezult\u0101tiem visos 26 kantonos 78% v\u0113l\u0113t\u0101ju balsoju\u0161i pret t\u0101 d\u0113v\u0113to iniciat\u012bvu n\u0101kotnei, kas aicin\u0101ja noteikt jaunu klimata nodokli lieliem mantojumiem.<\/p>\n<p>Organiz\u0101cija &#8220;Jaunie soci\u0101listi&#8221; ierosin\u0101ja aplikt ar 50% mantojuma nodokli \u012bpa\u0161umus, kuru v\u0113rt\u012bba ir vismaz 50 miljoni \u0160veices franku (53,7 miljoni eiro). Jaunie\u0161u organiz\u0101cija aicin\u0101ja izmantot \u0161os ie\u0146\u0113mumus, lai finans\u0113tu &#8220;soci\u0101li taisn\u012bgus pas\u0101kumus c\u012b\u0146ai pret klimata kr\u012bzi un nepiecie\u0161amo ekonomikas p\u0101rstruktur\u0113\u0161anu&#8221;.<\/p>\n<p>Otr\u0101 referendum\u0101 v\u0113l\u0113t\u0101ji ar p\u0101rliecino\u0161u balsu vair\u0101kumu noraid\u012bja ierosin\u0101jumu ieviest pilsonisko dienestu visiem jaunie\u0161iem. Pret \u0161o ieceri balsoja 84,2% \u0161veicie\u0161u.<\/p>\n<p>Saska\u0146\u0101 ar \u0161o priek\u0161likumu ikvienam \u0160veices pilsonim neatkar\u012bgi no dzimuma b\u016btu j\u0101dien\u0113 armij\u0101 vai civilaj\u0101 dienest\u0101.<\/p>\n<p>\u0160veices vald\u012bba un parlaments iebilda pret abiem priek\u0161likumiem, br\u012bdinot, ka tie rad\u012btu milz\u012bgas izmaksas un apdraud\u0113tu valsts ekonomiku.<\/p>\n<p>\u0160veic\u0113 \u010detras reizes gad\u0101 r\u012bko tautas nobalso\u0161anu, dodot pilso\u0146iem tie\u0161u ietekmi uz politikas veido\u0161anu.<\/p>\n","protected":false},"excerpt":{"rendered":"Saska\u0146\u0101 ar gal\u012bgajiem balsu skait\u012b\u0161anas rezult\u0101tiem visos 26 kantonos 78% v\u0113l\u0113t\u0101ju balsoju\u0161i pret t\u0101 d\u0113v\u0113to iniciat\u012bvu n\u0101kotnei, kas&hellip;\n","protected":false},"author":2,"featured_media":62611,"comment_status":"","ping_status":"","sticky":false,"template":"","format":"standard","meta":{"footnotes":""},"categories":[14],"tags":[23,57,28,29,32,33,22,15646,3761,5837,30,31,35,39,38,36,37,34,40,20,26,27,7239,24,25,54,55,56,21,58],"class_list":{"0":"post-62610","1":"post","2":"type-post","3":"status-publish","4":"format-standard","5":"has-post-thumbnail","7":"category-zinas-no-arvalstim","8":"tag-aktualitates","9":"tag-arvalstim","10":"tag-breaking-news","11":"tag-breakingnews","12":"tag-featured-news","13":"tag-featurednews","14":"tag-headlines","15":"tag-klimata-krize","16":"tag-klimata-parmainas","17":"tag-klimats","18":"tag-latest-news","19":"tag-latestnews","20":"tag-latvia","21":"tag-latvian","22":"tag-latviesu","23":"tag-latviesu-valoda","24":"tag-latviesuvaloda","25":"tag-latvija","26":"tag-lv","27":"tag-news","28":"tag-popularakas-zinas","29":"tag-popularakaszinas","30":"tag-sveice","31":"tag-top-stories","32":"tag-topstories","33":"tag-world","34":"tag-world-news","35":"tag-worldnews","36":"tag-zinas","37":"tag-zinas-no-arvalstim"},"share_on_mastodon":{"url":"https:\/\/pubeurope.com\/@lv\/115643229305184015","error":""},"_links":{"self":[{"href":"https:\/\/www.europesays.com\/lv\/wp-json\/wp\/v2\/posts\/62610","targetHints":{"allow":["GET"]}}],"collection":[{"href":"https:\/\/www.europesays.com\/lv\/wp-json\/wp\/v2\/posts"}],"about":[{"href":"https:\/\/www.europesays.com\/lv\/wp-json\/wp\/v2\/types\/post"}],"author":[{"embeddable":true,"href":"https:\/\/www.europesays.com\/lv\/wp-json\/wp\/v2\/users\/2"}],"replies":[{"embeddable":true,"href":"https:\/\/www.europesays.com\/lv\/wp-json\/wp\/v2\/comments?post=62610"}],"version-history":[{"count":0,"href":"https:\/\/www.europesays.com\/lv\/wp-json\/wp\/v2\/posts\/62610\/revisions"}],"wp:featuredmedia":[{"embeddable":true,"href":"https:\/\/www.europesays.com\/lv\/wp-json\/wp\/v2\/media\/62611"}],"wp:attachment":[{"href":"https:\/\/www.europesays.com\/lv\/wp-json\/wp\/v2\/media?parent=62610"}],"wp:term":[{"taxonomy":"category","embeddable":true,"href":"https:\/\/www.europesays.com\/lv\/wp-json\/wp\/v2\/categories?post=62610"},{"taxonomy":"post_tag","embeddable":true,"href":"https:\/\/www.europesays.com\/lv\/wp-json\/wp\/v2\/tags?post=62610"}],"curies":[{"name":"wp","href":"https:\/\/api.w.org\/{rel}","templated":true}]}}