{"id":62612,"date":"2025-12-01T07:55:09","date_gmt":"2025-12-01T07:55:09","guid":{"rendered":"https:\/\/www.europesays.com\/lv\/62612\/"},"modified":"2025-12-01T07:55:09","modified_gmt":"2025-12-01T07:55:09","slug":"varam-iztikt-bez-tam-glabejdziesmam-soctikli-izsakas-par-x-faktora-treso-tiesraidi-sejas-lv","status":"publish","type":"post","link":"https:\/\/www.europesays.com\/lv\/62612\/","title":{"rendered":"&quot;Varam iztikt bez t\u0101m gl\u0101b\u0113jdziesm\u0101m?&quot;: soct\u012bkli izsak\u0101s par &quot;X Faktora&quot; tre\u0161o tie\u0161raidi &#8211; Sejas.lv"},"content":{"rendered":"<ol>\n<li><a href=\"https:\/\/news.google.com\/rss\/articles\/CBMiswFBVV95cUxOcWctRUwtalg3V2lhcjhRb3hrem9LSHY1OWs0NVZDeWZ2UEZwSmpiaEZjcHNLWlNzUURqMGNhMDBGMlI4WmN2eHRvay1JcG01NFhVeV80cExmak5sMEJvR0pwblVpRDZ2RWVkUHA0a3VLZzc0cUticllTZjZ4TkY1dk9WZmVYUk1TMWgtSWlYQzV0aWhhcGNodUtsSnlfaTZXYVczV0g3Vk9aNWlwOXE2a2JWUQ?oc=5\" target=\"_blank\" rel=\"nofollow noopener\">&#8220;Varam iztikt bez t\u0101m gl\u0101b\u0113jdziesm\u0101m?&#8221;: soct\u012bkli izsak\u0101s par &#8220;X Faktora&#8221; tre\u0161o tie\u0161raidi<\/a>&nbsp;&nbsp;Sejas.lv<\/li>\n<li><a href=\"https:\/\/news.google.com\/rss\/articles\/CBMiugFBVV95cUxPT2xQT2hDNkFvc2p4emJkUEJiOXVBaHZmNnZLa19ndXd1MUpTOVdYZENZdF83QjJfSl9aSEhXS3pzQWNNMHIxc2dIOEd4WkVZZGNKYnhiNWd4T0xhQi04SlloRC1Cc2VjdE5KbnpCcV9LdzlYUzJjOVNPQjBHRXo2NWFoVXkwMzFPcUpZUzIwZ0hBU0FObmhPQWJRTXppS0M1ZENTT2wwVnAzTTNGdjFBUkNET3VuREJhdVE?oc=5\" target=\"_blank\" rel=\"nofollow noopener\">\u0160ovu &#8220;X Faktors&#8221; turpina pieci dal\u012bbnieki \u2013 noskaidroti pusfin\u0101listi<\/a>&nbsp;&nbsp;Delfi<\/li>\n<li><a href=\"https:\/\/news.google.com\/rss\/articles\/CBMizgFBVV95cUxONnM3MWh3UmhuSTZUUnVNRlNTaktPQ2xkZUxtX0toRlU0TU84dDFueWJ2MDFxRS1oVGtiUFM0QVhwRER4U05mWGVzbmRKdHo0Y1BaMnZfSVVoc0t5MzUtZncySHVmeFZHU2wyWFRsNmpwTkJ0Qm9aM3hzbGt5dDh1Tk1kRVZiRk9ZLVNGdFpWTEFMNFhYVWZJc3R3V1p4VXlINlNyUWNybGJmWkVDZFBMZkx1UG5OSUt4N05vX3hCLXdTMG8zZnQ4NHNVLXlfdw?oc=5\" target=\"_blank\" rel=\"nofollow noopener\">S\u0113j\u0101na r\u0101v\u0113jsl\u0113dz\u0113ji un izbalso\u0161anas rezult\u0101ti! D\u012bv\u0101nu eksperti apsprie\u017e tre\u0161o &#8220;X Faktora&#8221; tie\u0161raidi<\/a>&nbsp;&nbsp;tv3.lv<\/li>\n<li><a href=\"https:\/\/news.google.com\/rss\/articles\/CBMilwFBVV95cUxOd0xvWllJTjMtcFNoNUZYdHpPejh3TDl1dk9fcVJKZHpVT2tiajc3WnBzM3JBSzVxLWI1OE5ZUGZZdEVUR1hCYUZodnctTlIwYVcwRTFGTVBfZG40QjE0VDlZTEJCTkEwRlo5T0MybzVlQ0dHQU5tX3lmXzdEQWlkMHpBOHJnQzNmMkpzamIzRkJyMExCVEkw?oc=5\" target=\"_blank\" rel=\"nofollow noopener\">Maz\u0101k tie\u0161rai\u017eu un cita balva: kas \u0161osezon main\u012bjies \u201cX Faktor\u0101\u201d?<\/a>&nbsp;&nbsp;Sejas.lv<\/li>\n<li><a href=\"https:\/\/news.google.com\/rss\/articles\/CBMilAFBVV95cUxPUE5nbnZaMzlFak9zdVE0N1VDM3hKTlRCdE8xZUVGUy0zRi1nd3NJQjZ1Vm1Lb0lvMWdzOG1uaGdsdTd1czNQVTZXQ3pOZWNub1JXZ2NTRG9XV294bGFoWklqbnJpX2N2NHV6Qi05SVVvV0VQZGZ6M2IzRVQtNXBaTDhYQThmQWY1Q3otMzZ2RU9oNi0y?oc=5\" target=\"_blank\" rel=\"nofollow noopener\">\u0160ovu &#8220;X faktors\u201d pamet Denijs Grieze un \u201cSkvirl\u2019 Boizz\u201d<\/a>&nbsp;&nbsp;Jauns.lv<\/li>\n<\/ol>\n","protected":false},"excerpt":{"rendered":"&#8220;Varam iztikt bez t\u0101m gl\u0101b\u0113jdziesm\u0101m?&#8221;: soct\u012bkli izsak\u0101s par &#8220;X Faktora&#8221; tre\u0161o tie\u0161raidi&nbsp;&nbsp;Sejas.lv \u0160ovu &#8220;X Faktors&#8221; turpina pieci dal\u012bbnieki&hellip;\n","protected":false},"author":2,"featured_media":62613,"comment_status":"","ping_status":"","sticky":false,"template":"","format":"standard","meta":{"footnotes":""},"categories":[19],"tags":[89,90,35,39,38,36,37,34,40,1111],"class_list":{"0":"post-62612","1":"post","2":"type-post","3":"status-publish","4":"format-standard","5":"has-post-thumbnail","7":"category-izklaide","8":"tag-entertainment","9":"tag-izklaide","10":"tag-latvia","11":"tag-latvian","12":"tag-latviesu","13":"tag-latviesu-valoda","14":"tag-latviesuvaloda","15":"tag-latvija","16":"tag-lv","17":"tag-x-faktors"},"share_on_mastodon":{"url":"https:\/\/pubeurope.com\/@lv\/115643241222923491","error":""},"_links":{"self":[{"href":"https:\/\/www.europesays.com\/lv\/wp-json\/wp\/v2\/posts\/62612","targetHints":{"allow":["GET"]}}],"collection":[{"href":"https:\/\/www.europesays.com\/lv\/wp-json\/wp\/v2\/posts"}],"about":[{"href":"https:\/\/www.europesays.com\/lv\/wp-json\/wp\/v2\/types\/post"}],"author":[{"embeddable":true,"href":"https:\/\/www.europesays.com\/lv\/wp-json\/wp\/v2\/users\/2"}],"replies":[{"embeddable":true,"href":"https:\/\/www.europesays.com\/lv\/wp-json\/wp\/v2\/comments?post=62612"}],"version-history":[{"count":0,"href":"https:\/\/www.europesays.com\/lv\/wp-json\/wp\/v2\/posts\/62612\/revisions"}],"wp:featuredmedia":[{"embeddable":true,"href":"https:\/\/www.europesays.com\/lv\/wp-json\/wp\/v2\/media\/62613"}],"wp:attachment":[{"href":"https:\/\/www.europesays.com\/lv\/wp-json\/wp\/v2\/media?parent=62612"}],"wp:term":[{"taxonomy":"category","embeddable":true,"href":"https:\/\/www.europesays.com\/lv\/wp-json\/wp\/v2\/categories?post=62612"},{"taxonomy":"post_tag","embeddable":true,"href":"https:\/\/www.europesays.com\/lv\/wp-json\/wp\/v2\/tags?post=62612"}],"curies":[{"name":"wp","href":"https:\/\/api.w.org\/{rel}","templated":true}]}}