{"id":62632,"date":"2025-12-01T08:13:07","date_gmt":"2025-12-01T08:13:07","guid":{"rendered":"https:\/\/www.europesays.com\/lv\/62632\/"},"modified":"2025-12-01T08:13:07","modified_gmt":"2025-12-01T08:13:07","slug":"elita-milgrave-atkapjas-no-zelta-mikrofona-valdes-locekles-amata","status":"publish","type":"post","link":"https:\/\/www.europesays.com\/lv\/62632\/","title":{"rendered":"Elita M\u012blgr\u0101ve atk\u0101pjas no &#8220;Zelta mikrofona&#8221; valdes locekles amata"},"content":{"rendered":"<p>M\u012blgr\u0101ve turpm\u0101k b\u016bs l\u012bdz\u0101s k\u0101 biedr\u012bbas ierindas biedre. &#8220;Latvie\u0161u m\u016bzi\u0137i ir mani iedvesmoju\u0161i visus \u0161os gadus, un turpm\u0101k baud\u012b\u0161u ceremoniju k\u0101klaus\u012bt\u0101ja un skat\u012bt\u0101ja,\u201d saka M\u012blgr\u0101ve.<\/p>\n<p>Biedr\u012bbu \u201cZelta Mikrofons\u201d vada valde, kuras priek\u0161\u0113d\u0113t\u0101ja ir Patr\u012bcija Rubene.<\/p>\n<p>Laure\u0101tu noteik\u0161anu un ceremonijas organiz\u0113\u0161anu turpm\u0101k nodro\u0161in\u0101s divi partneri \u2013 t\u0101pat k\u0101 l\u012bdz \u0161im, biedr\u012bba \u201cZelta Mikrofons\u201d atbild\u0113s par nominantu un uzvar\u0113t\u0101ju noteik\u0161anu, nolikumu, \u017e\u016brijas izvirz\u012b\u0161anu un z\u012bmola att\u012bst\u012bbu, savuk\u0101rt par ceremonijas organiz\u0113\u0161anu, m\u0101ksliniecisko programmu un telev\u012bzijas tie\u0161raidi g\u0101d\u0101s producents.<\/p>\n<p>Producenta loma uztic\u0113ta Sandim Mohovikovam (SIA \u201cArt Management Group\u201d).<\/p>\n<p>&#8220;Jau vair\u0101k nek\u0101 desmit gadus str\u0101d\u0101ju ar m\u016bsu m\u016bzi\u0137iem un rado\u0161aj\u0101m komand\u0101m gan Latvij\u0101, gan aiz t\u0101s robe\u017e\u0101m, un mani dzi\u013ci savi\u013c\u0146o, ka vi\u0146i str\u0101d\u0101 ar visliel\u0101ko atdevi. T\u0101p\u0113c piekritu veidot \u201cZelta Mikrofona\u201d 30 gadu jubilejas ceremoniju. Str\u0101d\u0101t ar \u0161o trad\u012bcij\u0101m bag\u0101to z\u012bmolu ir producenta goda lieta un iesp\u0113ja pateikt paldies cilv\u0113kiem, kas rada sv\u0113tkus citiem,\u201d saka ceremonijas producents Sandis Mohovikovs.<\/p>\n<blockquote class=\"quote ck-widget\" contenteditable=\"false\">\n<p>Zin\u0101ms, ka ceremonija notiks 2026. gada 28. febru\u0101r\u012b Olimpiskaj\u0101 centr\u0101 \u201cVentspils\u201d.<\/p>\n<\/blockquote>\n<p>V\u0113l l\u012bdz 1. decembra pusnaktij m\u016bzi\u0137i, autori un producenti var iesniegt ierakstus v\u0113rt\u0113\u0161anai visos \u017eanros, bet p\u0113c tam savu darbu s\u0101ks \u017e\u016brija, lai jau janv\u0101ra s\u0101kum\u0101 \u012bpa\u0161\u0101 pas\u0101kum\u0101 var\u0113tu izzi\u0146ot nominantus.<\/p>\n<p>Ceremonij\u0101 uzst\u0101sies \u201cDAGAMBA\u201d, \u201cMusiqq\u201d, Ivo Fomins, Fi\u0146\u0137is, \u201cCarnival Youth\u201d, Normunds Rutulis, Ventspils bigbends un daudzi citi m\u0101kslinieki.<\/p>\n<p>&#8220;Zelta mikrofons&#8221; ceremonija notiek kop\u0161 1996. gada.<\/p>\n","protected":false},"excerpt":{"rendered":"M\u012blgr\u0101ve turpm\u0101k b\u016bs l\u012bdz\u0101s k\u0101 biedr\u012bbas ierindas biedre. &#8220;Latvie\u0161u m\u016bzi\u0137i ir mani iedvesmoju\u0161i visus \u0161os gadus, un turpm\u0101k&hellip;\n","protected":false},"author":2,"featured_media":62633,"comment_status":"","ping_status":"","sticky":false,"template":"","format":"standard","meta":{"footnotes":""},"categories":[19],"tags":[16472,89,90,35,39,38,36,37,34,40,103,3974],"class_list":{"0":"post-62632","1":"post","2":"type-post","3":"status-publish","4":"format-standard","5":"has-post-thumbnail","7":"category-izklaide","8":"tag-balvas","9":"tag-entertainment","10":"tag-izklaide","11":"tag-latvia","12":"tag-latvian","13":"tag-latviesu","14":"tag-latviesu-valoda","15":"tag-latviesuvaloda","16":"tag-latvija","17":"tag-lv","18":"tag-muzika","19":"tag-zelta-mikrofons"},"share_on_mastodon":{"url":"https:\/\/pubeurope.com\/@lv\/115643311983097246","error":""},"_links":{"self":[{"href":"https:\/\/www.europesays.com\/lv\/wp-json\/wp\/v2\/posts\/62632","targetHints":{"allow":["GET"]}}],"collection":[{"href":"https:\/\/www.europesays.com\/lv\/wp-json\/wp\/v2\/posts"}],"about":[{"href":"https:\/\/www.europesays.com\/lv\/wp-json\/wp\/v2\/types\/post"}],"author":[{"embeddable":true,"href":"https:\/\/www.europesays.com\/lv\/wp-json\/wp\/v2\/users\/2"}],"replies":[{"embeddable":true,"href":"https:\/\/www.europesays.com\/lv\/wp-json\/wp\/v2\/comments?post=62632"}],"version-history":[{"count":0,"href":"https:\/\/www.europesays.com\/lv\/wp-json\/wp\/v2\/posts\/62632\/revisions"}],"wp:featuredmedia":[{"embeddable":true,"href":"https:\/\/www.europesays.com\/lv\/wp-json\/wp\/v2\/media\/62633"}],"wp:attachment":[{"href":"https:\/\/www.europesays.com\/lv\/wp-json\/wp\/v2\/media?parent=62632"}],"wp:term":[{"taxonomy":"category","embeddable":true,"href":"https:\/\/www.europesays.com\/lv\/wp-json\/wp\/v2\/categories?post=62632"},{"taxonomy":"post_tag","embeddable":true,"href":"https:\/\/www.europesays.com\/lv\/wp-json\/wp\/v2\/tags?post=62632"}],"curies":[{"name":"wp","href":"https:\/\/api.w.org\/{rel}","templated":true}]}}