{"id":62662,"date":"2025-12-01T08:37:05","date_gmt":"2025-12-01T08:37:05","guid":{"rendered":"https:\/\/www.europesays.com\/lv\/62662\/"},"modified":"2025-12-01T08:37:05","modified_gmt":"2025-12-01T08:37:05","slug":"izdots-prata-vetras-si-gada-mezaparka-koncerta-ieraksts","status":"publish","type":"post","link":"https:\/\/www.europesays.com\/lv\/62662\/","title":{"rendered":"Izdots &#8220;Pr\u0101ta v\u0113tras&#8221; \u0161\u012b gada Me\u017eaparka koncerta ieraksts"},"content":{"rendered":"<p>Gada izska\u0146\u0101 grupa &#8220;<a rel=\"noopener nofollow\" target=\"_blank\" href=\"https:\/\/www.delfi.lv\/temas\/56420223\/prata-vetra-1\" tag-id=\"56420223\">Pr\u0101ta v\u0113tra<\/a>&#8221; laidusi klaj\u0101 \u0161\u012b gada vasaras &#8220;Pirm\u0101s dienas t\u016bres&#8221; koncertierakstu no Me\u017eaparka Liel\u0101s estr\u0101des. Grupa iel\u016bdz baud\u012bt 2025. gada vasaras grandiozo koncertu v\u0113l vienu reizi digit\u0101l\u0101 video form\u0101t\u0101, kas pieejams m\u0101jaslap\u0101 pratavetra.lv.<\/p>\n<p>&#8220;\u0160\u012bs vasaras t\u016bre bija viens varens ce\u013cojums! Albums &#8220;P\u016b\u0137a lieto\u0161anas instrukcija&#8221; aizp\u016bta m\u016bs negaid\u012bt\u0101 virzien\u0101 \u2013 friz\u016bras un kost\u012bmus spic\u0113j\u0101m visu vasaru, kurpes lidoja pa gaisu, latvie\u0161i dev\u0101s kosmos\u0101, droni lidoja, taures p\u016bta un p\u0101ri visam m\u016bsu pa\u0161u m\u012b\u013c\u0101k\u0101s dziesmas izskan\u0113ja Me\u017eaparka Lielaj\u0101 estr\u0101d\u0113. L\u012bdz ar pirmo sniegu iel\u016bdzam visus atgriezties m\u016bsu kop\u012bgo piedz\u012bvojumu vasar\u0101,&#8221; aicina &#8220;Pr\u0101ta v\u0113tras&#8221; komanda.<\/p>\n<p>Grupa pateicas ar\u012b visiem &#8220;Pirm\u0101s dienas t\u016bres&#8221; m\u016bzi\u0137iem, kuri k\u0101pa uz skatuves Me\u017eaparka Lielaj\u0101 estr\u0101d\u0113 \u2013 Ingaram Vi\u013cumam, Nelli Bubujancai, Uldim Beiti\u0146am, Lindai Anetei Ru\u0161eniecei, Unai Danielai Aizgalei, Paulai Saijai, K\u0101rlim Vanagam, Laurai Rozenbergai, Andrim Augstkalnam un viesm\u016bzi\u0137iem \u2013 Gustavo, Chris Noah un Emilijai. Koncertieraksta producents &#8220;Pr\u0101ta v\u0113tras ska\u0146u ierakstu komp\u0101nija&#8221; pateicas ar\u012b vair\u0101kiem simtiem cilv\u0113ku, kuri piedal\u012bj\u0101s &#8220;Pirm\u0101s dienas t\u016bres&#8221; Me\u017eaparka koncerta rad\u012b\u0161an\u0101 un organiz\u0113\u0161an\u0101.<\/p>\n<p class=\"m-0\">Seko &#8220;Delfi&#8221; ar\u012b  <a target=\"_blank\" href=\"https:\/\/www.instagram.com\/delfi.lv\/\" rel=\"nofollow noopener\">Instagram<\/a>  un <a target=\"_blank\" href=\"https:\/\/www.youtube.com\/channel\/UCw5foWtcJvAbUm64rv7jwUQ\" rel=\"nofollow noopener\">YouTube<\/a>  profil\u0101 \u2013 pievienojies, lai uzzin\u0101tu svar\u012bg\u0101ko un interesant\u0101ko pirmais!<\/p>\n<p>Publik\u0101cijas saturs vai t\u0101s jebk\u0101da apjoma da\u013ca ir aizsarg\u0101ts autorties\u012bbu objekts Autorties\u012bbu likuma izpratn\u0113, un t\u0101 izmanto\u0161ana bez izdev\u0113ja at\u013caujas ir aizliegta. Vair\u0101k lasi  <a target=\"_blank\" href=\"https:\/\/www.delfi.lv\/noteikumi#autortiesibas\" rel=\"nofollow noopener\">\u0161eit<\/a><script async src=\"\/\/www.instagram.com\/embed.js\"><\/script><\/p>\n","protected":false},"excerpt":{"rendered":"Gada izska\u0146\u0101 grupa &#8220;Pr\u0101ta v\u0113tra&#8221; laidusi klaj\u0101 \u0161\u012b gada vasaras &#8220;Pirm\u0101s dienas t\u016bres&#8221; koncertierakstu no Me\u017eaparka Liel\u0101s estr\u0101des.&hellip;\n","protected":false},"author":2,"featured_media":62663,"comment_status":"","ping_status":"","sticky":false,"template":"","format":"standard","meta":{"footnotes":""},"categories":[19],"tags":[89,90,35,39,38,36,37,34,40,192,15300],"class_list":{"0":"post-62662","1":"post","2":"type-post","3":"status-publish","4":"format-standard","5":"has-post-thumbnail","7":"category-izklaide","8":"tag-entertainment","9":"tag-izklaide","10":"tag-latvia","11":"tag-latvian","12":"tag-latviesu","13":"tag-latviesu-valoda","14":"tag-latviesuvaloda","15":"tag-latvija","16":"tag-lv","17":"tag-mezaparks","18":"tag-prata-vetra"},"share_on_mastodon":{"url":"https:\/\/pubeurope.com\/@lv\/115643406293812007","error":""},"_links":{"self":[{"href":"https:\/\/www.europesays.com\/lv\/wp-json\/wp\/v2\/posts\/62662","targetHints":{"allow":["GET"]}}],"collection":[{"href":"https:\/\/www.europesays.com\/lv\/wp-json\/wp\/v2\/posts"}],"about":[{"href":"https:\/\/www.europesays.com\/lv\/wp-json\/wp\/v2\/types\/post"}],"author":[{"embeddable":true,"href":"https:\/\/www.europesays.com\/lv\/wp-json\/wp\/v2\/users\/2"}],"replies":[{"embeddable":true,"href":"https:\/\/www.europesays.com\/lv\/wp-json\/wp\/v2\/comments?post=62662"}],"version-history":[{"count":0,"href":"https:\/\/www.europesays.com\/lv\/wp-json\/wp\/v2\/posts\/62662\/revisions"}],"wp:featuredmedia":[{"embeddable":true,"href":"https:\/\/www.europesays.com\/lv\/wp-json\/wp\/v2\/media\/62663"}],"wp:attachment":[{"href":"https:\/\/www.europesays.com\/lv\/wp-json\/wp\/v2\/media?parent=62662"}],"wp:term":[{"taxonomy":"category","embeddable":true,"href":"https:\/\/www.europesays.com\/lv\/wp-json\/wp\/v2\/categories?post=62662"},{"taxonomy":"post_tag","embeddable":true,"href":"https:\/\/www.europesays.com\/lv\/wp-json\/wp\/v2\/tags?post=62662"}],"curies":[{"name":"wp","href":"https:\/\/api.w.org\/{rel}","templated":true}]}}