{"id":62664,"date":"2025-12-01T08:39:08","date_gmt":"2025-12-01T08:39:08","guid":{"rendered":"https:\/\/www.europesays.com\/lv\/62664\/"},"modified":"2025-12-01T08:39:08","modified_gmt":"2025-12-01T08:39:08","slug":"rezeknes-sez-komercdarbibas-atbalsta-fonds-uznemumu-konkuretspejai-sogad-pieskiris-vairak-neka-92-000-eiro","status":"publish","type":"post","link":"https:\/\/www.europesays.com\/lv\/62664\/","title":{"rendered":"R\u0113zeknes SEZ Komercdarb\u012bbas atbalsta fonds uz\u0146\u0113mumu konkur\u0113tsp\u0113jai \u0161ogad pie\u0161\u0137\u012bris vair\u0101k nek\u0101 92 000 eiro"},"content":{"rendered":"<p>R\u0113zeknes SEZ Uzraudz\u012bbas padome 2025. gad\u0101 div\u0101s konkursa k\u0101rt\u0101s pie\u0146\u0113musi l\u0113mumu atbalst\u012bt kopum\u0101 12 komercsabiedr\u012bbu projektus, kuru m\u0113r\u0137is ir stiprin\u0101t uz\u0146\u0113mumu konkur\u0113tsp\u0113ju un ilgtsp\u0113ju. Projekti paredz darbinieku apm\u0101c\u012bbas, tehnolo\u0123isko iek\u0101rtu ieg\u0101di un procesu moderniz\u0101ciju, kas veicina efektivit\u0101ti, kvalit\u0101ti un uz\u0146\u0113mumu att\u012bst\u012bbu.<\/p>\n<p>Kop\u0113jais pl\u0101notais finans\u0113jums projektiem ir 379 832 eiro, no kura KAF nodro\u0161ina l\u012bdzfinans\u0113jumu 92 551 eiro.<\/p>\n<p>Pirmaj\u0101 konkursa k\u0101rt\u0101, kas nosl\u0113dz\u0101s 2025. gada j\u016blij\u0101, tika apstiprin\u0101ti pieci projekti ar kop\u0113jo finans\u0113jumu 106 372 eiro, no kura KAF l\u012bdzfinans\u0113jums bija 52 393 eiro. Pirmaj\u0101 k\u0101rt\u0101 atbalst\u012bti projekti, kas paredz elektroener\u0123ijas pat\u0113ri\u0146a samazin\u0101\u0161anu, tauvu ra\u017eo\u0161anas procesu moderniz\u0101ciju, ra\u017eo\u0161anas pamatl\u012bdzek\u013cu ieg\u0101di konkur\u0113tsp\u0113jas stiprin\u0101\u0161anai, darba vides ergonomikas uzlabo\u0161anu, k\u0101 ar\u012b z\u012bmola vizu\u0101l\u0101s identit\u0101tes att\u012bst\u012bbu. Projektu \u012bsteno\u0161ana turpin\u0101sies l\u012bdz 2026. gada 30. apr\u012blim.<\/p>\n<p>Savuk\u0101rt otraj\u0101 k\u0101rt\u0101, kas nosl\u0113dz\u0101s novembr\u012b, atbalstu sa\u0146\u0113ma septi\u0146i projekti ar kop\u0113jo finans\u0113jumu 273 460 eiro, no kura KAF l\u012bdzfinans\u0113jums ir 40 157 eiro. \u0160aj\u0101 posm\u0101 uz\u0146\u0113mumi pl\u0101no ieg\u0101d\u0101ties modernas ra\u017eo\u0161anas un apstr\u0101des iek\u0101rtas, tostarp autom\u0101tiskas kabe\u013cu apstr\u0101des iek\u0101rtas, piespiedu konvekcijas \u017e\u0101v\u0113\u0161anas skapjus, betona mais\u012b\u0161anas iek\u0101rtas, k\u0101 ar\u012b datortehniku mobilo lietot\u0146u izstr\u0101dei, laboratorijas datu apstr\u0101dei, k\u0101 ar\u012b moderniz\u0113t \u0161\u016b\u0161anas procesus. T\u0101pat tiks \u012bstenotas apm\u0101c\u012bbas &#8211; b\u012bstamo kravu p\u0101rvad\u0101\u0161anas kursi. Otr\u0101s k\u0101rtas projekti turpin\u0101sies l\u012bdz 2026. gada 30. novembrim.<\/p>\n<p>R\u0113zeknes SEZ KAF ir dibin\u0101ts, pamatojoties uz SEZ likumu, un t\u0101 m\u0113r\u0137is ir veicin\u0101t uz\u0146\u0113mumu komercdarb\u012bbu un infrastrukt\u016bras att\u012bst\u012bbu SEZ teritorij\u0101. Katru gadu SEZ p\u0101rvalde organiz\u0113 projektu konkursus, sniedzot papildu atbalstu uz\u0146\u0113m\u0113jiem.<\/p>\n<p>&#8220;Lai ar\u012b finans\u0113jums, ko iesp\u0113jams sa\u0146emt \u0161ajos projektos, nav liels, tas var k\u013c\u016bt par noz\u012bm\u012bgu soli uz\u0146\u0113muma att\u012bst\u012bb\u0101. R\u0113zeknes SEZ sniegtais papildu atbalsts pal\u012bdz uz\u0146\u0113mumiem ne tikai moderniz\u0113t un automatiz\u0113t ra\u017eo\u0161anas procesus, bet ar\u012b ieguld\u012bt darbinieku apm\u0101c\u012bb\u0101s, kas ir b\u016btisks priek\u0161nosac\u012bjums ilgtsp\u0113j\u012bgai izaugsmei un konkur\u0113tsp\u0113jas stiprin\u0101\u0161anai gan viet\u0113j\u0101, gan starptautisk\u0101 tirg\u016b,&#8221; koment\u0113 SEZ p\u0101rvaldniece Maija Meir\u0101ne.<\/p>\n","protected":false},"excerpt":{"rendered":"R\u0113zeknes SEZ Uzraudz\u012bbas padome 2025. gad\u0101 div\u0101s konkursa k\u0101rt\u0101s pie\u0146\u0113musi l\u0113mumu atbalst\u012bt kopum\u0101 12 komercsabiedr\u012bbu projektus, kuru m\u0113r\u0137is&hellip;\n","protected":false},"author":2,"featured_media":62665,"comment_status":"","ping_status":"","sticky":false,"template":"","format":"standard","meta":{"footnotes":""},"categories":[16],"tags":[77,76,35,39,38,36,37,34,40,167,12339],"class_list":{"0":"post-62664","1":"post","2":"type-post","3":"status-publish","4":"format-standard","5":"has-post-thumbnail","7":"category-bizness","8":"tag-bizness","9":"tag-business","10":"tag-latvia","11":"tag-latvian","12":"tag-latviesu","13":"tag-latviesu-valoda","14":"tag-latviesuvaloda","15":"tag-latvija","16":"tag-lv","17":"tag-rezekne","18":"tag-rezeknes-novads"},"share_on_mastodon":{"url":"https:\/\/pubeurope.com\/@lv\/115643414166233804","error":""},"_links":{"self":[{"href":"https:\/\/www.europesays.com\/lv\/wp-json\/wp\/v2\/posts\/62664","targetHints":{"allow":["GET"]}}],"collection":[{"href":"https:\/\/www.europesays.com\/lv\/wp-json\/wp\/v2\/posts"}],"about":[{"href":"https:\/\/www.europesays.com\/lv\/wp-json\/wp\/v2\/types\/post"}],"author":[{"embeddable":true,"href":"https:\/\/www.europesays.com\/lv\/wp-json\/wp\/v2\/users\/2"}],"replies":[{"embeddable":true,"href":"https:\/\/www.europesays.com\/lv\/wp-json\/wp\/v2\/comments?post=62664"}],"version-history":[{"count":0,"href":"https:\/\/www.europesays.com\/lv\/wp-json\/wp\/v2\/posts\/62664\/revisions"}],"wp:featuredmedia":[{"embeddable":true,"href":"https:\/\/www.europesays.com\/lv\/wp-json\/wp\/v2\/media\/62665"}],"wp:attachment":[{"href":"https:\/\/www.europesays.com\/lv\/wp-json\/wp\/v2\/media?parent=62664"}],"wp:term":[{"taxonomy":"category","embeddable":true,"href":"https:\/\/www.europesays.com\/lv\/wp-json\/wp\/v2\/categories?post=62664"},{"taxonomy":"post_tag","embeddable":true,"href":"https:\/\/www.europesays.com\/lv\/wp-json\/wp\/v2\/tags?post=62664"}],"curies":[{"name":"wp","href":"https:\/\/api.w.org\/{rel}","templated":true}]}}