{"id":62688,"date":"2025-12-01T09:07:14","date_gmt":"2025-12-01T09:07:14","guid":{"rendered":"https:\/\/www.europesays.com\/lv\/62688\/"},"modified":"2025-12-01T09:07:14","modified_gmt":"2025-12-01T09:07:14","slug":"sedokova-meginaja-apmulkot-jani-ar-tipisku-banditu-shemu-lente-lv","status":"publish","type":"post","link":"https:\/\/www.europesays.com\/lv\/62688\/","title":{"rendered":"Sedokova m\u0113\u0123in\u0101ja apmu\u013c\u0137ot J\u0101ni ar &#8220;tipisku band\u012btu sh\u0113mu&#8221;\u00a0\u2014\u00a0Lente.lv"},"content":{"rendered":"<p>Advok\u0101tes atkl\u0101jumi par aizskartaj\u0101m ties\u012bb\u0101m<\/p>\n<p>Timmas \u0123imenes advok\u0101te ir publiskojusi inform\u0101ciju, kas liecina par iesp\u0113jamu maldin\u0101\u0161anu un aizskart\u0101m ties\u012bb\u0101m saist\u012bb\u0101 ar basketbolista J\u0101\u0146a Timmas mantojumu. \u0160ie atkl\u0101jumi radu\u0161ies p\u0113c tra\u0123isk\u0101 sportista n\u0101ves, kur\u0161 p\u0113rn\u0101 gada decembr\u012b Maskav\u0101 nosl\u0113dza savu dz\u012bves ce\u013cu. Timma, kur\u0161 tiek raksturots k\u0101 viens no talant\u012bg\u0101kajiem savas paaudzes basketbolistiem un patiesi labsird\u012bgs cilv\u0113ks, atst\u0101jis aiz sevis ne tikai sportiskos sasniegumus, bet ar\u012b sare\u017e\u0123\u012btu mantojuma jaut\u0101jumu.<\/p>\n<p>Advok\u0101te nor\u0101da uz sh\u0113m\u0101m, ko raksturo k\u0101 tipiskas band\u012btu metodes, un apgalvo, ka m\u016bzi\u0137e Anna Sedokova, visticam\u0101k, ir m\u0113\u0123in\u0101jusi apmu\u013c\u0137ot J\u0101ni Timmu. \u0160ie apgalvojumi balst\u012bti uz juridiskajiem procesiem un dokumentiem, kas ir saist\u012bti ar Timmas \u012bpa\u0161umu un finansi\u0101laj\u0101m liet\u0101m. Advok\u0101tes ieskat\u0101, situ\u0101cija ir k\u013cuvusi \u0101rk\u0101rt\u012bgi sare\u017e\u0123\u012bta, radot nopietnas ba\u017eas par Timmas \u0123imenes un vi\u0146a mantinieku ties\u012bb\u0101m.<\/p>\n<p>Aps\u016bdz\u012bbas par maldin\u0101\u0161anu un netaisn\u012bbu<\/p>\n<p>Saska\u0146\u0101 ar advok\u0101tes teikto, Sedokovas r\u012bc\u012bba tiek uzskat\u012bta par m\u0113\u0123in\u0101jumu prettiesiski ieg\u016bt kontroli p\u0101r Timmas \u012bpa\u0161umu. Vi\u0146a pie\u013cauj, ka \u0161\u0101da r\u012bc\u012bba var\u0113tu b\u016bt v\u0113rsta uz finansi\u0101lu labumu g\u016b\u0161anu, izmantojot trauslo situ\u0101ciju p\u0113c sportista n\u0101ves. Advok\u0101te uzsver, ka \u0161\u0101das metodes, kas l\u012bdzin\u0101s noziedz\u012bgai sh\u0113mai, ir piln\u012bgi nepie\u0146emamas, \u012bpa\u0161i, ja t\u0101s v\u0113rstas pret miru\u0161a cilv\u0113ka mantiniekiem.<\/p>\n<p>\u0160\u012b situ\u0101cija ir rad\u012bjusi milz\u012bgu emocion\u0101lo spriedzi Timmas \u0123imen\u0113 un vi\u0146a tuvinieku vid\u016b. Lai gan J\u0101nis Timma tika uzskat\u012bts par spo\u017eu zvaigzni gan laukum\u0101, gan dz\u012bv\u0113, \u0161\u0137iet, ka p\u0113c vi\u0146a aizie\u0161anas ir s\u0101cies nepat\u012bkams un s\u0101p\u012bgs posms, kas saist\u012bts ar mantojuma sadali un iesp\u0113jamu netaisn\u012bbu. Advok\u0101tes publiskotie fakti liek aizdom\u0101ties par to, cik viegli var tikt manipul\u0113ts un apkr\u0101pts, \u012bpa\u0161i, ja pret\u0113j\u0101 pus\u0113 ir cilv\u0113ki ar ne visai god\u012bgiem nodomiem.<\/p>\n<p>Juridisk\u0101s c\u012b\u0146as un n\u0101kotnes perspekt\u012bvas<\/p>\n<p>Advok\u0101te ir ap\u0146\u0113m\u012bbas pilna aizst\u0101v\u0113t Timmas \u0123imenes ties\u012bbas un pan\u0101kt taisn\u012bgu risin\u0101jumu. Vi\u0146a gatavo nepiecie\u0161amos juridiskos dokumentus un pl\u0101no iesniegt pras\u012bbu ties\u0101, lai pan\u0101ktu paties\u012bbas atkl\u0101\u0161anu un atjaunotu tiesiskumu. \u0160is process var\u0113tu b\u016bt ilgs un sare\u017e\u0123\u012bts, ta\u010du advok\u0101te ir p\u0101rliecin\u0101ta, ka tiesisk\u0101s sist\u0113mas ietvaros izdosies pier\u0101d\u012bt Sedokovas nelikum\u012bgo r\u012bc\u012bbu.<\/p>\n<p>\u0160\u012b lieta ir ne tikai par mantojumu, bet ar\u012b par principiem un god\u012bgumu. T\u0101 atg\u0101dina, ka pat slaven\u012bbu vid\u016b var sl\u0113pties cilv\u0113ki, kuri gatavi spert uz citu nelaimi, lai sasniegtu savus m\u0113r\u0137us. Cerams, ka tiesa pie\u0146ems taisn\u012bgu l\u0113mumu un Timmas \u0123imene sa\u0146ems to, kas tai pien\u0101kas p\u0113c likuma un mor\u0101les principiem. Sabiedr\u012bba ar interesi gaida turpm\u0101kos notikumus \u0161aj\u0101 skumjaj\u0101, bet taj pa\u0161a laik\u0101 \u013coti svar\u012bgaj\u0101 st\u0101st\u0101.<\/p>\n","protected":false},"excerpt":{"rendered":"Advok\u0101tes atkl\u0101jumi par aizskartaj\u0101m ties\u012bb\u0101m Timmas \u0123imenes advok\u0101te ir publiskojusi inform\u0101ciju, kas liecina par iesp\u0113jamu maldin\u0101\u0161anu un aizskart\u0101m&hellip;\n","protected":false},"author":2,"featured_media":62689,"comment_status":"","ping_status":"","sticky":false,"template":"","format":"standard","meta":{"footnotes":""},"categories":[19],"tags":[16487,1155,89,90,6622,16488,35,39,38,36,37,34,40,16486],"class_list":{"0":"post-62688","1":"post","2":"type-post","3":"status-publish","4":"format-standard","5":"has-post-thumbnail","7":"category-izklaide","8":"tag-advokates-atklajumi","9":"tag-anna-sedokova","10":"tag-entertainment","11":"tag-izklaide","12":"tag-janis-timma","13":"tag-juridiskie-procesi","14":"tag-latvia","15":"tag-latvian","16":"tag-latviesu","17":"tag-latviesu-valoda","18":"tag-latviesuvaloda","19":"tag-latvija","20":"tag-lv","21":"tag-mantojuma-lietas"},"share_on_mastodon":{"url":"https:\/\/pubeurope.com\/@lv\/115643524252660860","error":""},"_links":{"self":[{"href":"https:\/\/www.europesays.com\/lv\/wp-json\/wp\/v2\/posts\/62688","targetHints":{"allow":["GET"]}}],"collection":[{"href":"https:\/\/www.europesays.com\/lv\/wp-json\/wp\/v2\/posts"}],"about":[{"href":"https:\/\/www.europesays.com\/lv\/wp-json\/wp\/v2\/types\/post"}],"author":[{"embeddable":true,"href":"https:\/\/www.europesays.com\/lv\/wp-json\/wp\/v2\/users\/2"}],"replies":[{"embeddable":true,"href":"https:\/\/www.europesays.com\/lv\/wp-json\/wp\/v2\/comments?post=62688"}],"version-history":[{"count":0,"href":"https:\/\/www.europesays.com\/lv\/wp-json\/wp\/v2\/posts\/62688\/revisions"}],"wp:featuredmedia":[{"embeddable":true,"href":"https:\/\/www.europesays.com\/lv\/wp-json\/wp\/v2\/media\/62689"}],"wp:attachment":[{"href":"https:\/\/www.europesays.com\/lv\/wp-json\/wp\/v2\/media?parent=62688"}],"wp:term":[{"taxonomy":"category","embeddable":true,"href":"https:\/\/www.europesays.com\/lv\/wp-json\/wp\/v2\/categories?post=62688"},{"taxonomy":"post_tag","embeddable":true,"href":"https:\/\/www.europesays.com\/lv\/wp-json\/wp\/v2\/tags?post=62688"}],"curies":[{"name":"wp","href":"https:\/\/api.w.org\/{rel}","templated":true}]}}