{"id":62700,"date":"2025-12-01T09:30:11","date_gmt":"2025-12-01T09:30:11","guid":{"rendered":"https:\/\/www.europesays.com\/lv\/62700\/"},"modified":"2025-12-01T09:30:11","modified_gmt":"2025-12-01T09:30:11","slug":"asv-un-ukrainas-sarunas-galvenais-temats-bija-faktiska-robeza-apgalvo-medijs","status":"publish","type":"post","link":"https:\/\/www.europesays.com\/lv\/62700\/","title":{"rendered":"ASV un Ukrainas sarun\u0101s galvenais temats bija faktisk\u0101 robe\u017ea, apgalvo medijs"},"content":{"rendered":"<p>Piecas stundas ilgu\u0161o san\u0101ksmi Florid\u0101 vi\u0146i raksturoja k\u0101 sare\u017e\u0123\u012btu un saspringtu, ta\u010du produkt\u012bvu.<\/p>\n<p>Krievijas diktators Vladimirs Putins, kam otrdien paredz\u0113ta tik\u0161an\u0101s ar <a href=\"https:\/\/www.tvnet.lv\/term\/555410\/asv\" class=\"topicLink\" target=\"_blank\" rel=\"nofollow noopener\">ASV<\/a> prezidenta Donalda Trampa s\u016btni St\u012bvu Vitkofu, uzst\u0101j, ka Krievija neapst\u0101sies, kam\u0113r nep\u0101r\u0146ems kontroli p\u0101r visu Donbasu, atg\u0101dina &#8220;Axios&#8221;.<\/p>\n<p>K\u0101 zi\u0146o &#8220;Axios&#8221;, ASV v\u0113las pan\u0101kt, lai <a href=\"https:\/\/www.tvnet.lv\/term\/8497\/ukraina\" class=\"topicLink\" target=\"_blank\" rel=\"nofollow noopener\">Ukraina<\/a> atdod \u0161\u012bs teritorijas un t\u0101d\u0113j\u0101di p\u0101rliecin\u0101tu Putinu nosl\u0113gt mieru, ta\u010du Kijivai t\u0101 b\u016btu &#8220;s\u0101p\u012bga un politiski spr\u0101dzienb\u012bstama piek\u0101p\u0161an\u0101s&#8221;.<\/p>\n<p>K\u0101 v\u0113sta izdevums, p\u0113c stundu ieilgu\u0161\u0101m sarun\u0101m tik\u0161an\u0101s turpin\u0101j\u0101s ar trim p\u0101rst\u0101vjiem no katras puses.<\/p>\n<blockquote class=\"quote ck-widget\" contenteditable=\"false\">\n<p>Saska\u0146\u0101 ar divu Ukrainas avotu sniegto inform\u0101ciju teritori\u0101l\u0101s kontroles l\u012bnija bija praktiski vien\u012bgais apspriestais jaut\u0101jums.<\/p>\n<\/blockquote>\n<p>No ASV puses piedal\u012bj\u0101s Vitkofs, valsts sekret\u0101rs Marko Rubio, k\u0101 ar\u012b Trampa padomnieks un znots D\u017eareds Ku\u0161ners. Ukrainas pusi p\u0101rst\u0101v\u0113ja Nacion\u0101l\u0101s dro\u0161\u012bbas un aizsardz\u012bbas padomes vad\u012bt\u0101js Rustems Umerovs, Bru\u0146oto sp\u0113ku \u0123ener\u0101l\u0161t\u0101ba priek\u0161nieks Andrijs Hnatovs un milit\u0101r\u0101 izl\u016bkdienesta vad\u012bt\u0101ja vietnieks Vadims Skibickis. P\u0113c tam Umerovs v\u0113lreiz tik\u0101s viens pret vienu ar Vitkofu un piezvan\u012bja Ukrainas prezidentam Volodimiram Zelenskim, lai inform\u0113tu vi\u0146u par sarunu gaitu.<\/p>\n","protected":false},"excerpt":{"rendered":"Piecas stundas ilgu\u0161o san\u0101ksmi Florid\u0101 vi\u0146i raksturoja k\u0101 sare\u017e\u0123\u012btu un saspringtu, ta\u010du produkt\u012bvu. Krievijas diktators Vladimirs Putins, kam&hellip;\n","protected":false},"author":2,"featured_media":62701,"comment_status":"","ping_status":"","sticky":false,"template":"","format":"standard","meta":{"footnotes":""},"categories":[5],"tags":[23,292,28,29,32,33,22,74,30,31,35,39,38,36,37,34,40,20,26,27,24,25,276,21],"class_list":{"0":"post-62700","1":"post","2":"type-post","3":"status-publish","4":"format-standard","5":"has-post-thumbnail","7":"category-aktualitates","8":"tag-aktualitates","9":"tag-asv","10":"tag-breaking-news","11":"tag-breakingnews","12":"tag-featured-news","13":"tag-featurednews","14":"tag-headlines","15":"tag-krievijas-iebrukums-ukraina","16":"tag-latest-news","17":"tag-latestnews","18":"tag-latvia","19":"tag-latvian","20":"tag-latviesu","21":"tag-latviesu-valoda","22":"tag-latviesuvaloda","23":"tag-latvija","24":"tag-lv","25":"tag-news","26":"tag-popularakas-zinas","27":"tag-popularakaszinas","28":"tag-top-stories","29":"tag-topstories","30":"tag-ukraina","31":"tag-zinas"},"share_on_mastodon":{"url":"https:\/\/pubeurope.com\/@lv\/115643614788576098","error":""},"_links":{"self":[{"href":"https:\/\/www.europesays.com\/lv\/wp-json\/wp\/v2\/posts\/62700","targetHints":{"allow":["GET"]}}],"collection":[{"href":"https:\/\/www.europesays.com\/lv\/wp-json\/wp\/v2\/posts"}],"about":[{"href":"https:\/\/www.europesays.com\/lv\/wp-json\/wp\/v2\/types\/post"}],"author":[{"embeddable":true,"href":"https:\/\/www.europesays.com\/lv\/wp-json\/wp\/v2\/users\/2"}],"replies":[{"embeddable":true,"href":"https:\/\/www.europesays.com\/lv\/wp-json\/wp\/v2\/comments?post=62700"}],"version-history":[{"count":0,"href":"https:\/\/www.europesays.com\/lv\/wp-json\/wp\/v2\/posts\/62700\/revisions"}],"wp:featuredmedia":[{"embeddable":true,"href":"https:\/\/www.europesays.com\/lv\/wp-json\/wp\/v2\/media\/62701"}],"wp:attachment":[{"href":"https:\/\/www.europesays.com\/lv\/wp-json\/wp\/v2\/media?parent=62700"}],"wp:term":[{"taxonomy":"category","embeddable":true,"href":"https:\/\/www.europesays.com\/lv\/wp-json\/wp\/v2\/categories?post=62700"},{"taxonomy":"post_tag","embeddable":true,"href":"https:\/\/www.europesays.com\/lv\/wp-json\/wp\/v2\/tags?post=62700"}],"curies":[{"name":"wp","href":"https:\/\/api.w.org\/{rel}","templated":true}]}}