{"id":62724,"date":"2025-12-01T10:00:07","date_gmt":"2025-12-01T10:00:07","guid":{"rendered":"https:\/\/www.europesays.com\/lv\/62724\/"},"modified":"2025-12-01T10:00:07","modified_gmt":"2025-12-01T10:00:07","slug":"ugunsgreka-jekabpili-gajis-boja-cilveks-papildinats-ar-policijas-informaciju-jekabpils-laiks-jekabpils-zinas","status":"publish","type":"post","link":"https:\/\/www.europesays.com\/lv\/62724\/","title":{"rendered":"Ugunsgr\u0113k\u0101 J\u0113kabpil\u012b g\u0101jis boj\u0101 cilv\u0113ks (papildin\u0101ts ar policijas inform\u0101ciju) \/ J\u0113kabpils Laiks: J\u0113kabpils zi\u0146as"},"content":{"rendered":"<p>J\u0113kabpil\u012b nakt\u012b uz sestdienu, 29. novembri, ugunsgr\u0113k\u0101 g\u0101jis boj\u0101 cilv\u0113ks. Vienst\u0101va dz\u012bvojam\u0101 m\u0101j\u0101 dega sadz\u012bves mantas un starpst\u0101vu p\u0101rsegums. Pirms ugunsdz\u0113s\u0113ju iera\u0161an\u0101s izgl\u0101bts viens cilv\u0113ks, kur\u0161 notikum\u0101 cieta, bet no pied\u016bmotaj\u0101m telp\u0101m ugunsdz\u0113s\u0113ji iznesa v\u0113l vienu cilv\u0113ku. Medi\u0137i konstat\u0113ja vi\u0146a n\u0101vi. Valsts policij\u0101 inform\u0113, ka boj\u0101g\u0101ju\u0161ais ir 1958. gad\u0101 dzimis v\u012brietis. Valsts policija uzs\u0101kusi krimin\u0101lprocesu un skaidro notiku\u0161\u0101 apst\u0101k\u013cus.<\/p>\n<p>Taj\u0101 pa\u0161\u0101 nakt\u012b J\u0113kabpil\u012b izc\u0113l\u0101s ugunsgr\u0113ks vienst\u0101va dz\u012bvojam\u0101 m\u0101j\u0101 Rai\u0146a iel\u0101. Dega pirmais st\u0101vs, mansarda st\u0101vs un jumts. Pirms gl\u0101b\u0113ju iera\u0161an\u0101s no \u0113kas evaku\u0113j\u0101s tr\u012bs cilv\u0113ki. Ugunsgr\u0113ks tika likvid\u0113ts aptuveni piecu stundu laik\u0101.<\/p>\n","protected":false},"excerpt":{"rendered":"J\u0113kabpil\u012b nakt\u012b uz sestdienu, 29. novembri, ugunsgr\u0113k\u0101 g\u0101jis boj\u0101 cilv\u0113ks. Vienst\u0101va dz\u012bvojam\u0101 m\u0101j\u0101 dega sadz\u012bves mantas un starpst\u0101vu&hellip;\n","protected":false},"author":2,"featured_media":62725,"comment_status":"","ping_status":"","sticky":false,"template":"","format":"standard","meta":{"footnotes":""},"categories":[5],"tags":[23,28,29,32,33,22,987,986,30,31,35,39,38,36,37,34,40,20,26,27,24,25,21],"class_list":{"0":"post-62724","1":"post","2":"type-post","3":"status-publish","4":"format-standard","5":"has-post-thumbnail","7":"category-aktualitates","8":"tag-aktualitates","9":"tag-breaking-news","10":"tag-breakingnews","11":"tag-featured-news","12":"tag-featurednews","13":"tag-headlines","14":"tag-jekabpils-zinas","15":"tag-jekabpilslaiks","16":"tag-latest-news","17":"tag-latestnews","18":"tag-latvia","19":"tag-latvian","20":"tag-latviesu","21":"tag-latviesu-valoda","22":"tag-latviesuvaloda","23":"tag-latvija","24":"tag-lv","25":"tag-news","26":"tag-popularakas-zinas","27":"tag-popularakaszinas","28":"tag-top-stories","29":"tag-topstories","30":"tag-zinas"},"share_on_mastodon":{"url":"https:\/\/pubeurope.com\/@lv\/115643732708541812","error":""},"_links":{"self":[{"href":"https:\/\/www.europesays.com\/lv\/wp-json\/wp\/v2\/posts\/62724","targetHints":{"allow":["GET"]}}],"collection":[{"href":"https:\/\/www.europesays.com\/lv\/wp-json\/wp\/v2\/posts"}],"about":[{"href":"https:\/\/www.europesays.com\/lv\/wp-json\/wp\/v2\/types\/post"}],"author":[{"embeddable":true,"href":"https:\/\/www.europesays.com\/lv\/wp-json\/wp\/v2\/users\/2"}],"replies":[{"embeddable":true,"href":"https:\/\/www.europesays.com\/lv\/wp-json\/wp\/v2\/comments?post=62724"}],"version-history":[{"count":0,"href":"https:\/\/www.europesays.com\/lv\/wp-json\/wp\/v2\/posts\/62724\/revisions"}],"wp:featuredmedia":[{"embeddable":true,"href":"https:\/\/www.europesays.com\/lv\/wp-json\/wp\/v2\/media\/62725"}],"wp:attachment":[{"href":"https:\/\/www.europesays.com\/lv\/wp-json\/wp\/v2\/media?parent=62724"}],"wp:term":[{"taxonomy":"category","embeddable":true,"href":"https:\/\/www.europesays.com\/lv\/wp-json\/wp\/v2\/categories?post=62724"},{"taxonomy":"post_tag","embeddable":true,"href":"https:\/\/www.europesays.com\/lv\/wp-json\/wp\/v2\/tags?post=62724"}],"curies":[{"name":"wp","href":"https:\/\/api.w.org\/{rel}","templated":true}]}}