{"id":62726,"date":"2025-12-01T10:01:08","date_gmt":"2025-12-01T10:01:08","guid":{"rendered":"https:\/\/www.europesays.com\/lv\/62726\/"},"modified":"2025-12-01T10:01:08","modified_gmt":"2025-12-01T10:01:08","slug":"2025-gads-pieskande-ar-bernu-calam-lente-lv","status":"publish","type":"post","link":"https:\/\/www.europesays.com\/lv\/62726\/","title":{"rendered":"2025. gads pieskand\u0113 ar b\u0113rnu \u010dal\u0101m\u00a0\u2014\u00a0Lente.lv"},"content":{"rendered":"<p>Priec\u012bgi jaunumi slaven\u012bbu pasaul\u0113<\/p>\n<p>Gads 2025 ir nesis \u012bpa\u0161u prieku daudz\u0101m pasaul\u0113 zin\u0101m\u0101m person\u0101m, jo vi\u0146u \u0123imenes ir kuplo\u0161as. Gan tie, kuriem \u0161\u012b ir pirm\u0101 reize k\u013c\u016bt par vec\u0101kiem, gan tie, kuri jau labi p\u0101rzina b\u0113rnu audzin\u0101\u0161anas priekus un izaicin\u0101jumus, ir dal\u012bju\u0161ies sav\u0101 laim\u0113 ar faniem. \u0160is gads ir bijis bag\u0101ts ar jaunajiem vec\u0101kiem Holivud\u0101 un \u0161ovbiznes\u0101.<\/p>\n<p>Jaun\u0101s m\u0101mi\u0146as un vi\u0146u mazu\u013ci<\/p>\n<p>Viena no \u0161\u012b gada spilgt\u0101kaj\u0101m zi\u0146\u0101m ir aktrises D\u017eeniferas Lorensas atvas\u012btes sagaid\u012b\u0161ana. Zin\u0101ma ar savu talantu un dz\u012bvesprieku, Lorensa nu izbaud\u012bs jauno dz\u012bves posmu \u2013 m\u0101tes lomu. Vi\u0146as prieks ir lip\u012bgs, un fani ar saj\u016bsmu seko l\u012bdzi jaunaj\u0101m fotogr\u0101fij\u0101m un st\u0101stiem par mazuli. T\u0101pat ar\u012b dzied\u0101t\u0101ja Rianna, kura jau iepriek\u0161 ir pier\u0101d\u012bjusi sevi k\u0101 sp\u0113c\u012bgu un neatkar\u012bgu sievieti, ir atkal k\u013cuvusi par m\u0101mi\u0146u. Vi\u0146as sp\u0113ja apvienot karjeru ar \u0123imenes dz\u012bvi vienm\u0113r ir bijusi iedvesmojo\u0161a, un \u0161is notikums nav iz\u0146\u0113mums. Lilija Kolinsa, kura p\u0113d\u0113jos gados ir iekarojusi skat\u012bt\u0101ju sirdis ar sav\u0101m lom\u0101m, ar\u012b ir pievienojusies jaunaj\u0101m m\u0101mi\u0146\u0101m. Vi\u0146as smaido\u0161ais un pozit\u012bvais t\u0113ls ir iepriecin\u0101jis daudzus, un zi\u0146a par \u0123imenes pieaugumu ir bijusi k\u0101 burv\u012bgs papildin\u0101jums vi\u0146as dz\u012bvesst\u0101stam.<\/p>\n<p>Ne tikai pirmie, bet ar\u012b turpm\u0101kie<\/p>\n<p>\u0160is gads nav bijis noz\u012bm\u012bgs tikai pirmo b\u0113rni\u0146u gaid\u012bb\u0101s. Ar\u012b daudzas zvaigznes, kur\u0101m jau ir pieredze b\u0113rnu audzin\u0101\u0161an\u0101, ir sagaid\u012bju\u0161as savu otro, tre\u0161o vai pat ceturto atvas\u012bti. \u0160\u0101das zi\u0146as vienm\u0113r rada \u012bpa\u0161u saj\u016bsmu, jo liecina par \u0123imenes v\u0113rt\u012bbu noz\u012bmi ar\u012b m\u016bsdienu aiz\u0146emtaj\u0101 slaven\u012bbu dz\u012bv\u0113. Ir aizraujo\u0161i v\u0113rot, k\u0101 vi\u0146as sp\u0113j balans\u0113t starp karjeras virsotn\u0113m un savu vistuv\u0101ko cilv\u0113ku apr\u016bpi, sniedzot mazajiem visu nepiecie\u0161amo m\u012blest\u012bbu un uzman\u012bbu.<\/p>\n<p>Prieks un izaicin\u0101jumi jaunaj\u0101 lom\u0101<\/p>\n<p>K\u013c\u016bt par vec\u0101ku ir neaizst\u0101jama pieredze, kas maina dz\u012bvi uz visiem laikiem. Tas ir pilns ar prieku, m\u012blest\u012bbu un, protams, ar\u012b ar jaun\u0101m r\u016bp\u0113m un izaicin\u0101jumiem. D\u017eenifera Lorensa, Rianna, Lilija Kolinsa un daudzas citas slaven\u012bbas tagad izbaud\u012bs \u0161os unik\u0101los br\u012b\u017eus \u2013 pirm\u0101s smaid\u012b\u0161anas, pirmos so\u013cus un bezmiega naktis, kas tom\u0113r tiek kompens\u0113tas ar neizm\u0113rojamu laimes saj\u016btu. Vi\u0146u pieredzes, lai ar\u012b bie\u017ei vien notiek spo\u017eu kameru gaism\u0101, ir univers\u0101las \u2013 katrs vec\u0101ks saprot tos br\u012b\u017eus, kad mazulis pirmo reizi pasmaida vai pasaka pirmo v\u0101rdu. \u0160ie ir mirk\u013ci, kas p\u0101rsniedz slavu un bag\u0101t\u012bbu.<\/p>\n<p>Iedvesma un piem\u0113rs<\/p>\n<p>Slaven\u012bbu dz\u012bves st\u0101sti bie\u017ei vien kalpo k\u0101 iedvesmas avots miljoniem cilv\u0113ku vis\u0101 pasaul\u0113. Tas, ka vi\u0146as atkl\u0101ti run\u0101 par gr\u016btniec\u012bbu, dzemd\u012bb\u0101m un vec\u0101ku lomu, pal\u012bdz mazin\u0101t tabu un mudina citus atv\u0113rt\u0101k run\u0101t par \u0161iem svar\u012bgajiem dz\u012bves notikumiem. \u0160ogad sagaid\u012btie mazu\u013ci ir k\u0101 apliecin\u0101jums tam, ka \u0123imene vienm\u0113r ir priorit\u0101te, pat ja esi pasaules slaven\u0101k\u0101 zvaigzne. \u0160ie notikumi atg\u0101dina mums visiem par dz\u012bves patiesaj\u0101m v\u0113rt\u012bb\u0101m un prieku, ko sniedz \u0123imenes pieaugums.<\/p>\n","protected":false},"excerpt":{"rendered":"Priec\u012bgi jaunumi slaven\u012bbu pasaul\u0113 Gads 2025 ir nesis \u012bpa\u0161u prieku daudz\u0101m pasaul\u0113 zin\u0101m\u0101m person\u0101m, jo vi\u0146u \u0123imenes ir&hellip;\n","protected":false},"author":2,"featured_media":62727,"comment_status":"","ping_status":"","sticky":false,"template":"","format":"standard","meta":{"footnotes":""},"categories":[19],"tags":[16495,9967,89,90,35,39,38,36,37,34,9054,40,2499,16494],"class_list":{"0":"post-62726","1":"post","2":"type-post","3":"status-publish","4":"format-standard","5":"has-post-thumbnail","7":"category-izklaide","8":"tag-2025-gada-jaunumi","9":"tag-dzenifera-lorensa","10":"tag-entertainment","11":"tag-izklaide","12":"tag-latvia","13":"tag-latvian","14":"tag-latviesu","15":"tag-latviesu-valoda","16":"tag-latviesuvaloda","17":"tag-latvija","18":"tag-lilija-kolinsa","19":"tag-lv","20":"tag-rianna","21":"tag-slavenibu-berni"},"share_on_mastodon":{"url":"https:\/\/pubeurope.com\/@lv\/115643736585009219","error":""},"_links":{"self":[{"href":"https:\/\/www.europesays.com\/lv\/wp-json\/wp\/v2\/posts\/62726","targetHints":{"allow":["GET"]}}],"collection":[{"href":"https:\/\/www.europesays.com\/lv\/wp-json\/wp\/v2\/posts"}],"about":[{"href":"https:\/\/www.europesays.com\/lv\/wp-json\/wp\/v2\/types\/post"}],"author":[{"embeddable":true,"href":"https:\/\/www.europesays.com\/lv\/wp-json\/wp\/v2\/users\/2"}],"replies":[{"embeddable":true,"href":"https:\/\/www.europesays.com\/lv\/wp-json\/wp\/v2\/comments?post=62726"}],"version-history":[{"count":0,"href":"https:\/\/www.europesays.com\/lv\/wp-json\/wp\/v2\/posts\/62726\/revisions"}],"wp:featuredmedia":[{"embeddable":true,"href":"https:\/\/www.europesays.com\/lv\/wp-json\/wp\/v2\/media\/62727"}],"wp:attachment":[{"href":"https:\/\/www.europesays.com\/lv\/wp-json\/wp\/v2\/media?parent=62726"}],"wp:term":[{"taxonomy":"category","embeddable":true,"href":"https:\/\/www.europesays.com\/lv\/wp-json\/wp\/v2\/categories?post=62726"},{"taxonomy":"post_tag","embeddable":true,"href":"https:\/\/www.europesays.com\/lv\/wp-json\/wp\/v2\/tags?post=62726"}],"curies":[{"name":"wp","href":"https:\/\/api.w.org\/{rel}","templated":true}]}}