{"id":62732,"date":"2025-12-01T10:12:09","date_gmt":"2025-12-01T10:12:09","guid":{"rendered":"https:\/\/www.europesays.com\/lv\/62732\/"},"modified":"2025-12-01T10:12:09","modified_gmt":"2025-12-01T10:12:09","slug":"vistu-nukaslas-slimibas-ierobezosanai-talsu-novada-noteikta-karantina","status":"publish","type":"post","link":"https:\/\/www.europesays.com\/lv\/62732\/","title":{"rendered":"Vistu \u0145\u016bk\u0101slas slim\u012bbas ierobe\u017eo\u0161anai Talsu novad\u0101 noteikta karant\u012bna"},"content":{"rendered":"<p>Dienest\u0101 atz\u012bm\u0113, ka transportl\u012bdzek\u013cu \u012bpa\u0161niekiem p\u0113c katra p\u0101rvad\u0101juma nekav\u0113joties ir j\u0101veic transportl\u012bdzek\u013cu, ekip\u0113juma, kuru izmanto dz\u012bvnieku p\u0101rvad\u0101\u0161anai, pies\u0101r\u0146oto materi\u0101lu, tostarp dz\u012bvnieku l\u012b\u0137u, dz\u012bvnieku izcelsmes p\u0101rtik\u0101 neizmantojamo blakusproduktu, dz\u012bvnieku bar\u012bbas, vircas un pakai\u0161u dezinfekcija, veicot ar\u012b attiec\u012bgus ierakstus dezinfekcijas \u017eurn\u0101l\u0101.<\/p>\n<p>T\u0101pat transportl\u012bdzek\u013cu \u012bpa\u0161niekiem j\u0101nodro\u0161ina, ka transportl\u012bdzeklis, kas tiek izmantots m\u0101jputnu p\u0101rvad\u0101\u0161anai, izbrauc no karant\u012bnas zonas tikai p\u0113c transportl\u012bdzek\u013ca izt\u012br\u012b\u0161anas, dezinfekcijas un rakstiskas at\u013caujas sa\u0146em\u0161anas no PVD valsts veterin\u0101r\u0101 inspektora.<\/p>\n<p>PVD p\u0101rst\u0101vji ar\u012b nor\u0101da, ka lauksaimniec\u012bbas dz\u012bvnieku \u012bpa\u0161niekiem vai tur\u0113t\u0101jiem karant\u012bnas laik\u0101 j\u0101veic atbilsto\u0161i biodro\u0161\u012bbas pas\u0101kumi, lai nepie\u013cautu \u0145\u016bk\u0101slas slim\u012bbas ierosin\u0101t\u0101ja izplat\u012b\u0161anos.<\/p>\n<p>Personai, kuras r\u012bc\u012bb\u0101 ir inform\u0101cija par miru\u0161iem vai slimiem m\u0101jputniem vai citiem nebr\u012bv\u0113 tur\u0113tiem putniem, vai savva\u013cas putniem, nekav\u0113joties ir j\u0101zi\u0146o par to PVD.<\/p>\n<p>T\u0101pat, ja vien nav sa\u0146emta PVD at\u013cauja, person\u0101m no aizsardz\u012bbas zonas ir aizliegts izvest svaigu m\u0101jputnu ga\u013cu, malto ga\u013cu, ga\u013cas izstr\u0101d\u0101jumus un ga\u013cas produktus, kas satur m\u0101jputnu ga\u013cu, k\u0101 ar\u012b p\u0101rvietot m\u0101jputnu izcelsmes blakusproduktus, piem\u0113ram, vircu, m\u0113slus un izlietotus pakai\u0161us.<\/p>\n","protected":false},"excerpt":{"rendered":"Dienest\u0101 atz\u012bm\u0113, ka transportl\u012bdzek\u013cu \u012bpa\u0161niekiem p\u0113c katra p\u0101rvad\u0101juma nekav\u0113joties ir j\u0101veic transportl\u012bdzek\u013cu, ekip\u0113juma, kuru izmanto dz\u012bvnieku p\u0101rvad\u0101\u0161anai, pies\u0101r\u0146oto&hellip;\n","protected":false},"author":2,"featured_media":62733,"comment_status":"","ping_status":"","sticky":false,"template":"","format":"standard","meta":{"footnotes":""},"categories":[5],"tags":[23,28,29,32,33,22,16498,30,31,35,39,38,36,37,34,40,13387,20,26,27,16497,24,25,16496,21],"class_list":{"0":"post-62732","1":"post","2":"type-post","3":"status-publish","4":"format-standard","5":"has-post-thumbnail","7":"category-aktualitates","8":"tag-aktualitates","9":"tag-breaking-news","10":"tag-breakingnews","11":"tag-featured-news","12":"tag-featurednews","13":"tag-headlines","14":"tag-karantina","15":"tag-latest-news","16":"tag-latestnews","17":"tag-latvia","18":"tag-latvian","19":"tag-latviesu","20":"tag-latviesu-valoda","21":"tag-latviesuvaloda","22":"tag-latvija","23":"tag-lv","24":"tag-majputni","25":"tag-news","26":"tag-popularakas-zinas","27":"tag-popularakaszinas","28":"tag-talsu-novads","29":"tag-top-stories","30":"tag-topstories","31":"tag-vistas","32":"tag-zinas"},"share_on_mastodon":{"url":"https:\/\/pubeurope.com\/@lv\/115643779941151782","error":""},"_links":{"self":[{"href":"https:\/\/www.europesays.com\/lv\/wp-json\/wp\/v2\/posts\/62732","targetHints":{"allow":["GET"]}}],"collection":[{"href":"https:\/\/www.europesays.com\/lv\/wp-json\/wp\/v2\/posts"}],"about":[{"href":"https:\/\/www.europesays.com\/lv\/wp-json\/wp\/v2\/types\/post"}],"author":[{"embeddable":true,"href":"https:\/\/www.europesays.com\/lv\/wp-json\/wp\/v2\/users\/2"}],"replies":[{"embeddable":true,"href":"https:\/\/www.europesays.com\/lv\/wp-json\/wp\/v2\/comments?post=62732"}],"version-history":[{"count":0,"href":"https:\/\/www.europesays.com\/lv\/wp-json\/wp\/v2\/posts\/62732\/revisions"}],"wp:featuredmedia":[{"embeddable":true,"href":"https:\/\/www.europesays.com\/lv\/wp-json\/wp\/v2\/media\/62733"}],"wp:attachment":[{"href":"https:\/\/www.europesays.com\/lv\/wp-json\/wp\/v2\/media?parent=62732"}],"wp:term":[{"taxonomy":"category","embeddable":true,"href":"https:\/\/www.europesays.com\/lv\/wp-json\/wp\/v2\/categories?post=62732"},{"taxonomy":"post_tag","embeddable":true,"href":"https:\/\/www.europesays.com\/lv\/wp-json\/wp\/v2\/tags?post=62732"}],"curies":[{"name":"wp","href":"https:\/\/api.w.org\/{rel}","templated":true}]}}