{"id":62755,"date":"2025-12-01T10:37:07","date_gmt":"2025-12-01T10:37:07","guid":{"rendered":"https:\/\/www.europesays.com\/lv\/62755\/"},"modified":"2025-12-01T10:37:07","modified_gmt":"2025-12-01T10:37:07","slug":"riga-atklats-jauns-baroka-muzikas-teatris-mystero-lente-lv","status":"publish","type":"post","link":"https:\/\/www.europesays.com\/lv\/62755\/","title":{"rendered":"R\u012bg\u0101 atkl\u0101ts jauns baroka m\u016bzikas te\u0101tris &#8220;Mystero&#8221;\u00a0\u2014\u00a0Lente.lv"},"content":{"rendered":"<p>Jauna elpa R\u012bgas kult\u016bras dz\u012bv\u0113: Atkl\u0101ts te\u0101tris &#8220;Mystero&#8221;<\/p>\n<p>R\u012bg\u0101, pils\u0113tas kult\u016bras ain\u0101 ien\u0101k jauns sp\u0113l\u0113t\u0101js \u2013 nu atkl\u0101ts v\u0113sturisk\u0101 baroka m\u016bzikas baud\u012bjumam velt\u012bts te\u0101tris &#8220;Mystero&#8221;. \u0160\u012b jaun\u0101 koncertvieta, kas atrodas Vien\u012bbas gatv\u0113 30, sol\u0101s k\u013c\u016bt par patv\u0113rumu visiem, kas ilgojas p\u0113c autentiskas un dzi\u013ci emocion\u0101las muzik\u0101l\u0101s pieredzes.<\/p>\n<p>Atkl\u0101\u0161anas koncerts \u2013 ce\u013cojums laik\u0101 un ska\u0146\u0101s<\/p>\n<p>Par godu jaun\u0101s telpas atv\u0113r\u0161anai, 5. novembr\u012b pulksten 19.00 norisin\u0101sies svin\u012bgs atkl\u0101\u0161anas koncerts \u201cKaraliskais baroks\u201d. Pas\u0101kuma \u012bpa\u0161\u0101 burv\u012bba sl\u0113psies sve\u010du gaism\u0101, radot int\u012bmu un nosl\u0113pumainu atmosf\u0113ru, kas ide\u0101li sader\u0113s ar baroka laikmetam rakstur\u012bgo dramatur\u0123iju un spo\u017eumu. Tas neb\u016bs vienk\u0101r\u0161i koncerts, bet gan ce\u013cojums uz laiku, kad m\u016bzika sp\u0113ja aizraut un iedvesmot visaugst\u0101kaj\u0101 l\u012bmen\u012b, atkl\u0101jot cilv\u0113ka dv\u0113seles dzi\u013c\u0101kos sl\u0101\u0146us.<\/p>\n<p>&#8220;Mystero&#8221; \u2013 vair\u0101k nek\u0101 tikai koncertz\u0101le<\/p>\n<p>Te\u0101tris &#8220;Mystero&#8221; pied\u0101v\u0101s ne tikai augstv\u0113rt\u012bgu muzik\u0101lo baud\u012bjumu, bet ar\u012b unik\u0101lu telpas dizainu, kas veidots, lai harmoniski iek\u013cautos baroka est\u0113tik\u0101. Paredzams, ka \u0161eit uzst\u0101sies gan latvie\u0161u, gan starptautiski atz\u012bti baroka m\u016bzikas izpild\u012bt\u0101ji, pied\u0101v\u0101jot daudzveid\u012bgu programmu. \u0160\u012b jaun\u0101 vieta ir aicin\u0101jums gan profesion\u0101liem m\u016bzi\u0137iem, gan ar\u012b pla\u0161\u0101kai publikai atkl\u0101t baroka m\u016bzikas neizsme\u013camo bag\u0101t\u012bbu un emocion\u0101lo sp\u0113ku. T\u0101 b\u016bs platforma ne tikai koncertiem, bet ar\u012b meistarklas\u0113m, lekcij\u0101m un citiem ar v\u0113sturisko m\u016bziku saist\u012btiem pas\u0101kumiem, veicinot izgl\u012bto\u0161anos un jaunu talantu atkl\u0101\u0161anu.<\/p>\n<p>Baroka m\u016bzikas noz\u012bme m\u016bsdien\u0101s<\/p>\n<p>Baroka laikmeta m\u016bzika, kas plaukusi aptuveni no 1600. l\u012bdz 1750. gadam, ir paz\u012bstama ar savu grezn\u012bbu, sp\u0113c\u012bgaj\u0101m emocij\u0101m un sare\u017e\u0123\u012btaj\u0101m kompoz\u012bcij\u0101m. T\u0101s ska\u0146darbi, piem\u0113ram, Johana Sebastiana Baha, Georga Fr\u012bdriha Hende\u013ca vai Antonio Vivaldi darbi, joproj\u0101m sp\u0113j aizkustin\u0101t un iedvesmot klaus\u012bt\u0101jus vis\u0101 pasaul\u0113. \u0160\u0101da m\u016bzika neprasa moderniz\u0101ciju vai adapt\u0101ciju, lai ieg\u016btu jaunu skan\u0113jumu, jo t\u0101s dzi\u013cums un univers\u0101l\u0101s v\u0113rt\u012bbas ir laika p\u0101rbaudei iztur\u0113ju\u0161as. T\u0101 ir k\u0101 smalks diegs, kas savieno m\u016bs ar pag\u0101tni, vienlaikus pied\u0101v\u0101jot emocion\u0101lu un intelektu\u0101lu bag\u0101tin\u0101\u0161anos m\u016bsdien\u0101s. Baroka m\u016bzika, ar savu strukt\u016bru un harmoniju, sniedz patv\u0113rumu no m\u016bsdienu strauj\u0101 dz\u012bves tempa, pied\u0101v\u0101jot br\u012bdi p\u0101rdom\u0101m un dv\u0113seles mieram. T\u0101 ir k\u0101 ce\u013cojums uz pasauli, kur\u0101 valda skaistums, k\u0101rt\u012bba un dzi\u013cas, neaizmirstamas j\u016btas.<\/p>\n<p>N\u0101kotnes ieceres un &#8220;Mystero&#8221; potenci\u0101ls<\/p>\n<p>Te\u0101tra &#8220;Mystero&#8221; dibin\u0101t\u0101ji pau\u017e cer\u012bbu, ka jaun\u0101 koncertvieta k\u013c\u016bs par noz\u012bm\u012bgu kult\u016bras centru R\u012bg\u0101, piesaistot gan viet\u0113jos iedz\u012bvot\u0101jus, gan t\u016bristus. T\u0101 m\u0113r\u0137is ir ne tikai atska\u0146ot baroka m\u016bziku, bet ar\u012b veicin\u0101t izpratni par \u0161\u012b laikmeta kult\u016bru un m\u0101kslu pla\u0161\u0101k\u0101 m\u0113rog\u0101. N\u0101kotn\u0113 pl\u0101nots att\u012bst\u012bt ar\u012b sadarb\u012bbu ar cit\u0101m kult\u016bras iest\u0101d\u0113m, r\u012bkot kop\u012bgus projektus un pied\u0101v\u0101t v\u0113l pla\u0161\u0101ku un daudzpus\u012bg\u0101ku programmu, kas ietvertu ne tikai koncertus, bet ar\u012b te\u0101tra izr\u0101des, izst\u0101des un izgl\u012btojo\u0161us pas\u0101kumus. &#8220;Mystero&#8221; ir aicin\u0101jums atkl\u0101t baroka skaistumu no jauna, izbaudot to m\u016bsdienu pasaul\u0113 ar jaunu pieeju un svaigu skat\u012bjumu. \u0160\u012b ir iesp\u0113ja rad\u012bt unik\u0101lu telpu, kur\u0101 pag\u0101tne un tagadne satiekas, lai rad\u012btu neaizmirstamas emocijas un gar\u012bgu baud\u012bjumu.<\/p>\n","protected":false},"excerpt":{"rendered":"Jauna elpa R\u012bgas kult\u016bras dz\u012bv\u0113: Atkl\u0101ts te\u0101tris &#8220;Mystero&#8221; R\u012bg\u0101, pils\u0113tas kult\u016bras ain\u0101 ien\u0101k jauns sp\u0113l\u0113t\u0101js \u2013 nu atkl\u0101ts&hellip;\n","protected":false},"author":2,"featured_media":62756,"comment_status":"","ping_status":"","sticky":false,"template":"","format":"standard","meta":{"footnotes":""},"categories":[19],"tags":[896,89,90,16278,16508,35,39,38,36,37,34,40,16507,16509],"class_list":{"0":"post-62755","1":"post","2":"type-post","3":"status-publish","4":"format-standard","5":"has-post-thumbnail","7":"category-izklaide","8":"tag-baroka-muzika","9":"tag-entertainment","10":"tag-izklaide","11":"tag-karaliskais-baroks","12":"tag-koncertvieta-riga","13":"tag-latvia","14":"tag-latvian","15":"tag-latviesu","16":"tag-latviesu-valoda","17":"tag-latviesuvaloda","18":"tag-latvija","19":"tag-lv","20":"tag-teatris-mystero","21":"tag-vienibas-gatve"},"share_on_mastodon":{"url":"https:\/\/pubeurope.com\/@lv\/115643878118874475","error":""},"_links":{"self":[{"href":"https:\/\/www.europesays.com\/lv\/wp-json\/wp\/v2\/posts\/62755","targetHints":{"allow":["GET"]}}],"collection":[{"href":"https:\/\/www.europesays.com\/lv\/wp-json\/wp\/v2\/posts"}],"about":[{"href":"https:\/\/www.europesays.com\/lv\/wp-json\/wp\/v2\/types\/post"}],"author":[{"embeddable":true,"href":"https:\/\/www.europesays.com\/lv\/wp-json\/wp\/v2\/users\/2"}],"replies":[{"embeddable":true,"href":"https:\/\/www.europesays.com\/lv\/wp-json\/wp\/v2\/comments?post=62755"}],"version-history":[{"count":0,"href":"https:\/\/www.europesays.com\/lv\/wp-json\/wp\/v2\/posts\/62755\/revisions"}],"wp:featuredmedia":[{"embeddable":true,"href":"https:\/\/www.europesays.com\/lv\/wp-json\/wp\/v2\/media\/62756"}],"wp:attachment":[{"href":"https:\/\/www.europesays.com\/lv\/wp-json\/wp\/v2\/media?parent=62755"}],"wp:term":[{"taxonomy":"category","embeddable":true,"href":"https:\/\/www.europesays.com\/lv\/wp-json\/wp\/v2\/categories?post=62755"},{"taxonomy":"post_tag","embeddable":true,"href":"https:\/\/www.europesays.com\/lv\/wp-json\/wp\/v2\/tags?post=62755"}],"curies":[{"name":"wp","href":"https:\/\/api.w.org\/{rel}","templated":true}]}}