{"id":62757,"date":"2025-12-01T10:42:08","date_gmt":"2025-12-01T10:42:08","guid":{"rendered":"https:\/\/www.europesays.com\/lv\/62757\/"},"modified":"2025-12-01T10:42:08","modified_gmt":"2025-12-01T10:42:08","slug":"aizsaule-devies-knuts-ozols-zurnalists-un-amerikas-balss-latviesu-redakcijas-vaditajs","status":"publish","type":"post","link":"https:\/\/www.europesays.com\/lv\/62757\/","title":{"rendered":"Aizsaul\u0113 devies Knuts Ozols, \u017eurn\u0101lists un &#8220;Amerikas balss&#8221; latvie\u0161u redakcijas vad\u012bt\u0101js"},"content":{"rendered":"<p>Knuts Ozols piedzima 1944. gada vasar\u0101 Latvij\u0101, ta\u010du jau pavisam dr\u012bz vi\u0146a vec\u0101ki dev\u0101s b\u0113g\u013cu gait\u0101s. T\u0113vs, kur\u0161 bija iesv\u0113t\u012bts luter\u0101\u0146u m\u0101c\u012bt\u0101js, kopa latvie\u0161u draud\u017eu gar\u012bgo dz\u012bvi ASV. Ar\u012b Knuts akt\u012bvi iesaist\u012bj\u0101s latvie\u0161u draudz\u0113.<\/p>\n<p>Gandr\u012bz 40 gadus Ozols str\u0101d\u0101ja ASV raidorganiz\u0101cij\u0101, ar laiku uz\u0146emoties latvie\u0161u redakcijas vad\u012b\u0161anu. Katru dienu tika veidoti tr\u012bs pusstundu gari raid\u012bjumi. Vi\u0146a laik\u0101 Latvij\u0101 s\u0101k\u0101s Atmoda, un s\u0101kotn\u0113ji &#8220;Amerikas balss&#8221; reiz\u0113 ar &#8220;Br\u012bvo Eiropu&#8221; bija galvenais inform\u0101cijas avots.<\/p>\n<p>Latvie\u0161u redakcija beidza darbu vien 2003. gad\u0101. L\u012bdz ar Latvijas neatkar\u012bbas atjauno\u0161anu Latvij\u0101 izveidoj\u0101s br\u012bva prese, vajadz\u012bbai p\u0113c &#8220;Amerikas balss&#8221; inform\u0101cijas kan\u0101la mazinoties.<\/p>\n<p>Savus p\u0113d\u0113jos dz\u012bves gadus Knuts pavad\u012bja m\u0101j\u0101s Va\u0161ingtonas piev\u0101rt\u0113 Vird\u017e\u012bnijas \u0161tat\u0101 un mira 81 gada vecum\u0101.<\/p>\n","protected":false},"excerpt":{"rendered":"Knuts Ozols piedzima 1944. gada vasar\u0101 Latvij\u0101, ta\u010du jau pavisam dr\u012bz vi\u0146a vec\u0101ki dev\u0101s b\u0113g\u013cu gait\u0101s. T\u0113vs, kur\u0161&hellip;\n","protected":false},"author":2,"featured_media":45536,"comment_status":"","ping_status":"","sticky":false,"template":"","format":"standard","meta":{"footnotes":""},"categories":[5],"tags":[23,5531,28,29,32,33,22,30,31,35,39,38,36,37,34,40,6803,20,26,27,24,25,21,16510],"class_list":{"0":"post-62757","1":"post","2":"type-post","3":"status-publish","4":"format-standard","5":"has-post-thumbnail","7":"category-aktualitates","8":"tag-aktualitates","9":"tag-amerika","10":"tag-breaking-news","11":"tag-breakingnews","12":"tag-featured-news","13":"tag-featurednews","14":"tag-headlines","15":"tag-latest-news","16":"tag-latestnews","17":"tag-latvia","18":"tag-latvian","19":"tag-latviesu","20":"tag-latviesu-valoda","21":"tag-latviesuvaloda","22":"tag-latvija","23":"tag-lv","24":"tag-muziba","25":"tag-news","26":"tag-popularakas-zinas","27":"tag-popularakaszinas","28":"tag-top-stories","29":"tag-topstories","30":"tag-zinas","31":"tag-zurnalists"},"share_on_mastodon":{"url":"https:\/\/pubeurope.com\/@lv\/115643897864586376","error":""},"_links":{"self":[{"href":"https:\/\/www.europesays.com\/lv\/wp-json\/wp\/v2\/posts\/62757","targetHints":{"allow":["GET"]}}],"collection":[{"href":"https:\/\/www.europesays.com\/lv\/wp-json\/wp\/v2\/posts"}],"about":[{"href":"https:\/\/www.europesays.com\/lv\/wp-json\/wp\/v2\/types\/post"}],"author":[{"embeddable":true,"href":"https:\/\/www.europesays.com\/lv\/wp-json\/wp\/v2\/users\/2"}],"replies":[{"embeddable":true,"href":"https:\/\/www.europesays.com\/lv\/wp-json\/wp\/v2\/comments?post=62757"}],"version-history":[{"count":0,"href":"https:\/\/www.europesays.com\/lv\/wp-json\/wp\/v2\/posts\/62757\/revisions"}],"wp:featuredmedia":[{"embeddable":true,"href":"https:\/\/www.europesays.com\/lv\/wp-json\/wp\/v2\/media\/45536"}],"wp:attachment":[{"href":"https:\/\/www.europesays.com\/lv\/wp-json\/wp\/v2\/media?parent=62757"}],"wp:term":[{"taxonomy":"category","embeddable":true,"href":"https:\/\/www.europesays.com\/lv\/wp-json\/wp\/v2\/categories?post=62757"},{"taxonomy":"post_tag","embeddable":true,"href":"https:\/\/www.europesays.com\/lv\/wp-json\/wp\/v2\/tags?post=62757"}],"curies":[{"name":"wp","href":"https:\/\/api.w.org\/{rel}","templated":true}]}}