{"id":6276,"date":"2025-09-27T12:55:15","date_gmt":"2025-09-27T12:55:15","guid":{"rendered":"https:\/\/www.europesays.com\/lv\/6276\/"},"modified":"2025-09-27T12:55:15","modified_gmt":"2025-09-27T12:55:15","slug":"markus-riva-klausitajiem-dava-jaunu-personisku-dziesmu-ja-pasaule-sonakt-apstasies-lente-lv","status":"publish","type":"post","link":"https:\/\/www.europesays.com\/lv\/6276\/","title":{"rendered":"Markus Riva klaus\u012bt\u0101jiem d\u0101v\u0101 jaunu, personisku dziesmu &#8220;Ja pasaule \u0161onakt apst\u0101sies&#8221;\u00a0\u2014\u00a0Lente.lv"},"content":{"rendered":"<p>Markus Riva Jaun\u0101k\u0101 Sirsn\u012bg\u0101 Kompoz\u012bcija: &#8220;Ja Pasaule \u0160onakt Apst\u0101sies&#8221; Skumju Melodija Par Attiec\u012bbu Beig\u0101m<\/p>\n<p>M\u016bzi\u0137is un producents Markus Riva ir iepriecin\u0101jis savus klaus\u012bt\u0101jus ar jaunu, dzi\u013ci personisku dziesmu latvie\u0161u valod\u0101, kuras nosaukums ir &#8220;Ja Pasaule \u0160onakt Apst\u0101sies&#8221;. \u0160\u012b kompoz\u012bcija, kas non\u0101ca pie pla\u0161\u0101kas auditorijas 2025. gada 24. septembr\u012b, pau\u017e melanholisku un salds\u0113r\u012bgu noska\u0146u, atspogu\u013cojot m\u0101kslinieka person\u012bg\u0101s dz\u012bves p\u0101rdz\u012bvojumus. Dziesmas rad\u012b\u0161ana Markus Riva raksturo k\u0101 nepiecie\u0161am\u012bbu izlikt savas s\u0101pes un emocijas, kas rodas, saskaroties ar attiec\u012bbu nosl\u0113gumu un gr\u016bt\u012bb\u0101m t\u0101s pie\u0146emt.<\/p>\n<p>Dziesmas Rad\u012b\u0161anas Process Un Iedvesma<\/p>\n<p>&#8220;Ja Pasaule \u0160onakt Apst\u0101sies&#8221; ir radusies k\u0101 latvie\u0161u valodas versija jau iepriek\u0161 klaus\u012bt\u0101ju vid\u016b iem\u012b\u013cotajai ang\u013cu valodas kompoz\u012bcijai &#8220;Until This World Ends&#8221;. \u0160is process nebija vienk\u0101r\u0161s, bet gan sirds dzi\u013cumos sak\u0146ojies, k\u0101 pats Markus Riva atz\u012bst: &#8220;Kad j\u016bti kaut ko no sirds, tad s\u0113di, raudi un raksti dzejas rindas.&#8221; Vi\u0146\u0161 uzsver, ka dziesma balst\u012bta uz vi\u0146a person\u012bgajiem p\u0101rdz\u012bvojumiem, att\u0113lojot emocion\u0101lo sare\u017e\u0123\u012bt\u012bbu br\u012bd\u012b, kad saprotam, ka k\u0101ds attiec\u012bbu posms ir nosl\u0113dzies, ta\u010du v\u0113l joproj\u0101m ir sp\u0113c\u012bga pie\u0137er\u0161an\u0101s un gr\u016bti palaist otru cilv\u0113ku. \u0160\u012b atkl\u0101t\u012bba un emocion\u0101l\u0101 dzi\u013cums padara dziesmu \u012bpa\u0161i tuv\u0101ku daudziem klaus\u012bt\u0101jiem, kuri var\u0113tu identific\u0113ties ar l\u012bdz\u012bg\u0101m dz\u012bves situ\u0101cij\u0101m.<\/p>\n<p>Sadarb\u012bba Un Turpm\u0101kie Pl\u0101ni<\/p>\n<p>Pie dziesmas tap\u0161anas ir str\u0101d\u0101jis ar\u012b ukrai\u0146u komponists un producents Rom\u0101ns Nepomia\u0161\u010dijs, kur\u0161 ir ilgsto\u0161s Markus Rivas rado\u0161ais partneris, piedaloties ar\u012b vi\u0146a sept\u012bt\u0101 studijas albuma &#8220;Bigger Than This&#8221; produc\u0113\u0161an\u0101. \u0160\u012b sadarb\u012bba apliecina Markus Rivas gatav\u012bbu mekl\u0113t jaunus rado\u0161us un profesion\u0101lus partnerus, lai rad\u012btu kvalitat\u012bvu un emocion\u0101li pies\u0101tin\u0101tu m\u016bziku.<\/p>\n<p>M\u016bzi\u0137is nav apst\u0101jies pie jaun\u0101k\u0101 singla izdo\u0161anas. Vi\u0146\u0161 akt\u012bvi turpina muzic\u0113t kop\u0101 ar Talsu Balto kori un gatavojas pies\u0101tin\u0101tai rudens sezonai. \u012apa\u0161i gaid\u0101ms ir Markus Rivas atgrie\u0161an\u0101s telev\u012bzijas \u0161ova &#8220;X Faktors&#8221; sestaj\u0101 sezon\u0101, kas start\u0113 jau 28. septembr\u012b kan\u0101l\u0101 TV3, kur vi\u0146\u0161 atkal ie\u0146ems vad\u012bt\u0101ja lomu. Paral\u0113li telev\u012bzijas projektiem, Markus Riva ir iepl\u0101nojis ar\u012b koncertus, tostarp 14. novembr\u012b Talsos un papildkoncertu Ulbrok\u0101. Nesen vi\u0146\u0161 ar\u012b iedzied\u0101jis TV3 seri\u0101la &#8220;Luksofors&#8221; tituldziesmu, par\u0101dot savu daudzpus\u012bbu.<\/p>\n<p>M\u016bzi\u0137a Karjera Un Att\u012bst\u012bba<\/p>\n<p>Markus Riva ir zin\u0101ms k\u0101 talant\u012bgs dzied\u0101t\u0101js un producents, kur\u0161 nep\u0101rtraukti att\u012bsta savu rado\u0161o darb\u012bbu. Vi\u0146a sp\u0113ja rad\u012bt emocion\u0101li dzi\u013cas un personiskas kompoz\u012bcijas, vienlaikus saglab\u0101jot profesion\u0101lu izpild\u012bjumu, ir viena no vi\u0146a galvenaj\u0101m stipraj\u0101m pus\u0113m. Jaun\u0101 dziesma &#8220;Ja Pasaule \u0160onakt Apst\u0101sies&#8221; ir k\u0101 apliecin\u0101jums vi\u0146a m\u0101kslinieciskajai briedumam un gatav\u012bbai dal\u012bties ar sav\u0101m j\u016bt\u0101m ar klaus\u012bt\u0101jiem. Vi\u0146a karjera ir cie\u0161i saist\u012bta ar\u012b ar Latvijas m\u016bzikas dz\u012bvi kopum\u0101, piedaloties da\u017e\u0101dos projektos un pas\u0101kumos, kas stiprina vi\u0146a poz\u012bcijas k\u0101 vienam no atz\u012bt\u0101kajiem Latvijas m\u016bzikas industrijas p\u0101rst\u0101vjiem.<\/p>\n<p>\u0160is jaunais singls, radies no patiesiem p\u0101rdz\u012bvojumiem, pied\u0101v\u0101 klaus\u012bt\u0101jiem ne tikai skaistu melodiju, bet ar\u012b iesp\u0113ju p\u0101rdom\u0101t savas dz\u012bves attiec\u012bbas un emocijas. Markus Riva turpina pier\u0101d\u012bt, ka m\u016bzika sp\u0113j b\u016bt gan emocion\u0101ls patv\u0113rums, gan ar\u012b katalizators person\u012bgajai izaugsmei un izpratnei.<\/p>\n","protected":false},"excerpt":{"rendered":"Markus Riva Jaun\u0101k\u0101 Sirsn\u012bg\u0101 Kompoz\u012bcija: &#8220;Ja Pasaule \u0160onakt Apst\u0101sies&#8221; Skumju Melodija Par Attiec\u012bbu Beig\u0101m M\u016bzi\u0137is un producents Markus&hellip;\n","protected":false},"author":2,"featured_media":6277,"comment_status":"","ping_status":"","sticky":false,"template":"","format":"standard","meta":{"footnotes":""},"categories":[19],"tags":[89,90,2761,2043,35,39,38,194,36,37,34,40,1888,2762],"class_list":{"0":"post-6276","1":"post","2":"type-post","3":"status-publish","4":"format-standard","5":"has-post-thumbnail","7":"category-izklaide","8":"tag-entertainment","9":"tag-izklaide","10":"tag-ja-pasaule-sonakt-apstasies","11":"tag-jauna-dziesma","12":"tag-latvia","13":"tag-latvian","14":"tag-latviesu","15":"tag-latviesu-muzika","16":"tag-latviesu-valoda","17":"tag-latviesuvaloda","18":"tag-latvija","19":"tag-lv","20":"tag-markus-riva","21":"tag-muzikas-jaunumi"},"share_on_mastodon":{"url":"","error":""},"_links":{"self":[{"href":"https:\/\/www.europesays.com\/lv\/wp-json\/wp\/v2\/posts\/6276","targetHints":{"allow":["GET"]}}],"collection":[{"href":"https:\/\/www.europesays.com\/lv\/wp-json\/wp\/v2\/posts"}],"about":[{"href":"https:\/\/www.europesays.com\/lv\/wp-json\/wp\/v2\/types\/post"}],"author":[{"embeddable":true,"href":"https:\/\/www.europesays.com\/lv\/wp-json\/wp\/v2\/users\/2"}],"replies":[{"embeddable":true,"href":"https:\/\/www.europesays.com\/lv\/wp-json\/wp\/v2\/comments?post=6276"}],"version-history":[{"count":0,"href":"https:\/\/www.europesays.com\/lv\/wp-json\/wp\/v2\/posts\/6276\/revisions"}],"wp:featuredmedia":[{"embeddable":true,"href":"https:\/\/www.europesays.com\/lv\/wp-json\/wp\/v2\/media\/6277"}],"wp:attachment":[{"href":"https:\/\/www.europesays.com\/lv\/wp-json\/wp\/v2\/media?parent=6276"}],"wp:term":[{"taxonomy":"category","embeddable":true,"href":"https:\/\/www.europesays.com\/lv\/wp-json\/wp\/v2\/categories?post=6276"},{"taxonomy":"post_tag","embeddable":true,"href":"https:\/\/www.europesays.com\/lv\/wp-json\/wp\/v2\/tags?post=6276"}],"curies":[{"name":"wp","href":"https:\/\/api.w.org\/{rel}","templated":true}]}}