{"id":62760,"date":"2025-12-01T10:47:07","date_gmt":"2025-12-01T10:47:07","guid":{"rendered":"https:\/\/www.europesays.com\/lv\/62760\/"},"modified":"2025-12-01T10:47:07","modified_gmt":"2025-12-01T10:47:07","slug":"adriana-miglane-komente-runas-par-skirsanos","status":"publish","type":"post","link":"https:\/\/www.europesays.com\/lv\/62760\/","title":{"rendered":"Adriana Migl\u0101ne koment\u0113 runas par \u0161\u0137ir\u0161anos"},"content":{"rendered":"<p>Kop\u0161 augusta m\u012blest\u012bbas d\u0113\u013c Latvij\u0101 ir atgriezusies Adriana Migl\u0101ne. K\u0101 publiski atkl\u0101ja pati dzied\u0101t\u0101ja, vi\u0146as jaunais m\u012b\u013cotais ir uz\u0146\u0113m\u0113js O\u013cegs Zabirko. Ta\u010du abu attiec\u012bbas \u0161\u0137iet sare\u017e\u0123\u012bju\u0161\u0101s, jo Adrianas &#8220;Instagram&#8221; profil\u0101 vairs nav atrodama neviena p\u0101ra kop\u012bg\u0101 fotogr\u0101fija. Vai p\u0113k\u0161\u0146\u0101 m\u012blest\u012bba jau ir beigusies? TVNET+ uzrun\u0101ja Adrianu, lai noskaidrotu, kas \u012bsti ir noticis.<\/p>\n","protected":false},"excerpt":{"rendered":"Kop\u0161 augusta m\u012blest\u012bbas d\u0113\u013c Latvij\u0101 ir atgriezusies Adriana Migl\u0101ne. K\u0101 publiski atkl\u0101ja pati dzied\u0101t\u0101ja, vi\u0146as jaunais m\u012b\u013cotais ir&hellip;\n","protected":false},"author":2,"featured_media":62761,"comment_status":"","ping_status":"","sticky":false,"template":"","format":"standard","meta":{"footnotes":""},"categories":[12],"tags":[12805,23,262,28,29,32,33,22,30,31,35,39,38,36,37,34,40,20,26,27,3434,24,25,758,21],"class_list":{"0":"post-62760","1":"post","2":"type-post","3":"status-publish","4":"format-standard","5":"has-post-thumbnail","7":"category-latvija","8":"tag-adriana-miglane","9":"tag-aktualitates","10":"tag-attiecibas","11":"tag-breaking-news","12":"tag-breakingnews","13":"tag-featured-news","14":"tag-featurednews","15":"tag-headlines","16":"tag-latest-news","17":"tag-latestnews","18":"tag-latvia","19":"tag-latvian","20":"tag-latviesu","21":"tag-latviesu-valoda","22":"tag-latviesuvaloda","23":"tag-latvija","24":"tag-lv","25":"tag-news","26":"tag-popularakas-zinas","27":"tag-popularakaszinas","28":"tag-skirsanas","29":"tag-top-stories","30":"tag-topstories","31":"tag-tvnet-sejas","32":"tag-zinas"},"share_on_mastodon":{"url":"https:\/\/pubeurope.com\/@lv\/115643917567876872","error":""},"_links":{"self":[{"href":"https:\/\/www.europesays.com\/lv\/wp-json\/wp\/v2\/posts\/62760","targetHints":{"allow":["GET"]}}],"collection":[{"href":"https:\/\/www.europesays.com\/lv\/wp-json\/wp\/v2\/posts"}],"about":[{"href":"https:\/\/www.europesays.com\/lv\/wp-json\/wp\/v2\/types\/post"}],"author":[{"embeddable":true,"href":"https:\/\/www.europesays.com\/lv\/wp-json\/wp\/v2\/users\/2"}],"replies":[{"embeddable":true,"href":"https:\/\/www.europesays.com\/lv\/wp-json\/wp\/v2\/comments?post=62760"}],"version-history":[{"count":0,"href":"https:\/\/www.europesays.com\/lv\/wp-json\/wp\/v2\/posts\/62760\/revisions"}],"wp:featuredmedia":[{"embeddable":true,"href":"https:\/\/www.europesays.com\/lv\/wp-json\/wp\/v2\/media\/62761"}],"wp:attachment":[{"href":"https:\/\/www.europesays.com\/lv\/wp-json\/wp\/v2\/media?parent=62760"}],"wp:term":[{"taxonomy":"category","embeddable":true,"href":"https:\/\/www.europesays.com\/lv\/wp-json\/wp\/v2\/categories?post=62760"},{"taxonomy":"post_tag","embeddable":true,"href":"https:\/\/www.europesays.com\/lv\/wp-json\/wp\/v2\/tags?post=62760"}],"curies":[{"name":"wp","href":"https:\/\/api.w.org\/{rel}","templated":true}]}}