{"id":62768,"date":"2025-12-01T10:54:15","date_gmt":"2025-12-01T10:54:15","guid":{"rendered":"https:\/\/www.europesays.com\/lv\/62768\/"},"modified":"2025-12-01T10:54:15","modified_gmt":"2025-12-01T10:54:15","slug":"neteiktu-ka-saruna-bija-laba-vai-slikta-tramps-sazvanijies-ar-maduro","status":"publish","type":"post","link":"https:\/\/www.europesays.com\/lv\/62768\/","title":{"rendered":"&#8220;Neteiktu, ka saruna bija laba vai slikta&#8221;. Tramps sazvan\u012bjies ar Maduro"},"content":{"rendered":"<p><a rel=\"noopener nofollow\" target=\"_blank\" href=\"https:\/\/www.delfi.lv\/temas\/42596146\/asv\" tag-id=\"42596146\">ASV<\/a> prezidents Donalds Tramps sv\u0113tdien apstiprin\u0101ja, ka nesen telefoniski sazin\u0101jies ar <a rel=\"noopener nofollow\" target=\"_blank\" href=\"https:\/\/www.delfi.lv\/temas\/41219691\/venecuela\" tag-id=\"41219691\">Venecu\u0113las<\/a> autorit\u0101ro prezidentu Nikolasu Maduro.<\/p>\n<p>&#8220;Nev\u0113los to koment\u0113t. Atbilde ir j\u0101,&#8221; Tramps teica \u017eurn\u0101listiem ASV prezidenta lidma\u0161\u012bn\u0101 &#8220;Air Force One&#8221;, atbildot uz l\u016bgumu koment\u0113t laikraksta &#8220;The New York Times&#8221; piektdien v\u0113st\u012bto, ka abu valstu l\u012bderi iepriek\u0161\u0113j\u0101 ned\u0113\u013c\u0101 ir sazvan\u012bju\u0161ies.<\/p>\n<p>&#8220;Es neteiktu, ka saruna bija laba vai slikta. T\u0101 bija telefonsaruna,&#8221; piebilda Tramps.<\/p>\n<p>Atsaucoties uz vair\u0101kiem anon\u012bmiem avotiem, &#8220;The New York Times&#8221; zi\u0146oja, ka Maduro un Tramps run\u0101ju\u0161i par iesp\u0113jamu tik\u0161anos, lai gan par konkr\u0113tiem pl\u0101niem zi\u0146u nav.<\/p>\n<p>\u017durn\u0101listi ar\u012b jaut\u0101ja Trampam, vai gaisa trieciens Venecu\u0113lai ir nenov\u0113r\u0161ams p\u0113c tam, kad ASV prezidents pag\u0101ju\u0161\u0101s ned\u0113\u013cas s\u0101kum\u0101 pazi\u0146oja, ka \u013coti dr\u012bz s\u0101ksies sauszemes oper\u0101cijas, lai aptur\u0113tu Venecu\u0113las narkotiku tirgot\u0101jus, un ka t\u0101s gaisa telpa b\u016btu j\u0101uzskata par &#8220;piln\u012bb\u0101 sl\u0113gtu&#8221;.<\/p>\n<p>&#8220;Neko taj\u0101 nesaskatiet,&#8221; atbild\u0113ja ASV prezidents.<\/p>\n<p>Trampa administr\u0101cija p\u0113d\u0113j\u0101s ned\u0113\u013c\u0101s ir pastiprin\u0101jusi retoriku un pas\u0101kumus pret Venecu\u0113lu.<\/p>\n<p>Lasiet ar\u012b<\/p>\n<p><a href=\"https:\/\/www.delfi.lv\/46713439\/arzemes\/120096939\/asv-driz-saks-sauszemes-operacijas-pret-venecuelas-narkotiku-kontrabandistiem-saka-tramps\" class=\"headline__image-link\" itemprop=\"url\" rel=\"nofollow noopener\" target=\"_blank\"><img decoding=\"async\" loading=\"lazy\" itemprop=\"image\" src=\"https:\/\/www.europesays.com\/lv\/wp-content\/uploads\/2025\/12\/6bf430f8-5cc8-4e95-8a21-201aef974f5a.jpg\" alt=\"ASV dr\u012bz s\u0101ks sauszemes oper\u0101cijas pret Venecu\u0113las narkotiku kontrabandistiem, saka Tramps\" title=\"ASV dr\u012bz s\u0101ks sauszemes oper\u0101cijas pret Venecu\u0113las narkotiku kontrabandistiem, saka Tramps\" class=\"headline__image img-fluid w-100\"\/><\/a><a href=\"https:\/\/www.delfi.lv\/46713439\/arzemes\/120094844\/venecuela-pazino-par-armijas-mobilizaciju\" class=\"headline__image-link\" itemprop=\"url\" rel=\"nofollow noopener\" target=\"_blank\"><img decoding=\"async\" loading=\"lazy\" itemprop=\"image\" src=\"https:\/\/www.europesays.com\/lv\/wp-content\/uploads\/2025\/12\/f3050c52-8d8e-40f8-bd44-407da43a3655.jpg\" alt=\"Venecu\u0113la pazi\u0146o par armijas mobiliz\u0101ciju\" title=\"Venecu\u0113la pazi\u0146o par armijas mobiliz\u0101ciju\" class=\"headline__image img-fluid w-100\"\/><\/a><\/p>\n<p>ASV ir izvietoju\u0161as papildu karasp\u0113ku Kar\u012bbu j\u016bras re\u0123ion\u0101 un no Vidusj\u016bras uz \u0161o re\u0123ionu p\u0101rc\u0113lu\u0161as pasaul\u0113 liel\u0101ko lidma\u0161\u012bnu b\u0101zesku\u0123i &#8220;Gerald R Ford&#8221;, ko pavada citi karaku\u0123i un t\u0101las darb\u012bbas r\u0101diusa bumbved\u0113js.<\/p>\n<p>ASV armija p\u0113d\u0113j\u0101s ned\u0113\u013c\u0101s ir ap\u0161aud\u012bjusi narkotiku kontrabandistu ku\u0123us Kar\u012bbu j\u016br\u0101, nogalinot vair\u0101k nek\u0101 80 cilv\u0113kus. \u0160\u012bs darb\u012bbas ir pla\u0161i kritiz\u0113tas, jo Va\u0161ingtona s\u0101kotn\u0113ji nesniedza juridisku pamatojumu \u0161iem triecieniem.<\/p>\n<p>Trampa administr\u0101cija ir pasludin\u0101jusi narkotiku karte\u013cus par teroristu organiz\u0101cij\u0101m.<\/p>\n<p>Karakasa apgalvo, ka Va\u0161ingtona ar \u0161\u012bm oper\u0101cij\u0101m cen\u0161as pan\u0101kt Venecu\u0113las re\u017e\u012bma mai\u0146u, un sv\u0113tdien Maduro pazi\u0146oja, ka ASV v\u0113las p\u0101r\u0146emt sav\u0101 kontrol\u0113 Venecu\u0113las naftu.<\/p>\n<p>V\u0113stul\u0113 naftas eksport\u0113t\u0101jvalstu organiz\u0101cijai OPEC Maduro apgalvojis, ka ASV palielina milit\u0101ro kl\u0101tb\u016btni Kar\u012bbu j\u016bras re\u0123ion\u0101 centienos p\u0101r\u0146emt sav\u0101 kontrol\u0113 Venecu\u0113las naftas rezerves.<\/p>\n<p>Maduro pazi\u0146oja, ka ASV sp\u0113ki Kar\u012bbu j\u016br\u0101 sasniedz 15 000 karav\u012bru un 14 karaku\u0123us. Ar\u012b ASV medijos ir izskan\u0113ju\u0161i l\u012bdz\u012bgi dati.<\/p>\n<p>ASV neuzskata Maduro par likum\u012bgu prezidentu. T\u0101pat k\u0101 Eiropas Savien\u012bba un daudzas Lat\u012b\u0146amerikas valstis, t\u0101s ap\u0161auba 2024. gada prezidenta v\u0113l\u0113\u0161anu ofici\u0101los rezult\u0101tus.<\/p>\n<p>ASV ar\u012b aps\u016bdz Venecu\u0113lu par saist\u012bbu ar narkotiku tirdzniec\u012bbu. Venecu\u0113la to noliedz.<\/p>\n<p>Lasiet ar\u012b<\/p>\n<p><a href=\"https:\/\/www.delfi.lv\/46713439\/arzemes\/120090218\/tramps-licis-partraukt-diplomatiskos-kontaktus-ar-venecuelu\" class=\"headline__image-link\" itemprop=\"url\" rel=\"nofollow noopener\" target=\"_blank\"><img decoding=\"async\" loading=\"lazy\" itemprop=\"image\" src=\"https:\/\/www.europesays.com\/lv\/wp-content\/uploads\/2025\/12\/136bdc88-158a-4b49-9c7a-ed31f92e3b45.jpg\" alt=\"Tramps licis p\u0101rtraukt diplom\u0101tiskos kontaktus ar Venecu\u0113lu\" title=\"Tramps licis p\u0101rtraukt diplom\u0101tiskos kontaktus ar Venecu\u0113lu\" class=\"headline__image img-fluid w-100\"\/><\/a><a href=\"https:\/\/www.delfi.lv\/46713439\/arzemes\/120085991\/video-asv-veic-triecienu-ar-venecuelas-karteli-it-ka-saistitai-narkotiku-atrlaivai\" class=\"headline__image-link\" itemprop=\"url\" rel=\"nofollow noopener\" target=\"_blank\"><img decoding=\"async\" loading=\"lazy\" itemprop=\"image\" src=\"https:\/\/www.europesays.com\/lv\/wp-content\/uploads\/2025\/12\/b1d1d751-5d75-405e-8a52-c80620d8445e.jpg\" alt=\"Video: ASV veic triecienu ar Venecu\u0113las karteli it k\u0101 saist\u012btai narkotiku \u0101trlaivai\" title=\"Video: ASV veic triecienu ar Venecu\u0113las karteli it k\u0101 saist\u012btai narkotiku \u0101trlaivai\" class=\"headline__image img-fluid w-100\"\/><\/a><\/p>\n<p class=\"m-0\">Seko &#8220;Delfi&#8221; ar\u012b  <a target=\"_blank\" href=\"https:\/\/www.instagram.com\/delfi.lv\/\" rel=\"nofollow noopener\">Instagram<\/a>  un <a target=\"_blank\" href=\"https:\/\/www.youtube.com\/channel\/UCw5foWtcJvAbUm64rv7jwUQ\" rel=\"nofollow noopener\">YouTube<\/a>  profil\u0101 \u2013 pievienojies, lai uzzin\u0101tu svar\u012bg\u0101ko un interesant\u0101ko pirmais!<\/p>\n<p>Publik\u0101cijas saturs vai t\u0101s jebk\u0101da apjoma da\u013ca ir aizsarg\u0101ts autorties\u012bbu objekts Autorties\u012bbu likuma izpratn\u0113, un t\u0101 izmanto\u0161ana bez izdev\u0113ja at\u013caujas ir aizliegta. Vair\u0101k lasi  <a target=\"_blank\" href=\"https:\/\/www.delfi.lv\/noteikumi#autortiesibas\" rel=\"nofollow noopener\">\u0161eit<\/a><script async src=\"\/\/www.instagram.com\/embed.js\"><\/script><\/p>\n","protected":false},"excerpt":{"rendered":"ASV prezidents Donalds Tramps sv\u0113tdien apstiprin\u0101ja, ka nesen telefoniski sazin\u0101jies ar Venecu\u0113las autorit\u0101ro prezidentu Nikolasu Maduro. &#8220;Nev\u0113los to&hellip;\n","protected":false},"author":2,"featured_media":62769,"comment_status":"","ping_status":"","sticky":false,"template":"","format":"standard","meta":{"footnotes":""},"categories":[5],"tags":[23,292,28,29,32,33,22,30,31,35,39,38,36,37,34,40,20,26,27,24,25,358,21],"class_list":{"0":"post-62768","1":"post","2":"type-post","3":"status-publish","4":"format-standard","5":"has-post-thumbnail","7":"category-aktualitates","8":"tag-aktualitates","9":"tag-asv","10":"tag-breaking-news","11":"tag-breakingnews","12":"tag-featured-news","13":"tag-featurednews","14":"tag-headlines","15":"tag-latest-news","16":"tag-latestnews","17":"tag-latvia","18":"tag-latvian","19":"tag-latviesu","20":"tag-latviesu-valoda","21":"tag-latviesuvaloda","22":"tag-latvija","23":"tag-lv","24":"tag-news","25":"tag-popularakas-zinas","26":"tag-popularakaszinas","27":"tag-top-stories","28":"tag-topstories","29":"tag-venecuela","30":"tag-zinas"},"share_on_mastodon":{"url":"https:\/\/pubeurope.com\/@lv\/115643945250287749","error":""},"_links":{"self":[{"href":"https:\/\/www.europesays.com\/lv\/wp-json\/wp\/v2\/posts\/62768","targetHints":{"allow":["GET"]}}],"collection":[{"href":"https:\/\/www.europesays.com\/lv\/wp-json\/wp\/v2\/posts"}],"about":[{"href":"https:\/\/www.europesays.com\/lv\/wp-json\/wp\/v2\/types\/post"}],"author":[{"embeddable":true,"href":"https:\/\/www.europesays.com\/lv\/wp-json\/wp\/v2\/users\/2"}],"replies":[{"embeddable":true,"href":"https:\/\/www.europesays.com\/lv\/wp-json\/wp\/v2\/comments?post=62768"}],"version-history":[{"count":0,"href":"https:\/\/www.europesays.com\/lv\/wp-json\/wp\/v2\/posts\/62768\/revisions"}],"wp:featuredmedia":[{"embeddable":true,"href":"https:\/\/www.europesays.com\/lv\/wp-json\/wp\/v2\/media\/62769"}],"wp:attachment":[{"href":"https:\/\/www.europesays.com\/lv\/wp-json\/wp\/v2\/media?parent=62768"}],"wp:term":[{"taxonomy":"category","embeddable":true,"href":"https:\/\/www.europesays.com\/lv\/wp-json\/wp\/v2\/categories?post=62768"},{"taxonomy":"post_tag","embeddable":true,"href":"https:\/\/www.europesays.com\/lv\/wp-json\/wp\/v2\/tags?post=62768"}],"curies":[{"name":"wp","href":"https:\/\/api.w.org\/{rel}","templated":true}]}}