{"id":62798,"date":"2025-12-01T11:25:09","date_gmt":"2025-12-01T11:25:09","guid":{"rendered":"https:\/\/www.europesays.com\/lv\/62798\/"},"modified":"2025-12-01T11:25:09","modified_gmt":"2025-12-01T11:25:09","slug":"summer-sound-2026-izzino-festivala-pirmos-maksliniekus","status":"publish","type":"post","link":"https:\/\/www.europesays.com\/lv\/62798\/","title":{"rendered":"\u201cSummer Sound 2026\u201d izzi\u0146o festiv\u0101la pirmos m\u0101ksliniekus"},"content":{"rendered":"<p><img decoding=\"async\" class=\"figure__image\" onclick=\"triggerEvent('articleImageClick', { id: 17310472, focus: 'single-image', focusIndex: '17310472' })\" onkeydown=\"if (event.key === 'Enter') {&#10;        triggerEvent('articleImageClick', { id: 17310472, focus: 'single-image', focusIndex: '17310472' })&#10;        }\" role=\"button\" tabindex=\"0\" data-focus-from=\"single-image\" data-focus-index=\"17310472\" src=\"https:\/\/www.europesays.com\/lv\/wp-content\/uploads\/2025\/12\/17310472t1h7994.jpg\" onload=\"this.parentElement.classList.remove('figure__image-loading')\" alt=\"&quot;Gogol Bordello&quot;\"\/>&#8220;Gogol Bordello&#8221; Foto: publicit\u0101tes<\/p>\n<p>Tagad, p\u0113c se\u0161u gadu pauzes, grupa atgriez\u012bsies Liep\u0101jas pludmal\u0113, lai satricin\u0101tu festiv\u0101lu ar saviem le\u0123end\u0101rajiem hitiem -\u201cStart Wearing Purple\u201d, \u201cWanderlust King\u201d, \u201cAmerican Wedding\u201d un citiem.<\/p>\n<p>Ball\u012b\u0161u partiz\u0101ni \u201cBermudu Divst\u016bris\u201d \u0161ogad piepild\u012bja ar\u0113nu, bet n\u0101kamaj\u0101 vasar\u0101 gatavojas aizpild\u012bt visu Liep\u0101jas pludmali. Vi\u0146u hiti \u201cLabi\u201d, \u201cBall\u0113jam negu\u013cam\u201d, \u201cRoku oke\u0101ns\u201d un daudzi citi ir k\u013cuvu\u0161i par Latvijas ball\u012b\u0161u klasiku, ko zina teju ikviens.<\/p>\n<p>Spilgt\u0101 un neprognoz\u0113jam\u0101 repa \u201csupergrupa\u201d \u201cSingap\u016bras Sat\u012bns\u201d ir rad\u012bjusi kaudzi lip\u012bgu un provokat\u012bvu hitu, to vid\u016b &#8220;Piededzini Mann\u201d, \u201cDEGVIELA\u201d un \u201cPlan\u0113ta \u2013 Pritons\u201d. Tie\u0161i dz\u012bvajos koncertos atkl\u0101jas grupas \u012bst\u0101 daba, t\u0101p\u0113c festiv\u0101la apmekl\u0113t\u0101ji var b\u016bt dro\u0161i, ka Liep\u0101j\u0101 &#8220;Singap\u016bras Sat\u012bns\u201d sag\u0101d\u0101s ne vienu vien p\u0101rsteigumu.<\/p>\n<p>Festiv\u0101l\u0101 uz skatuves k\u0101ps ar\u012b viens no sp\u0113c\u012bg\u0101kajiem Latvijas hiphopa m\u0101ksliniekiem ansis, m\u016bsdienu tautas m\u016bzikas grupa &#8220;Tautumeitas&#8221; un \u201cThe Big Bad Hit Show\u201d \u2013 &#8220;Summer Sound\u201d festiv\u0101la \u0161ovs, kas apvieno popul\u0101ru pasaules un pa\u0161m\u0101ju m\u016bzikas hitus, labi zin\u0101mu Latvijas m\u016bzi\u0137u izpild\u012bjum\u0101.<\/p>\n<p>Programmu papildina ar\u012b virkne Latvijas m\u0101kslinieku \u2013 reperis DENISS, alternat\u012bv\u0101 poproka grupa &#8220;Bukte&#8221;, jaun\u0101 hiphopa m\u0101ksliniece Revol\u016bcija un dzied\u0101t\u0101ja Amanda, k\u0101 ar\u012b ind\u012bfolka apvien\u012bba \u201cTante Gaida\u201d.<\/p>\n<p>L\u012bdz 29. decembrim festiv\u0101la divu dienu un VIP bi\u013cetes pieejamas par \u012bpa\u0161i izdev\u012bg\u0101m cen\u0101m. Bi\u013cetes uz \u201cSummer Sound\u201d pieejamas: <a target=\"_blank\" rel=\"noopener noreferrer nofollow\" href=\"https:\/\/summersound.lv\/\">summersound.lv!<\/a> Seko l\u012bdzi festiv\u0101la jaunumiem m\u0101jaslap\u0101 un festiv\u0101la soci\u0101lo t\u012bklu profilos.<\/p>\n<p>Festiv\u0101ls \u201cSummer Sound\u201d ir liel\u0101kais m\u016bzikas festiv\u0101ls Baltij\u0101, kas katru gadu norisin\u0101s Liep\u0101jas pludmal\u0113. 2026. gad\u0101 festiv\u0101ls notiks jau 14. gadu. \u201cSummer Sound\u201d apvienos viet\u0113jos un starptautiskos m\u0101ksliniekus, un to raksturo br\u012bva atmosf\u0113ra, pla\u0161s m\u016bzikas \u017eanru loks un unik\u0101la iesp\u0113ja baud\u012bt koncertus pa\u0161\u0101 j\u016bras krast\u0101.<\/p>\n","protected":false},"excerpt":{"rendered":"&#8220;Gogol Bordello&#8221; Foto: publicit\u0101tes Tagad, p\u0113c se\u0161u gadu pauzes, grupa atgriez\u012bsies Liep\u0101jas pludmal\u0113, lai satricin\u0101tu festiv\u0101lu ar saviem&hellip;\n","protected":false},"author":2,"featured_media":62799,"comment_status":"","ping_status":"","sticky":false,"template":"","format":"standard","meta":{"footnotes":""},"categories":[19],"tags":[89,5989,90,35,39,38,36,37,34,40,16512],"class_list":{"0":"post-62798","1":"post","2":"type-post","3":"status-publish","4":"format-standard","5":"has-post-thumbnail","7":"category-izklaide","8":"tag-entertainment","9":"tag-festivali","10":"tag-izklaide","11":"tag-latvia","12":"tag-latvian","13":"tag-latviesu","14":"tag-latviesu-valoda","15":"tag-latviesuvaloda","16":"tag-latvija","17":"tag-lv","18":"tag-summer-sound"},"share_on_mastodon":{"url":"https:\/\/pubeurope.com\/@lv\/115644066977443732","error":""},"_links":{"self":[{"href":"https:\/\/www.europesays.com\/lv\/wp-json\/wp\/v2\/posts\/62798","targetHints":{"allow":["GET"]}}],"collection":[{"href":"https:\/\/www.europesays.com\/lv\/wp-json\/wp\/v2\/posts"}],"about":[{"href":"https:\/\/www.europesays.com\/lv\/wp-json\/wp\/v2\/types\/post"}],"author":[{"embeddable":true,"href":"https:\/\/www.europesays.com\/lv\/wp-json\/wp\/v2\/users\/2"}],"replies":[{"embeddable":true,"href":"https:\/\/www.europesays.com\/lv\/wp-json\/wp\/v2\/comments?post=62798"}],"version-history":[{"count":0,"href":"https:\/\/www.europesays.com\/lv\/wp-json\/wp\/v2\/posts\/62798\/revisions"}],"wp:featuredmedia":[{"embeddable":true,"href":"https:\/\/www.europesays.com\/lv\/wp-json\/wp\/v2\/media\/62799"}],"wp:attachment":[{"href":"https:\/\/www.europesays.com\/lv\/wp-json\/wp\/v2\/media?parent=62798"}],"wp:term":[{"taxonomy":"category","embeddable":true,"href":"https:\/\/www.europesays.com\/lv\/wp-json\/wp\/v2\/categories?post=62798"},{"taxonomy":"post_tag","embeddable":true,"href":"https:\/\/www.europesays.com\/lv\/wp-json\/wp\/v2\/tags?post=62798"}],"curies":[{"name":"wp","href":"https:\/\/api.w.org\/{rel}","templated":true}]}}