{"id":62901,"date":"2025-12-01T12:46:10","date_gmt":"2025-12-01T12:46:10","guid":{"rendered":"https:\/\/www.europesays.com\/lv\/62901\/"},"modified":"2025-12-01T12:46:10","modified_gmt":"2025-12-01T12:46:10","slug":"netanjahu-ludz-apzelosanu-korupcijas-lieta-pamato-ar-nacionalajam-interesem","status":"publish","type":"post","link":"https:\/\/www.europesays.com\/lv\/62901\/","title":{"rendered":"Netanjahu l\u016bdz ap\u017e\u0113lo\u0161anu korupcijas liet\u0101; pamato ar &#8220;nacion\u0101laj\u0101m interes\u0113m&#8221;"},"content":{"rendered":"<p>Sv\u0113tdien premjerministra birojs pazi\u0146oja, ka Netanjahu ir iesniedzis ap\u017e\u0113lo\u0161anas l\u016bgumu prezidenta kancelejas juridiskajam departamentam. K\u0101 v\u0113sta \u0101rvalstu mediji, Netanjahu nor\u0101d\u012bjis, ka ap\u017e\u0113lo\u0161ana saist\u012bb\u0101 ar aps\u016bdz\u012bb\u0101m korupcij\u0101 b\u016btu &#8220;nacion\u0101laj\u0101s interes\u0113s&#8221;.<\/p>\n<p>Netanjahu ir vien\u012bgais premjerministrs Izra\u0113las v\u0113stur\u0113, kur\u0161 st\u0101jies tiesas priek\u0161\u0101, esot vald\u012bbas vad\u012bt\u0101ja amat\u0101.<\/p>\n<blockquote class=\"quote ck-widget\" contenteditable=\"false\">\n<p>Ap\u017e\u0113lo\u0161anas l\u016bgums izteikts p\u0113c ASV prezidenta Donalda Trampa aicin\u0101juma ap\u017e\u0113lot Netanjahu.<\/p>\n<\/blockquote>\n<p>Tramps oktobra vid\u016b run\u0101 Izra\u0113las parlament\u0101 mudin\u0101ja ap\u017e\u0113lot premjeru. Novembra vid\u016b Izra\u0113las prezidenta kanceleja publiskoja Trampa v\u0113stuli, kur\u0101 vi\u0146\u0161 paudis \u0161\u0101du aicin\u0101jumu.<\/p>\n<p>Sv\u0113tdien izplat\u012btaj\u0101 videopazi\u0146ojum\u0101 Netanjahu pauda viedokli, ka tiesas pr\u0101va esot sa\u0161\u0137\u0113lusi valsti un ap\u017e\u0113lo\u0161ana pal\u012bdz\u0113tu atjaunot nacion\u0101lo vienot\u012bbu. Vi\u0146\u0161 ar\u012b sac\u012bja, ka pras\u012bba tr\u012bs reizes ned\u0113\u013c\u0101 ierasties ties\u0101 esot trauc\u0113klis, kas vi\u0146am apgr\u016btinot vald\u012bbas vad\u012b\u0161anu.<\/p>\n<p>Par Netanjahu l\u016bgumu vispirms sniegs atzinumu Tieslietu ministrija, bet p\u0113c tam prezidenta kancelejas juridiskais departaments izstr\u0101d\u0101s ieteikumus prezidentam.<\/p>\n<p>Pr\u0101va s\u0101k\u0101s 2020. gad\u0101 un ir saist\u012bta ar trim atsevi\u0161\u0137\u0101m liet\u0101m, kur\u0101s prokurat\u016bras v\u0113rt\u0113jum\u0101 Netanjahu nodro\u0161in\u0101ja labv\u0113l\u012bgu regul\u0113jumu mediju grup\u0101m apmai\u0146\u0101 pret pozit\u012bvu atspogu\u013cojumu, k\u0101 ar\u012b apmai\u0146\u0101 pret d\u0101rg\u0101m d\u0101van\u0101m veicin\u0101ja k\u0101da tur\u012bga Holivudas producenta intere\u0161u izpildi.<\/p>\n","protected":false},"excerpt":{"rendered":"Sv\u0113tdien premjerministra birojs pazi\u0146oja, ka Netanjahu ir iesniedzis ap\u017e\u0113lo\u0161anas l\u016bgumu prezidenta kancelejas juridiskajam departamentam. K\u0101 v\u0113sta \u0101rvalstu mediji,&hellip;\n","protected":false},"author":2,"featured_media":62902,"comment_status":"","ping_status":"","sticky":false,"template":"","format":"standard","meta":{"footnotes":""},"categories":[14],"tags":[23,57,1275,28,29,542,32,33,22,493,503,688,30,31,35,39,38,36,37,34,40,20,26,27,24,25,54,55,56,21,58],"class_list":{"0":"post-62901","1":"post","2":"type-post","3":"status-publish","4":"format-standard","5":"has-post-thumbnail","7":"category-zinas-no-arvalstim","8":"tag-aktualitates","9":"tag-arvalstim","10":"tag-benjamins-netanjahu","11":"tag-breaking-news","12":"tag-breakingnews","13":"tag-donalds-tramps","14":"tag-featured-news","15":"tag-featurednews","16":"tag-headlines","17":"tag-izraela","18":"tag-izraelas-palestiniesu-konflikts","19":"tag-korupcija","20":"tag-latest-news","21":"tag-latestnews","22":"tag-latvia","23":"tag-latvian","24":"tag-latviesu","25":"tag-latviesu-valoda","26":"tag-latviesuvaloda","27":"tag-latvija","28":"tag-lv","29":"tag-news","30":"tag-popularakas-zinas","31":"tag-popularakaszinas","32":"tag-top-stories","33":"tag-topstories","34":"tag-world","35":"tag-world-news","36":"tag-worldnews","37":"tag-zinas","38":"tag-zinas-no-arvalstim"},"share_on_mastodon":{"url":"https:\/\/pubeurope.com\/@lv\/115644385511860030","error":""},"_links":{"self":[{"href":"https:\/\/www.europesays.com\/lv\/wp-json\/wp\/v2\/posts\/62901","targetHints":{"allow":["GET"]}}],"collection":[{"href":"https:\/\/www.europesays.com\/lv\/wp-json\/wp\/v2\/posts"}],"about":[{"href":"https:\/\/www.europesays.com\/lv\/wp-json\/wp\/v2\/types\/post"}],"author":[{"embeddable":true,"href":"https:\/\/www.europesays.com\/lv\/wp-json\/wp\/v2\/users\/2"}],"replies":[{"embeddable":true,"href":"https:\/\/www.europesays.com\/lv\/wp-json\/wp\/v2\/comments?post=62901"}],"version-history":[{"count":0,"href":"https:\/\/www.europesays.com\/lv\/wp-json\/wp\/v2\/posts\/62901\/revisions"}],"wp:featuredmedia":[{"embeddable":true,"href":"https:\/\/www.europesays.com\/lv\/wp-json\/wp\/v2\/media\/62902"}],"wp:attachment":[{"href":"https:\/\/www.europesays.com\/lv\/wp-json\/wp\/v2\/media?parent=62901"}],"wp:term":[{"taxonomy":"category","embeddable":true,"href":"https:\/\/www.europesays.com\/lv\/wp-json\/wp\/v2\/categories?post=62901"},{"taxonomy":"post_tag","embeddable":true,"href":"https:\/\/www.europesays.com\/lv\/wp-json\/wp\/v2\/tags?post=62901"}],"curies":[{"name":"wp","href":"https:\/\/api.w.org\/{rel}","templated":true}]}}