{"id":62907,"date":"2025-12-01T12:52:10","date_gmt":"2025-12-01T12:52:10","guid":{"rendered":"https:\/\/www.europesays.com\/lv\/62907\/"},"modified":"2025-12-01T12:52:10","modified_gmt":"2025-12-01T12:52:10","slug":"prokuratura-nekomente-vai-sanemti-ukrainas-tiesiskas-palidzibas-lugumi-saistiba-ar-korupcijas-skandalu","status":"publish","type":"post","link":"https:\/\/www.europesays.com\/lv\/62907\/","title":{"rendered":"Prokurat\u016bra nekoment\u0113, vai sa\u0146emti Ukrainas tiesisk\u0101s pal\u012bdz\u012bbas l\u016bgumi saist\u012bb\u0101 ar korupcijas skand\u0101lu"},"content":{"rendered":"<p>Par konkr\u0113to personu v\u0101rd\u0101 Igors Zalivskis l\u012bdz \u0161im nav ofici\u0101la apstiprin\u0101juma. Ta\u010du Latvijas v\u0113stnieks Ukrain\u0101 Andrejs Pildegovi\u010ds Latvijas Telev\u012bzijai atzinis, ka apm\u0113ram pirms ned\u0113\u013cas Kijiv\u0101 akredit\u0113tajiem Eiropas Savien\u012bbas v\u0113stniekiem bijusi tik\u0161an\u0101s ar abu Ukrainas korupcijas apkaro\u0161anas strukt\u016bru izmekl\u0113t\u0101jiem saist\u012bb\u0101 ar &#8220;Enerhoatom&#8221; lietu. \u0160aj\u0101 liet\u0101 pavedieni ved uz aptuveni 12 valst\u012bm da\u017e\u0101dos kontinentos, un izskan\u0113jis ar\u012b Latvijas v\u0101rds.<\/p>\n<p>&#8220;\u0160aj\u0101s valst\u012bs re\u0123istr\u0113t\u0101s komp\u0101nijas, iesp\u0113jams, ir biju\u0161as iesaist\u012btas da\u017e\u0101d\u0101s sh\u0113m\u0101s. Konkr\u0113tas aps\u016bdz\u012bbas netika min\u0113tas. Netika konkr\u0113ti min\u0113tas k\u0101das firmas, bet \u0161o 12 valstu sarakst\u0101 tika piemin\u0113ta Latvija. Rea\u0123\u0113jot uz \u0161o inform\u0101ciju, es turpat, s\u0113des laik\u0101, paudu gatav\u012bbu gan no v\u0113stniec\u012bbas, gan no \u0100rlietu ministrijas puses vis\u0101d\u0101 veid\u0101 operat\u012bvi inform\u0113t Latvijas prokurat\u016bru, Latvijas ties\u012bbsarg\u0101jo\u0161\u0101s instit\u016bcijas, ja t\u0101da pal\u012bdz\u012bba b\u016bs nepiecie\u0161ama,&#8221; uzsv\u0113ra Pildegovi\u010ds. Vi\u0146\u0161 ar\u012b atkl\u0101ja, ka ir ticies ar vienu no prokuroriem, kas p\u0101rrauga \u0161o procesu, atk\u0101rtoti apliecinot, ka Latvijas puse v\u0113las pal\u012bdz\u0113t, ja t\u0101da nepiecie\u0161am\u012bba b\u016bs.<\/p>\n<p>Latvijas prokurat\u016bras preses p\u0101rst\u0101ve Ieva \u0160omina a\u0123ent\u016brai LETA teica, ka prokurat\u016bra patlaban nekoment\u0113s, vai ir sa\u0146emti Ukrainas tiesisk\u0101s pal\u012bdz\u012bbas l\u016bgumi.<\/p>\n","protected":false},"excerpt":{"rendered":"Par konkr\u0113to personu v\u0101rd\u0101 Igors Zalivskis l\u012bdz \u0161im nav ofici\u0101la apstiprin\u0101juma. Ta\u010du Latvijas v\u0113stnieks Ukrain\u0101 Andrejs Pildegovi\u010ds Latvijas&hellip;\n","protected":false},"author":2,"featured_media":62908,"comment_status":"","ping_status":"","sticky":false,"template":"","format":"standard","meta":{"footnotes":""},"categories":[14],"tags":[23,57,28,29,32,33,22,688,30,31,35,39,38,36,37,34,40,20,26,27,24,25,276,54,55,56,21,58],"class_list":{"0":"post-62907","1":"post","2":"type-post","3":"status-publish","4":"format-standard","5":"has-post-thumbnail","7":"category-zinas-no-arvalstim","8":"tag-aktualitates","9":"tag-arvalstim","10":"tag-breaking-news","11":"tag-breakingnews","12":"tag-featured-news","13":"tag-featurednews","14":"tag-headlines","15":"tag-korupcija","16":"tag-latest-news","17":"tag-latestnews","18":"tag-latvia","19":"tag-latvian","20":"tag-latviesu","21":"tag-latviesu-valoda","22":"tag-latviesuvaloda","23":"tag-latvija","24":"tag-lv","25":"tag-news","26":"tag-popularakas-zinas","27":"tag-popularakaszinas","28":"tag-top-stories","29":"tag-topstories","30":"tag-ukraina","31":"tag-world","32":"tag-world-news","33":"tag-worldnews","34":"tag-zinas","35":"tag-zinas-no-arvalstim"},"share_on_mastodon":{"url":"https:\/\/pubeurope.com\/@lv\/115644409087016612","error":""},"_links":{"self":[{"href":"https:\/\/www.europesays.com\/lv\/wp-json\/wp\/v2\/posts\/62907","targetHints":{"allow":["GET"]}}],"collection":[{"href":"https:\/\/www.europesays.com\/lv\/wp-json\/wp\/v2\/posts"}],"about":[{"href":"https:\/\/www.europesays.com\/lv\/wp-json\/wp\/v2\/types\/post"}],"author":[{"embeddable":true,"href":"https:\/\/www.europesays.com\/lv\/wp-json\/wp\/v2\/users\/2"}],"replies":[{"embeddable":true,"href":"https:\/\/www.europesays.com\/lv\/wp-json\/wp\/v2\/comments?post=62907"}],"version-history":[{"count":0,"href":"https:\/\/www.europesays.com\/lv\/wp-json\/wp\/v2\/posts\/62907\/revisions"}],"wp:featuredmedia":[{"embeddable":true,"href":"https:\/\/www.europesays.com\/lv\/wp-json\/wp\/v2\/media\/62908"}],"wp:attachment":[{"href":"https:\/\/www.europesays.com\/lv\/wp-json\/wp\/v2\/media?parent=62907"}],"wp:term":[{"taxonomy":"category","embeddable":true,"href":"https:\/\/www.europesays.com\/lv\/wp-json\/wp\/v2\/categories?post=62907"},{"taxonomy":"post_tag","embeddable":true,"href":"https:\/\/www.europesays.com\/lv\/wp-json\/wp\/v2\/tags?post=62907"}],"curies":[{"name":"wp","href":"https:\/\/api.w.org\/{rel}","templated":true}]}}