{"id":62911,"date":"2025-12-01T12:57:18","date_gmt":"2025-12-01T12:57:18","guid":{"rendered":"https:\/\/www.europesays.com\/lv\/62911\/"},"modified":"2025-12-01T12:57:18","modified_gmt":"2025-12-01T12:57:18","slug":"amd-negaiditi-apstiprina-jauno-ryzen-7-9850x3d-procesoru-lente-lv","status":"publish","type":"post","link":"https:\/\/www.europesays.com\/lv\/62911\/","title":{"rendered":"AMD negaid\u012bti apstiprina jauno Ryzen 7 9850X3D procesoru\u00a0\u2014\u00a0Lente.lv"},"content":{"rendered":"<p>AMD slepenais ierocis sp\u0113l\u0113t\u0101jiem: Ryzen 7 9850X3D izskat\u0101s realit\u0101t\u0113<\/p>\n<p>Slepen\u012bba nu ir beigusies! AMD ir nejau\u0161i atkl\u0101jis jaud\u012bgu jaunu procesoru sav\u0101 ofici\u0101laj\u0101 t\u012bmek\u013ca vietn\u0113 \u2013 gaid\u0101mo Ryzen 7 9850X3D. Lai gan ofici\u0101ls pazi\u0146ojums v\u0113l nav sniegts, \u0161\u012b nopl\u016bde atbalsta lap\u0101 ir nep\u0101rprotams sign\u0101ls: tuv\u0101kaj\u0101 laik\u0101 gaid\u0101ms b\u016btisks atjaunin\u0101jums AMD procesoru saim\u0113. Baumas par jaunu Ryzen 9000X3D s\u0113riju kl\u012bda jau m\u0113nesi, minot divus mode\u013cus \u2013 Ryzen 9 9950X3D2 un Ryzen 7 9850X3D. Tagad otrais no tiem ir praktiski apstiprin\u0101ts, un tas sola iespaid\u012bgu veiktsp\u0113jas l\u0113cienu!<\/p>\n<p>Ryzen 7 9850X3D: Maz\u0101k kodolu, vair\u0101k \u0101truma<\/p>\n<p>Kas tad \u012bsti sl\u0113pjas zem \u0161\u012b jaun\u0101 procesora p\u0101rsega? Ryzen 7 9850X3D saglab\u0101 paz\u012bstamo 8 kodolu un 16 pavedienu konfigur\u0101ciju, kam rakstur\u012bgs 120W TDP. \u013boti svar\u012bgi, ka tas pied\u0101v\u0101 tikpat iespaid\u012bgu 96 MB L3 ke\u0161atmi\u0146as apjomu k\u0101 t\u0101 priek\u0161g\u0101j\u0113js, Ryzen 7 9800X3D. Ta\u010du \u012bstais jaunums, kas sird\u012bs kl\u0101t sp\u0113l\u0113t\u0101jiem, ir frekvences. \u0160is jaunais \u010dips var sasniegt iespaid\u012bgu 5,6 GHz turbo frekvenci, kas ir par iev\u0113rojamiem 400 MHz vair\u0101k nek\u0101 9800X3D. \u0160\u0101ds pieaugums vienas kodola \u0101trum\u0101 un ke\u0161atmi\u0146\u0101 ir k\u0101 zelta bi\u013cete sp\u0113\u013cu entuziastiem, tie\u0161i t\u0101s ir lietas, kas visvair\u0101k ietekm\u0113 kadru skaitu sekund\u0113 (FPS).<\/p>\n<p>Zen 5 ar 3D V-Cache 2. paaudzi: Aukst\u0101ks, \u0101tr\u0101ks, atblo\u0137\u0113ts<\/p>\n<p>AMD ir nep\u0101rprotami apstiprin\u0101jis, ka vi\u0146u Zen 5 arhitekt\u016br\u0101 tiek izmantota uzlabota 3D V-Cache otr\u0101 paaudze. \u0160\u012b jaun\u0101 versija ne tikai darbojas efekt\u012bv\u0101k, nodro\u0161inot zem\u0101ku temperat\u016bru un liel\u0101ku \u0101trumu, bet ar\u012b, kas ir \u013coti svar\u012bgi, beidzot atbalsta pa\u0161u p\u0101rspriegojumu (overclocking). Tie\u0161i \u0161\u012b sp\u0113ja atblo\u0137\u0113t potenci\u0101lu ir \u013c\u0101vusi AMD pirmo reizi sasniegt tik stabilu un augstu pulkste\u0146a \u0101trumu ar \u0161\u0101du lielo ke\u0161atmi\u0146as apjomu, radot patiesas X3D modifik\u0101cijas tirgum.<\/p>\n<p>Konkurence uz skatuves: Intel un AMD strat\u0113\u0123ija<\/p>\n<p>AMD ne\u013caujies pa\u0161apmierin\u0101t\u012bbai, jo konkurence ir ar\u012b citur. Tiek zi\u0146ots, ka Intel akt\u012bvi str\u0101d\u0101 pie sava atbildes g\u0101jiena uz 3D V-Cache, pl\u0101nojot ieviest t\u0101 sauktos &#8220;Big LLC&#8221; blokus sav\u0101 n\u0101kamaj\u0101 Nova Lake procesoru paaudz\u0113. Tom\u0113r \u0161ie jaunumi no Intel neb\u016bs pieejami agr\u0101k k\u0101 2026. gada beig\u0101s, tie\u0161i t\u0101pat k\u0101 n\u0101kam\u0101s paaudzes AMD Zen 6 risin\u0101jumi. Tas noz\u012bm\u0113, ka tuv\u0101kaj\u0101 n\u0101kotn\u0113 augstas veiktsp\u0113jas sp\u0113\u013cu procesoru tirgus segments dro\u0161i vien paliks AMD p\u0101rvald\u012bb\u0101.<\/p>\n<p>Apm\u0101c\u012bba ar\u012b uz Ryzen 9 9950X3D2?<\/p>\n<p>Nopl\u016bdes nep\u0101rst\u0101j pl\u016bst, un ir par\u0101d\u012bju\u0161ies ar\u012b papildu apstiprin\u0101jumi par v\u0113l vienu X3D modeli \u2013 Ryzen 9 9950X3D2. \u0160is ir \u012bsts zv\u0113rs, hibr\u012bda versija ar 16 kodoliem un 32 pavedieniem. Tiek pie\u013cauts, ka tas izmantos divus apvienotus \u010dipletus, kop\u0101 pied\u0101v\u0101jot aptuveni 192 MB L3 ke\u0161atmi\u0146as. S\u0101kotn\u0113jie dati liecina, ka \u0161is procesors darbosies ar b\u0101zes frekvenci 4,30 GHz un sp\u0113s sasniegt ap 5,6 GHz turbo frekvenci, kam\u0113r TDP b\u016bs aptuveni 200 W. Tom\u0113r \u0161is modelis v\u0113l nav ofici\u0101li apstiprin\u0101ts no AMD puses, t\u0101p\u0113c ofici\u0101las deta\u013cas b\u016bs j\u0101gaida ilg\u0101k. Inform\u0101cija par p\u0101r\u0113j\u0101m Ryzen 9000X3D s\u0113rijas \u010dipiem par\u0101d\u012bsies tuv\u0101ko m\u0113ne\u0161u laik\u0101.<\/p>\n","protected":false},"excerpt":{"rendered":"AMD slepenais ierocis sp\u0113l\u0113t\u0101jiem: Ryzen 7 9850X3D izskat\u0101s realit\u0101t\u0113 Slepen\u012bba nu ir beigusies! AMD ir nejau\u0161i atkl\u0101jis jaud\u012bgu&hellip;\n","protected":false},"author":2,"featured_media":62912,"comment_status":"","ping_status":"","sticky":false,"template":"","format":"standard","meta":{"footnotes":""},"categories":[16],"tags":[9709,5089,77,76,35,39,38,36,37,34,40,198,16543,16544],"class_list":{"0":"post-62911","1":"post","2":"type-post","3":"status-publish","4":"format-standard","5":"has-post-thumbnail","7":"category-bizness","8":"tag-3d-v-cache","9":"tag-amd","10":"tag-bizness","11":"tag-business","12":"tag-latvia","13":"tag-latvian","14":"tag-latviesu","15":"tag-latviesu-valoda","16":"tag-latviesuvaloda","17":"tag-latvija","18":"tag-lv","19":"tag-procesori","20":"tag-ryzen-7-9850x3d","21":"tag-spelu-veiktspeja"},"share_on_mastodon":{"url":"https:\/\/pubeurope.com\/@lv\/115644428683090697","error":""},"_links":{"self":[{"href":"https:\/\/www.europesays.com\/lv\/wp-json\/wp\/v2\/posts\/62911","targetHints":{"allow":["GET"]}}],"collection":[{"href":"https:\/\/www.europesays.com\/lv\/wp-json\/wp\/v2\/posts"}],"about":[{"href":"https:\/\/www.europesays.com\/lv\/wp-json\/wp\/v2\/types\/post"}],"author":[{"embeddable":true,"href":"https:\/\/www.europesays.com\/lv\/wp-json\/wp\/v2\/users\/2"}],"replies":[{"embeddable":true,"href":"https:\/\/www.europesays.com\/lv\/wp-json\/wp\/v2\/comments?post=62911"}],"version-history":[{"count":0,"href":"https:\/\/www.europesays.com\/lv\/wp-json\/wp\/v2\/posts\/62911\/revisions"}],"wp:featuredmedia":[{"embeddable":true,"href":"https:\/\/www.europesays.com\/lv\/wp-json\/wp\/v2\/media\/62912"}],"wp:attachment":[{"href":"https:\/\/www.europesays.com\/lv\/wp-json\/wp\/v2\/media?parent=62911"}],"wp:term":[{"taxonomy":"category","embeddable":true,"href":"https:\/\/www.europesays.com\/lv\/wp-json\/wp\/v2\/categories?post=62911"},{"taxonomy":"post_tag","embeddable":true,"href":"https:\/\/www.europesays.com\/lv\/wp-json\/wp\/v2\/tags?post=62911"}],"curies":[{"name":"wp","href":"https:\/\/api.w.org\/{rel}","templated":true}]}}