{"id":62941,"date":"2025-12-01T13:26:08","date_gmt":"2025-12-01T13:26:08","guid":{"rendered":"https:\/\/www.europesays.com\/lv\/62941\/"},"modified":"2025-12-01T13:26:08","modified_gmt":"2025-12-01T13:26:08","slug":"kas-vieno-lelles-un-protestus-saruna-par-protestu-kulturu-un-jauniesu-lomu-taja-lr1-latvijas-radio","status":"publish","type":"post","link":"https:\/\/www.europesays.com\/lv\/62941\/","title":{"rendered":"Kas vieno lelles un protestus? Saruna par protestu kult\u016bru un jaunie\u0161u lomu taj\u0101 \/ LR1 \/ \/ Latvijas Radio"},"content":{"rendered":"<p><a href=\"https:\/\/mapp.latvijasradio.lv\/shared-broadcast?b=127&amp;url=http:\/\/latvijasradio.lsm.lv\/lv\/lr1\/raidijumi\/gimenes-studija\/\" target=\"_blank\" rel=\"nofollow noopener\"><img decoding=\"async\" alt=\"Latvijas Radio lietotnes logo\" src=\"https:\/\/www.europesays.com\/lv\/wp-content\/uploads\/2025\/12\/1764595568_492_LR_pod poga.png\" style=\"width: 140px; height: 38px;\"\/><\/a><\/p>\n<p>Raid\u012bjuma skan\u0113\u0161anas laik\u0101 aicin\u0101m s\u016bt\u012bt Whatsapp zi\u0146as uz numuru 25660440.<\/p>\n<p>Kas vieno lelles un protestus? Sarunu par jaunie\u0161iem un protestu kult\u016bru rosin\u0101ju\u0161i divi notikumi, proti, Le\u013c\u013cu te\u0101tr\u012b R\u012bg\u0101 skat\u0101ma izr\u0101de jaunie\u0161iem par lell\u0113m un to kl\u0101tb\u016btni un noz\u012bmi protestos. T\u0101 ir viena no iesp\u0113j\u0101m par \u0161o jaut\u0101jumu likt aizdom\u0101ties ar\u012b pusaud\u017eiem. Otrs &#8211; nesen notika patie\u0161\u0101m v\u0113rien\u012bgi protesti pret izst\u0101\u0161anos no Stambulas konvencijas, un, tos v\u0113rt\u0113jot, izskan\u0113ja ar\u012b fr\u0101ze &#8211; tie jau tikai jaunie\u0161i. Bet par ko jaunie\u0161i gatavi protest\u0113t un vai vi\u0146us sadzird ietekm\u012bgi cilv\u0113ki, kuri var main\u012bt lietu k\u0101rt\u012bbu?\u00a0<\/p>\n<p>\u0122imenes studij\u0101 sarun\u0101jas re\u017eisore\u00a0Veronika Abdul-Visocka,\u00a0horeogr\u0101fe Laima Jaunzema, jaunie\u0161u organiz\u0101cijas &#8220;Protests&#8221; valdes priek\u0161s\u0113d\u0113t\u0101ja\u00a0Sindija Mierture,\u00a0Latvijas Kult\u016bras akad\u0113mijas lektore un ar\u012b zin\u0101tnisk\u0101 asistente Sab\u012bne Ozola.<\/p>\n<p>Ieteikt<\/p>\n<p>    Latvijas Radio aicina izteikt savu viedokli par raid\u012bjum\u0101 dzird\u0113to un atbalsta diskusijas klaus\u012bt\u0101ju starp\u0101, tom\u0113r patur ties\u012bbas dz\u0113st koment\u0101rus, kas p\u0101rk\u0101pj cie\u0146pilnas attieksmes un \u0113tiskas r\u012bc\u012bbas robe\u017eas.<a name=\"comments\"\/><\/p>\n","protected":false},"excerpt":{"rendered":"Raid\u012bjuma skan\u0113\u0161anas laik\u0101 aicin\u0101m s\u016bt\u012bt Whatsapp zi\u0146as uz numuru 25660440. Kas vieno lelles un protestus? Sarunu par jaunie\u0161iem&hellip;\n","protected":false},"author":2,"featured_media":62942,"comment_status":"","ping_status":"","sticky":false,"template":"","format":"standard","meta":{"footnotes":""},"categories":[19],"tags":[89,90,35,39,38,36,37,34,40],"class_list":{"0":"post-62941","1":"post","2":"type-post","3":"status-publish","4":"format-standard","5":"has-post-thumbnail","7":"category-izklaide","8":"tag-entertainment","9":"tag-izklaide","10":"tag-latvia","11":"tag-latvian","12":"tag-latviesu","13":"tag-latviesu-valoda","14":"tag-latviesuvaloda","15":"tag-latvija","16":"tag-lv"},"share_on_mastodon":{"url":"https:\/\/pubeurope.com\/@lv\/115644542802547600","error":""},"_links":{"self":[{"href":"https:\/\/www.europesays.com\/lv\/wp-json\/wp\/v2\/posts\/62941","targetHints":{"allow":["GET"]}}],"collection":[{"href":"https:\/\/www.europesays.com\/lv\/wp-json\/wp\/v2\/posts"}],"about":[{"href":"https:\/\/www.europesays.com\/lv\/wp-json\/wp\/v2\/types\/post"}],"author":[{"embeddable":true,"href":"https:\/\/www.europesays.com\/lv\/wp-json\/wp\/v2\/users\/2"}],"replies":[{"embeddable":true,"href":"https:\/\/www.europesays.com\/lv\/wp-json\/wp\/v2\/comments?post=62941"}],"version-history":[{"count":0,"href":"https:\/\/www.europesays.com\/lv\/wp-json\/wp\/v2\/posts\/62941\/revisions"}],"wp:featuredmedia":[{"embeddable":true,"href":"https:\/\/www.europesays.com\/lv\/wp-json\/wp\/v2\/media\/62942"}],"wp:attachment":[{"href":"https:\/\/www.europesays.com\/lv\/wp-json\/wp\/v2\/media?parent=62941"}],"wp:term":[{"taxonomy":"category","embeddable":true,"href":"https:\/\/www.europesays.com\/lv\/wp-json\/wp\/v2\/categories?post=62941"},{"taxonomy":"post_tag","embeddable":true,"href":"https:\/\/www.europesays.com\/lv\/wp-json\/wp\/v2\/tags?post=62941"}],"curies":[{"name":"wp","href":"https:\/\/api.w.org\/{rel}","templated":true}]}}