{"id":62966,"date":"2025-12-01T14:11:16","date_gmt":"2025-12-01T14:11:16","guid":{"rendered":"https:\/\/www.europesays.com\/lv\/62966\/"},"modified":"2025-12-01T14:11:16","modified_gmt":"2025-12-01T14:11:16","slug":"spried-ar-delfi-vai-nepieciesams-demontet-dzelzcela-sliedes-austrumu-pierobeza","status":"publish","type":"post","link":"https:\/\/www.europesays.com\/lv\/62966\/","title":{"rendered":"&#8220;Spried ar Delfi&#8221;, vai nepiecie\u0161ams demont\u0113t dzelzce\u013ca sliedes austrumu pierobe\u017e\u0101"},"content":{"rendered":"<p>L\u012bdz gada beig\u0101m vair\u0101k\u0101m ministrij\u0101m un dro\u0161\u012bbas iest\u0101d\u0113m j\u0101sagatavo atzinums par to, k\u0101du ietekmi Latvijai rad\u012btu slie\u017eu nojauk\u0161ana Krievijas pierobe\u017e\u0101. Kam\u0113r vieni \u0161\u0101du ieceri kritiz\u0113 un nor\u0101da, ka slie\u017eu nojauk\u0161ana negat\u012bvi ietekm\u0113tu Latvijas tautsaimniec\u012bbu, tikm\u0113r citi uzsver, ka to ir b\u016btiski dar\u012bt, lai stiprin\u0101tu valsts dro\u0161\u012bbu. Vai dzelzce\u013ca sliedes Latvijas austrumu pierobe\u017e\u0101 ir j\u0101demont\u0113? Vai efekt\u012bv\u0101ki neb\u016btu citi pretmobilit\u0101tes pas\u0101kumi? Un cik b\u016btiski \u0161\u0101ds solis ietekm\u0113tu tautsaimniec\u012bbu? Par \u0161iem un citiem jaut\u0101jumiem raid\u012bjum\u0101 &#8220;<a rel=\"noopener nofollow\" target=\"_blank\" href=\"https:\/\/www.delfi.lv\/temas\/52957207\/spried-ar-delfi\" tag-id=\"52957207\">Spried ar Delfi<\/a>&#8221; otrdien, 2. decembr\u012b, pulksten 12 \u017eurn\u0101lists Andris Auz\u0101ns run\u0101s ar Saeimas deput\u0101tiem \u2013 Edmundu Zivti\u0146u (LPV) un Art\u016bru But\u0101nu (NA).<\/p>\n<p>Starptautisko attiec\u012bbu un aizsardz\u012bbas jomas p\u0113tnieks Kolins Smits v\u0113l \u0161\u0101 gada novembra vid\u016b public\u0113taj\u0101 intervij\u0101 a\u0123ent\u016brai LETA nor\u0101d\u012bja, ka, lai stiprin\u0101tu Latvijas milit\u0101ro dro\u0161\u012bbu, ir j\u0101nojauc vismaz tie <a rel=\"noopener nofollow\" target=\"_blank\" href=\"https:\/\/www.delfi.lv\/temas\/35525519\/krievija\" tag-id=\"35525519\">Krievijas<\/a> platuma slie\u017eu ce\u013ci uz austrumiem no Daugavpils, kas netiek izmantoti, jo bez dzelzce\u013ca Krievijas iesp\u0113jas veikt k\u0101du iebrukumu Latvij\u0101 b\u016btiski sare\u017e\u0123\u012btos. Vi\u0146\u0161 intervij\u0101 ar\u012b atzina, ka ik pa laikam Latvijas amatperson\u0101m jaut\u0101jot, k\u0101p\u0113c Latvija nav nojaukusi veco slie\u017eu ce\u013cu gar robe\u017eu.<\/p>\n<p>Savuk\u0101rt jau 23. novembr\u012b TV3 raid\u012bjums &#8220;Nek\u0101 person\u012bga&#8221; v\u0113st\u012bja, ka vair\u0101k\u0101m ministrij\u0101m un dro\u0161\u012bbas iest\u0101d\u0113m uzdots l\u012bdz gada beig\u0101m sagatavot atzinumu par to, <a rel=\"noopener follow nofollow\" target=\"_blank\" href=\"https:\/\/www.delfi.lv\/193\/politics\/120096201\/vairakas-ministrijas-un-drosibas-iestades-gatavo-atzinumu-par-sliezu-nojauksanas-krievijas-pierobeza-ietekmi\" data-rel-date-range=\"[]\">k\u0101du ietekmi Latvijai rad\u012btu slie\u017eu nojauk\u0161ana<\/a> Krievijas pierobe\u017e\u0101.<\/p>\n<p>Raid\u012bjuma veidot\u0101jiem k\u013cuvis zin\u0101ms, ka Latvij\u0101 sl\u0113gt\u0101s s\u0113d\u0113s spriests par iesp\u0113ju p\u0101rgriezt dzelzce\u013ca sliedes Krievijas virzien\u0101. \u0160\u012b savienojuma past\u0101v\u0113\u0161ana, p\u0113c Latvijas un \u0101rvalstu milit\u0101ro anal\u012bti\u0137u dom\u0101m, ir vistie\u0161\u0101kais risks dro\u0161\u012bbai. Intervij\u0101 &#8220;Nek\u0101 person\u012bga&#8221; Nacion\u0101lo bru\u0146oto sp\u0113ku (NBS) p\u0101rst\u0101vji nep\u0101rprotami liek saprast, ka slie\u017eu ce\u013ci un ar\u012b uzb\u0113rumi Krievijas pierobe\u017e\u0101 j\u0101likvid\u0113 \u2013 jo \u0101tr\u0101k, jo lab\u0101k.<\/p>\n<p>Satiksmes ministrs Atis \u0160vinka (P) raid\u012bjumam nor\u0101d\u012bja, ka situ\u0101cija esot j\u0101v\u0113rt\u0113, jo slie\u017eu ce\u013cu nojauk\u0161ana Krievijas virzien\u0101 piln\u012bb\u0101 aptur\u0113s tranz\u012btbiznesu Latvij\u0101 ar\u012b krav\u0101m no \u0100zijas. Savuk\u0101rt Aizsardz\u012bbas ministrija raid\u012bjumam atz\u012bm\u0113ja, ka NBS esot pretmobilit\u0101tes pl\u0101ni, kas nosaka, ko dar\u012bt, ja iest\u0101jas milit\u0101rs apdraud\u0113jums. Tie tiek tren\u0113ti kop\u0101 ar VAS &#8220;Latvijas <a rel=\"noopener nofollow\" target=\"_blank\" href=\"https:\/\/www.delfi.lv\/temas\/44182915\/dzelzcels\" tag-id=\"44182915\">dzelzce\u013c\u0161<\/a>&#8220;. Vai, vi\u0146upr\u0101t, slie\u017eu likvid\u0113\u0161ana jau tagad pal\u012bdz\u0113tu stiprin\u0101t dro\u0161\u012bbu, teikt nevarot, jo tas viss esot nosl\u0113pums.<\/p>\n<p>T\u0101pat zi\u0146ots, ka 28. novembr\u012b Milit\u0101r\u0101 padome NBS J\u016bras sp\u0113ku \u0161t\u0101b\u0101 Liep\u0101j\u0101 p\u0101rrun\u0101ja pretmobilit\u0101tes riskus un risin\u0101jumus, tostarp slie\u017eu savienojumu ar Krieviju un Baltkrieviju. Tostarp Valsts prezidents Edgars Rink\u0113vi\u010ds uzklaus\u012bja NBS zi\u0146ojumu par pretmobilit\u0101tes pas\u0101kumu ievie\u0161anu, iesp\u0113jamiem riskiem nacion\u0101lajai dro\u0161\u012bbai un \u0161\u0101du risku mazin\u0101\u0161anas un nov\u0113r\u0161anas risin\u0101jumiem.<\/p>\n<p>Milit\u0101r\u0101 padome p\u0101rrun\u0101ja nepiecie\u0161am\u012bbu detaliz\u0113ti izstr\u0101d\u0101t pla\u0161u zi\u0146ojumu par laika grafiku, darbu apjomu un resursiem, lai \u012bstenotu maksim\u0101li efekt\u012bvu valsts austrumu robe\u017eas aizsardz\u012bbu.<\/p>\n<p>Ar\u012b NBS komandieris Kaspars Pud\u0101ns soci\u0101lo mediju platform\u0101 &#8220;X&#8221; v\u0113st\u012bja, ka padomes s\u0113d\u0113 apspriesta turpm\u0101k\u0101 milit\u0101ro sp\u0113ju att\u012bst\u012b\u0161ana un J\u016bras sp\u0113ku stiprin\u0101\u0161ana, lai nodro\u0161in\u0101tu kontroli j\u016br\u0101 un sabiedroto iera\u0161anos kara gad\u012bjum\u0101. San\u0101ksm\u0113 tika lemts, ka NBS izstr\u0101d\u0101s izv\u0113rt\u0113jumu turpm\u0101kai pretmobilit\u0101tes stiprin\u0101\u0161anai.<\/p>\n<p>Valsts prezidents v\u0113l pirms \u0161\u012bs san\u0101ksmes bija apliecin\u0101jis, ka izmantos iesp\u0113ju apspriest \u0161o jaut\u0101jumu ar Baltijas valstu prezidentiem decembra s\u0101kum\u0101 R\u012bg\u0101.<\/p>\n<p>Rink\u0113vi\u010ds nor\u0101d\u012bja, ka, ja vald\u012bba anal\u012bzi pabeigs l\u012bdz gada beig\u0101m un n\u0101kam\u0101 gada s\u0101kum\u0101 to apspried\u012bs, p\u0113c tam jaut\u0101jums tiks skat\u012bts Nacion\u0101l\u0101s dro\u0161\u012bbas padom\u0113, kur p\u0101rst\u0101v\u0113ta gan vald\u012bba, gan Saeima.<\/p>\n<p>Savus jaut\u0101jumus raid\u012bjuma viesiem s\u016btiet uz e-pastu spried@delfi.lv vai vietn\u0113 <a rel=\"noopener nofollow\" target=\"_blank\" href=\"https:\/\/app.sli.do\/event\/aX4MNYqhpr3tNg4uDzTDFs\" data-rel-date-range=\"[]\">slido.com<\/a>, izmantojot kodu #Sliedes.<\/p>\n<p>Raid\u012bjuma <a rel=\"noopener nofollow\" target=\"_blank\" href=\"https:\/\/www.delfi.lv\/temas\/52957207\/spried-ar-delfi\" data-rel-date-range=\"[]\">&#8220;Spried ar Delfi<\/a>&#8221; jaun\u0101k\u0101s epizodes ir pieejamas <a rel=\"noopener nofollow\" target=\"_blank\" href=\"https:\/\/podcasts.apple.com\/lv\/podcast\/spried-ar-delfi\/id1600051267\" data-rel-date-range=\"[]\">Apple<\/a> un <a rel=\"noopener nofollow\" target=\"_blank\" href=\"https:\/\/open.spotify.com\/show\/1xlLIWwWF0TtscTAUhGMUv?si=Q8r5UNi3QYyF1w3cUZrAWw&amp;nd=1&amp;dlsi=f709a12a5af54acf\" data-rel-date-range=\"[]\">Spotify<\/a> podk\u0101stos!<\/p>\n<p class=\"m-0\">Seko &#8220;Delfi&#8221; ar\u012b  <a target=\"_blank\" href=\"https:\/\/www.instagram.com\/delfi.lv\/\" rel=\"nofollow noopener\">Instagram<\/a>  un <a target=\"_blank\" href=\"https:\/\/www.youtube.com\/channel\/UCw5foWtcJvAbUm64rv7jwUQ\" rel=\"nofollow noopener\">YouTube<\/a>  profil\u0101 \u2013 pievienojies, lai uzzin\u0101tu svar\u012bg\u0101ko un interesant\u0101ko pirmais!<\/p>\n<p>Publik\u0101cijas saturs vai t\u0101s jebk\u0101da apjoma da\u013ca ir aizsarg\u0101ts autorties\u012bbu objekts Autorties\u012bbu likuma izpratn\u0113, un t\u0101 izmanto\u0161ana bez izdev\u0113ja at\u013caujas ir aizliegta. Vair\u0101k lasi  <a target=\"_blank\" href=\"https:\/\/www.delfi.lv\/noteikumi#autortiesibas\" rel=\"nofollow noopener\">\u0161eit<\/a><script async src=\"\/\/www.instagram.com\/embed.js\"><\/script><\/p>\n","protected":false},"excerpt":{"rendered":"L\u012bdz gada beig\u0101m vair\u0101k\u0101m ministrij\u0101m un dro\u0161\u012bbas iest\u0101d\u0113m j\u0101sagatavo atzinums par to, k\u0101du ietekmi Latvijai rad\u012btu slie\u017eu nojauk\u0161ana&hellip;\n","protected":false},"author":2,"featured_media":62967,"comment_status":"","ping_status":"","sticky":false,"template":"","format":"standard","meta":{"footnotes":""},"categories":[12],"tags":[1546,23,28,29,334,1810,1809,12218,32,33,22,234,30,31,35,39,38,36,37,34,3343,40,3289,20,4955,26,27,4954,24,25,21],"class_list":{"0":"post-62966","1":"post","2":"type-post","3":"status-publish","4":"format-standard","5":"has-post-thumbnail","7":"category-latvija","8":"tag-aizsardziba","9":"tag-aktualitates","10":"tag-breaking-news","11":"tag-breakingnews","12":"tag-drosiba","13":"tag-dzelzcela-satiksme","14":"tag-dzelzcels","15":"tag-edmunds-zivtins","16":"tag-featured-news","17":"tag-featurednews","18":"tag-headlines","19":"tag-krievija","20":"tag-latest-news","21":"tag-latestnews","22":"tag-latvia","23":"tag-latvian","24":"tag-latviesu","25":"tag-latviesu-valoda","26":"tag-latviesuvaloda","27":"tag-latvija","28":"tag-latvijas-dzelzcels","29":"tag-lv","30":"tag-nacionalie-brunotie-speki","31":"tag-news","32":"tag-par-aktualo","33":"tag-popularakas-zinas","34":"tag-popularakaszinas","35":"tag-spried-ar-delfi","36":"tag-top-stories","37":"tag-topstories","38":"tag-zinas"},"share_on_mastodon":{"url":"","error":"Validation failed: Text character limit of 500 exceeded"},"_links":{"self":[{"href":"https:\/\/www.europesays.com\/lv\/wp-json\/wp\/v2\/posts\/62966","targetHints":{"allow":["GET"]}}],"collection":[{"href":"https:\/\/www.europesays.com\/lv\/wp-json\/wp\/v2\/posts"}],"about":[{"href":"https:\/\/www.europesays.com\/lv\/wp-json\/wp\/v2\/types\/post"}],"author":[{"embeddable":true,"href":"https:\/\/www.europesays.com\/lv\/wp-json\/wp\/v2\/users\/2"}],"replies":[{"embeddable":true,"href":"https:\/\/www.europesays.com\/lv\/wp-json\/wp\/v2\/comments?post=62966"}],"version-history":[{"count":0,"href":"https:\/\/www.europesays.com\/lv\/wp-json\/wp\/v2\/posts\/62966\/revisions"}],"wp:featuredmedia":[{"embeddable":true,"href":"https:\/\/www.europesays.com\/lv\/wp-json\/wp\/v2\/media\/62967"}],"wp:attachment":[{"href":"https:\/\/www.europesays.com\/lv\/wp-json\/wp\/v2\/media?parent=62966"}],"wp:term":[{"taxonomy":"category","embeddable":true,"href":"https:\/\/www.europesays.com\/lv\/wp-json\/wp\/v2\/categories?post=62966"},{"taxonomy":"post_tag","embeddable":true,"href":"https:\/\/www.europesays.com\/lv\/wp-json\/wp\/v2\/tags?post=62966"}],"curies":[{"name":"wp","href":"https:\/\/api.w.org\/{rel}","templated":true}]}}