{"id":62968,"date":"2025-12-01T14:13:09","date_gmt":"2025-12-01T14:13:09","guid":{"rendered":"https:\/\/www.europesays.com\/lv\/62968\/"},"modified":"2025-12-01T14:13:09","modified_gmt":"2025-12-01T14:13:09","slug":"dziedataji-ance-krauze-un-zigfrids-muktupavels-nakusi-klaja-ar-negaiditiem-jaunumiem-video","status":"publish","type":"post","link":"https:\/\/www.europesays.com\/lv\/62968\/","title":{"rendered":"dzied\u0101t\u0101ji Ance Krauze un Zigfr\u012bds Muktup\u0101vels n\u0101ku\u0161i klaj\u0101 ar negaid\u012btiem jaunumiem (+ VIDEO)"},"content":{"rendered":"<p>        <img loading=\"lazy\" decoding=\"async\" class=\"lazy lazy-hidden size-full wp-image-226636\" src=\"data:image\/gif;base64,R0lGODlhAQABAIAAAAAAAP\/\/\/yH5BAEAAAAALAAAAAABAAEAAAIBRAA7\" data-lazy-type=\"image\" data-lazy-src=\"https:\/\/www.europesays.com\/lv\/wp-content\/uploads\/2025\/12\/Ekranuznemums-2025-12-01-151200.jpg\" alt=\"\" width=\"818\" height=\"558\" data-lazy- data-lazy-\/>Foto \u2013 ekr\u0101nuz\u0146\u0113mums<\/p>\n<p>Divas spilgtas latvie\u0161u m\u016bzikas person\u012bbas \u2013 dzied\u0101t\u0101ja Ance Krauze un vijolnieks, m\u016bzi\u0137is, k\u0101 ar\u012b bijus\u012b TV person\u012bba Zigfr\u012bds Muktup\u0101vels ir m\u0101kslinieki, kuru m\u016bziku m\u012bl un ciena visi, pat Maestro Raimonds Pauls, kur\u0161 ar vi\u0146iem abiem regul\u0101ri sadarbojies.<\/p>\n<p>Gan Ance Krauze, gan Zigfr\u012bds Muktup\u0101vels b\u016bs redzami uz skatuves jau dr\u012bz \u2013 n\u0101ko\u0161\u0101 gada 11. j\u016blij\u0101 Me\u017eaparka Lielaj\u0101 estr\u0101d\u0113 \u201cSidraba birzs\u201d, kur notiks unik\u0101ls koncerts \u201cManai Dzimtenei\u201d, kas velt\u012bts Raimondam Paulam un vi\u0146a dai\u013cradei.<\/p>\n<p>Ance \u0161o koncertu atkl\u0101s, izpildot dziesmu \u201cSasala j\u016br\u012b\u0146a\u201d, un ar\u012b kop\u0101 ar m\u0101s\u0101m Aur\u0113liju un Asnati Ranc\u0101n\u0113m vi\u0146a nodzied\u0101s fragmentus no tautasdziesmu cikla \u201cBr\u0101l\u012bts m\u0101su t\u0101lu veda\u201d, \u201cTr\u012bs meiti\u0146as\u201d un \u201cEs iest\u0101du turku pupu\u201d.<\/p>\n<p>Savuk\u0101rt klaus\u012bt\u0101ju iem\u012b\u013cotais Zigfr\u012bds Muktup\u0101vels koncert\u0101 dzied\u0101s vienu no Maestro Paula ikonisk\u0101kaj\u0101m dziesm\u0101m \u2013 \u201cM\u0113mo dziesmu\u201d. Raimonds Pauls un Muktup\u0101vels bie\u017ei kop\u0101 piedal\u012bju\u0161ies daudzos koncertos, kur da\u017ereiz Zigfr\u012bds sp\u0113l\u0113jis ar\u012b vijoli.<\/p>\n<p><img loading=\"lazy\" decoding=\"async\" class=\"lazy lazy-hidden size-full wp-image-226637\" src=\"data:image\/gif;base64,R0lGODlhAQABAIAAAAAAAP\/\/\/yH5BAEAAAAALAAAAAABAAEAAAIBRAA7\" data-lazy-type=\"image\" data-lazy-src=\"https:\/\/www.europesays.com\/lv\/wp-content\/uploads\/2025\/12\/Ekranuznemums-2025-12-01-150923.jpg\" alt=\"\" width=\"818\" height=\"554\" data-lazy- data-lazy-\/>Foto \u2013 ekr\u0101nuz\u0146\u0113mums<\/p>\n<p>Tad \u0161obr\u012bd Zigfr\u012bds Muktup\u0101vels un Ance Krauze n\u0101ku\u0161i klaj\u0101 ar patie\u0161\u0101m jauku p\u0101rsteigumu, un abi kop\u0101 izdevu\u0161i Ziemassv\u0113tku laika kompoz\u012bciju. Tai dots nosaukums \u201cTik viegli un balti\u201d. Dziesmas autors ir komponists J\u0101nis Strazs, bet dzejas rindas rakst\u012bjusi Maija Kalni\u0146a. Dziesma ir k\u0101 tituldziesma t\u0101da pa\u0161a nosaukuma koncertprogrammai, ar kuru abi m\u016bzi\u0137i sv\u0113tkos dosies t\u016br\u0113 pa Latvijas pils\u0113t\u0101m, kop\u0101 pavisam sniedzot divdesmit koncertus.<\/p>\n<p>Dzeju rindu autore Maija Kalni\u0146a st\u0101sta: \u201cZiemassv\u0113tku laik\u0101 m\u0113s bie\u017ei pa\u0161i sev esam pretrun\u012bgi. D\u0101vin\u0101m viens otram v\u0113l\u0113jumus par mieru, klusumu un vienk\u0101r\u0161\u012bbu, ta\u010du paral\u0113li dz\u012bvojas steigas piln\u0101 ritm\u0101, cen\u0161oties paveikt teju neiesp\u0113jamo.\u201d<\/p>\n<p><img loading=\"lazy\" decoding=\"async\" class=\"lazy lazy-hidden size-full wp-image-226638\" src=\"data:image\/gif;base64,R0lGODlhAQABAIAAAAAAAP\/\/\/yH5BAEAAAAALAAAAAABAAEAAAIBRAA7\" data-lazy-type=\"image\" data-lazy-src=\"https:\/\/www.europesays.com\/lv\/wp-content\/uploads\/2025\/12\/Ekranuznemums-2025-12-01-151029.jpg\" alt=\"\" width=\"818\" height=\"580\" data-lazy- data-lazy-\/>Foto \u2013 ekr\u0101nuz\u0146\u0113mums<\/p>\n<p>Vi\u0146a ironiski vaic\u0101, kad j\u016bs p\u0113d\u0113jo reizi mier\u012bgi aps\u0113d\u0101ties un iekurin\u0101j\u0101t kr\u0101sni vai aizdedzin\u0101j\u0101t sveci? Ne vienm\u0113r tas izdodas. Bet tajos br\u012b\u017eos, kad izdodas, tad gan liekas, ka m\u016bsu laiks pieskaras debes\u012bm.<\/p>\n<p>\n&#13;<br \/>\n&#13;<br \/>\n&#13;<br \/>\n&#13;<br \/>\nVIDEO: &#13;<br \/>\n &#13;<\/p>\n<p>Lasi v\u0113l:\u00a0<a style=\"color: #ff0000;\" href=\"https:\/\/dzentlmenis.lv\/stiprs-sals-vai-atgriezies-rudens-meteorologs-toms-bricis-pazino-kadi-laika-apstakli-latvija-bus-lidz-10-decembrim\/226533\/\" target=\"_blank\" rel=\"noopener nofollow\">Stiprs sals vai atgriezies rudens: meteorologs Toms Bricis pazi\u0146o, k\u0101di laika apst\u0101k\u013ci Latvij\u0101 b\u016bs l\u012bdz 10. decembrim<\/a><\/p>\n<p>\u0160\u012bs kompoz\u012bcijas ierakst\u0101 kop\u0101 ar Anci un Zigfr\u012bdu ir ar\u012b dziesmas m\u016bzikas autors J\u0101nis Strazds, kur\u0161 sp\u0113l\u0113 tausti\u0146instrumentus, k\u0101 ar\u012b Aivars Meijers (bass), Kristens Kup\u010ds (\u0123it\u0101ra) un Ivars Kalni\u0146\u0161 (sitaminstrumenti). Dziesma ierakst\u012bta studij\u0101 \u201cMixing.lv\u201d, ska\u0146u re\u017eisors \u2013 Edgars Skr\u0101\u0123is. Video materi\u0101la autors K\u0101rlis Volkovskis.<\/p>\n<p><img loading=\"lazy\" decoding=\"async\" class=\"lazy lazy-hidden size-full wp-image-226639\" src=\"data:image\/gif;base64,R0lGODlhAQABAIAAAAAAAP\/\/\/yH5BAEAAAAALAAAAAABAAEAAAIBRAA7\" data-lazy-type=\"image\" data-lazy-src=\"https:\/\/www.europesays.com\/lv\/wp-content\/uploads\/2025\/12\/Ekranuznemums-2025-12-01-151134.jpg\" alt=\"\" width=\"818\" height=\"517\" data-lazy- data-lazy-\/>Foto \u2013 ekr\u0101nuz\u0146\u0113mums<\/p>\n<p>Ances Krauzes un Zigfr\u012bda Muktup\u0101vela koncerti \u201cTik viegli un balti\u201d notiks no 5. l\u012bdz 28. decembrim vis\u0101 Latvij\u0101:<\/p>\n<p>5. decembr\u012b plkst. 18.00 J\u0113kabpil\u012b, Krustpils Kult\u016bras centr\u0101;<br \/>6. decembr\u012b plkst. 16.00 un 19.00 Valmieras Kult\u016bras centr\u0101;<br \/>7. decembr\u012b plkst. 15.00 Tukuma pils\u0113tas Kult\u016bras nam\u0101;<br \/>11. decembr\u012b plkst. 17.00 un 20.00 R\u012bg\u0101, kinote\u0101tr\u012b \u201cSplendid Palace\u201d;<br \/>12. decembr\u012b plkst. 18.00 un 21.00 Ulbrok\u0101, kult\u016bras centr\u0101 \u201cUlbrokas P\u0113rle\u201d;<br \/>13. decembr\u012b plkst. 16.00 un 19.00 Ogres novada Kult\u016bras centr\u0101;<\/p>\n<p>14. decembr\u012b plkst. 15.00 un 18.00 Kuld\u012bgas Kult\u016bras centr\u0101;<br \/>19. decembr\u012b plkst. 18.00 un 21.00 C\u0113s\u012bs, Vidzemes koncertz\u0101l\u0113 \u201cC\u0113sis\u201d;<br \/>20. decembr\u012b plkst. 15.00 Liep\u0101j\u0101, koncertz\u0101l\u0113 \u201cLielais dzintars\u201d;<br \/>21. decembr\u012b plkst. 15.00 Ventspil\u012b, koncertz\u0101l\u0113 \u201cLatvija\u201d;<br \/>23. decembr\u012b plkst. 16.00 un 19.00 Jelgavas Kult\u016bras nam\u0101;<br \/>27. decembr\u012b plkst. 16.00 Al\u016bksnes Kult\u016bras centr\u0101;<br \/>28. decembr\u012b plkst. 15.00 R\u0113zekn\u0113, Latgales v\u0113stniec\u012bb\u0101 \u201cGors\u201d.<\/p>\n<p>Ance Krauze un Zigfr\u012bds Muktup\u0101vels izpilda dziesmu \u201cTik viegli un balti\u201d, video:<br \/><img decoding=\"async\" src=\"data:image\/gif;base64,R0lGODlhAQABAIAAAAAAAP\/\/\/yH5BAEAAAAALAAAAAABAAEAAAIBRAA7\" class=\"lazy lazy-hidden\" data-lazy-type=\"iframe\" data-lazy-src=\"&lt;iframe loading=&quot;lazy&quot; title=&quot;YouTube video player&quot; src=&quot;https:\/\/www.youtube.com\/embed\/sNLubjs9omY?si=IKX89jVLwiYog7lr&quot; width=&quot;560&quot; height=&quot;315&quot; frameborder=&quot;0&quot; allowfullscreen=&quot;allowfullscreen&quot;&gt;&lt;\/iframe&gt;\" alt=\"\"\/><\/p>\n<p>Bi\u013cetes uz \u0161o koncertu nop\u0113rkamas \u201cBi\u013ce\u0161u parad\u012bzes\u201d kas\u0113s.<\/p>\n","protected":false},"excerpt":{"rendered":"Foto \u2013 ekr\u0101nuz\u0146\u0113mums Divas spilgtas latvie\u0161u m\u016bzikas person\u012bbas \u2013 dzied\u0101t\u0101ja Ance Krauze un vijolnieks, m\u016bzi\u0137is, k\u0101 ar\u012b bijus\u012b&hellip;\n","protected":false},"author":2,"featured_media":62969,"comment_status":"","ping_status":"","sticky":false,"template":"","format":"standard","meta":{"footnotes":""},"categories":[19],"tags":[14537,89,90,35,39,38,36,37,34,40,2672,9687,12724],"class_list":{"0":"post-62968","1":"post","2":"type-post","3":"status-publish","4":"format-standard","5":"has-post-thumbnail","7":"category-izklaide","8":"tag-ance-krauze","9":"tag-entertainment","10":"tag-izklaide","11":"tag-latvia","12":"tag-latvian","13":"tag-latviesu","14":"tag-latviesu-valoda","15":"tag-latviesuvaloda","16":"tag-latvija","17":"tag-lv","18":"tag-raimonds-pauls","19":"tag-ziemassvetki","20":"tag-zigfrids-muktupavels"},"share_on_mastodon":{"url":"https:\/\/pubeurope.com\/@lv\/115644727657790158","error":""},"_links":{"self":[{"href":"https:\/\/www.europesays.com\/lv\/wp-json\/wp\/v2\/posts\/62968","targetHints":{"allow":["GET"]}}],"collection":[{"href":"https:\/\/www.europesays.com\/lv\/wp-json\/wp\/v2\/posts"}],"about":[{"href":"https:\/\/www.europesays.com\/lv\/wp-json\/wp\/v2\/types\/post"}],"author":[{"embeddable":true,"href":"https:\/\/www.europesays.com\/lv\/wp-json\/wp\/v2\/users\/2"}],"replies":[{"embeddable":true,"href":"https:\/\/www.europesays.com\/lv\/wp-json\/wp\/v2\/comments?post=62968"}],"version-history":[{"count":0,"href":"https:\/\/www.europesays.com\/lv\/wp-json\/wp\/v2\/posts\/62968\/revisions"}],"wp:featuredmedia":[{"embeddable":true,"href":"https:\/\/www.europesays.com\/lv\/wp-json\/wp\/v2\/media\/62969"}],"wp:attachment":[{"href":"https:\/\/www.europesays.com\/lv\/wp-json\/wp\/v2\/media?parent=62968"}],"wp:term":[{"taxonomy":"category","embeddable":true,"href":"https:\/\/www.europesays.com\/lv\/wp-json\/wp\/v2\/categories?post=62968"},{"taxonomy":"post_tag","embeddable":true,"href":"https:\/\/www.europesays.com\/lv\/wp-json\/wp\/v2\/tags?post=62968"}],"curies":[{"name":"wp","href":"https:\/\/api.w.org\/{rel}","templated":true}]}}