{"id":6298,"date":"2025-09-27T13:10:12","date_gmt":"2025-09-27T13:10:12","guid":{"rendered":"https:\/\/www.europesays.com\/lv\/6298\/"},"modified":"2025-09-27T13:10:12","modified_gmt":"2025-09-27T13:10:12","slug":"lietuvas-kulturas-darbinieki-plano-bridinajuma-streiku-pret-jauno-ministru","status":"publish","type":"post","link":"https:\/\/www.europesays.com\/lv\/6298\/","title":{"rendered":"Lietuvas kult\u016bras darbinieki pl\u0101no br\u012bdin\u0101juma streiku pret jauno ministru"},"content":{"rendered":"<p>&#8220;Br\u012bdin\u0101juma <a href=\"https:\/\/www.apollo.lv\/term\/566963\/streiks\" class=\"topicLink\" target=\"_blank\" rel=\"nofollow noopener\">streiks<\/a> notiks 5.oktobr\u012b,&#8221; p\u0113c kult\u016bras nozares p\u0101rst\u0101vju san\u0101ksmes piektdien \u017eurn\u0101listiem teica kinore\u017eisore Marija Kavtaradze. San\u0101ksm\u0113 kl\u0101tien\u0113 piedal\u012bj\u0101s ap simt cilv\u0113ku un v\u0113l 300 piesl\u0113dz\u0101s tie\u0161saist\u0113.<\/p>\n<p>Vi\u0146a sac\u012bja, ka br\u012bdin\u0101juma streikam var b\u016bt da\u017e\u0101das formas un visi ar kult\u016bras jomu saist\u012btie ir aicin\u0101ti piedal\u012bties.<\/p>\n<p>Kult\u016bras sabiedr\u012bba ir sa\u0161utusi par to, ka par kult\u016bras ministru iecelts Adomavi\u010ds, kuram \u0161aj\u0101 jom\u0101 nav nek\u0101du zin\u0101\u0161anu un pieredzes. Vair\u0101ki t\u016bksto\u0161i cilv\u0113ku ceturtdien r\u012bkoja protesta akciju pie prezidenta pils Vi\u013c\u0146as centr\u0101, un protesti notika ar\u012b cit\u0101s liel\u0101kaj\u0101s pils\u0113t\u0101s.<\/p>\n<p>Lietuvas kult\u016bras gads It\u0101lij\u0101 s\u0101ksies ar atkl\u0101\u0161anas koncertu Rom\u0101 5.oktobr\u012b. Lietuvas Kult\u016bras instit\u016bts, koncert\u0101 piedal\u012bsies ar\u012b Lietuvas un It\u0101lijas vad\u012bt\u0101ji.<\/p>\n<p>&#8220;Tas ir ar\u012b milz\u012bgs notikums, milz\u012bga gaid\u0101m\u0101 programma It\u0101lij\u0101. M\u0113s \u0161o streiku saist\u0101m ar \u0161o datumu un v\u0113lreiz aicin\u0101sim m\u016bsu partnerus \u0101rzem\u0113s atbilsto\u0161i rea\u0123\u0113t uz situ\u0101ciju Lietuv\u0101, un m\u0113s aicin\u0101sim vi\u0146us m\u016bs atbalst\u012bt da\u017e\u0101dos veidos,&#8221; sac\u012bja Lietuvas \u012bsfilmu a\u0123ent\u016bras vad\u012bt\u0101ja Rimante Daugelaite.<\/p>\n<p>P\u0113d\u0113j\u0101 laik\u0101 vair\u0101kas kult\u016bras organiz\u0101cijas un iniciat\u012bvas grupas r\u012bkoja protestus pret Adomavi\u010da iecel\u0161anu amat\u0101. Lai protest\u0113tu pret jauno ministru, vair\u0101kas kult\u016bras nozares amatpersonas ir pazi\u0146oju\u0161as par atk\u0101p\u0161anos no amata, bet vair\u0101kas instit\u016bcijas ir atteiku\u0161\u0101s no valsts prezidenta Gitana Naus\u0113das k\u0101 patrona un sadarb\u012bbas ar prezidenta biroju.<\/p>\n","protected":false},"excerpt":{"rendered":"&#8220;Br\u012bdin\u0101juma streiks notiks 5.oktobr\u012b,&#8221; p\u0113c kult\u016bras nozares p\u0101rst\u0101vju san\u0101ksmes piektdien \u017eurn\u0101listiem teica kinore\u017eisore Marija Kavtaradze. San\u0101ksm\u0113 kl\u0101tien\u0113 piedal\u012bj\u0101s&hellip;\n","protected":false},"author":2,"featured_media":6299,"comment_status":"","ping_status":"","sticky":false,"template":"","format":"standard","meta":{"footnotes":""},"categories":[14],"tags":[23,57,28,29,32,33,22,64,30,31,35,39,38,36,37,34,1464,40,20,26,27,2766,24,25,54,55,56,21,58],"class_list":{"0":"post-6298","1":"post","2":"type-post","3":"status-publish","4":"format-standard","5":"has-post-thumbnail","7":"category-zinas-no-arvalstim","8":"tag-aktualitates","9":"tag-arvalstim","10":"tag-breaking-news","11":"tag-breakingnews","12":"tag-featured-news","13":"tag-featurednews","14":"tag-headlines","15":"tag-kultura","16":"tag-latest-news","17":"tag-latestnews","18":"tag-latvia","19":"tag-latvian","20":"tag-latviesu","21":"tag-latviesu-valoda","22":"tag-latviesuvaloda","23":"tag-latvija","24":"tag-lietuva","25":"tag-lv","26":"tag-news","27":"tag-popularakas-zinas","28":"tag-popularakaszinas","29":"tag-streiks","30":"tag-top-stories","31":"tag-topstories","32":"tag-world","33":"tag-world-news","34":"tag-worldnews","35":"tag-zinas","36":"tag-zinas-no-arvalstim"},"share_on_mastodon":{"url":"","error":""},"_links":{"self":[{"href":"https:\/\/www.europesays.com\/lv\/wp-json\/wp\/v2\/posts\/6298","targetHints":{"allow":["GET"]}}],"collection":[{"href":"https:\/\/www.europesays.com\/lv\/wp-json\/wp\/v2\/posts"}],"about":[{"href":"https:\/\/www.europesays.com\/lv\/wp-json\/wp\/v2\/types\/post"}],"author":[{"embeddable":true,"href":"https:\/\/www.europesays.com\/lv\/wp-json\/wp\/v2\/users\/2"}],"replies":[{"embeddable":true,"href":"https:\/\/www.europesays.com\/lv\/wp-json\/wp\/v2\/comments?post=6298"}],"version-history":[{"count":0,"href":"https:\/\/www.europesays.com\/lv\/wp-json\/wp\/v2\/posts\/6298\/revisions"}],"wp:featuredmedia":[{"embeddable":true,"href":"https:\/\/www.europesays.com\/lv\/wp-json\/wp\/v2\/media\/6299"}],"wp:attachment":[{"href":"https:\/\/www.europesays.com\/lv\/wp-json\/wp\/v2\/media?parent=6298"}],"wp:term":[{"taxonomy":"category","embeddable":true,"href":"https:\/\/www.europesays.com\/lv\/wp-json\/wp\/v2\/categories?post=6298"},{"taxonomy":"post_tag","embeddable":true,"href":"https:\/\/www.europesays.com\/lv\/wp-json\/wp\/v2\/tags?post=6298"}],"curies":[{"name":"wp","href":"https:\/\/api.w.org\/{rel}","templated":true}]}}