{"id":62980,"date":"2025-12-01T14:25:14","date_gmt":"2025-12-01T14:25:14","guid":{"rendered":"https:\/\/www.europesays.com\/lv\/62980\/"},"modified":"2025-12-01T14:25:14","modified_gmt":"2025-12-01T14:25:14","slug":"balso-par-savu-erksku-simpatiju","status":"publish","type":"post","link":"https:\/\/www.europesays.com\/lv\/62980\/","title":{"rendered":"Balso par savu \u0112rk\u0161\u0137u simp\u0101tiju!"},"content":{"rendered":"<p>Ar straujiem so\u013ciem tuvojas soci\u0101l\u0101 projekta \u201c<a target=\"_blank\" href=\"https:\/\/play.1188.lv\/pasmaju-tv-sovi\/caur-erkskiem-uz-22\/\" rel=\"nofollow noopener\">Caur \u0113rk\u0161\u0137iem uz\u2026<\/a>\u201d fin\u0101ls, kad noskaidrosim, kura dal\u012bbniece k\u013c\u016bs par sept\u012bt\u0101s sezonas uzvar\u0113t\u0101ju. Aicin\u0101m Tevi nobalsot par savu favor\u012bti, kura sav\u0101 \u012bpa\u0161um\u0101 ieg\u016bs p\u0101rsteiguma balvu no Tet un TV kan\u0101la 360!<\/p>\n<p>Atdod savu balsi par to dal\u012bbnieci, kuras neatlaid\u012bba, uzdr\u012bkst\u0113\u0161an\u0101s un izaugsme visa projekta laik\u0101 Tevi uzrun\u0101jusi visvair\u0101k! <\/p>\n<p>Tie\u0161i Tava izv\u0113le pal\u012bdz\u0113s noteikt &#8220;Skat\u012bt\u0101ju simp\u0101tiju balvas&#8221; ieguv\u0113ju.<\/p>\n<p>Par katru meiteni var balsot port\u0101l\u0101 1188.lv. Ikviens balsot\u0101js no vienas ier\u012bces var balsot vienu reizi l\u012bdz pat 11. decembra plkst. 15.00, savuk\u0101rt plkst. 16.00 360 Facebook kont\u0101 pazi\u0146osim to dal\u012bbnieci, kas sa\u0146\u0113musi visliel\u0101ko skat\u012bt\u0101ju atbalstu un sav\u0101 \u012bpa\u0161um\u0101 ieg\u016bs \u012bpa\u0161u simp\u0101tiju balvu!<\/p>\n<p><\/p>\n<p><img decoding=\"async\" src=\"https:\/\/www.europesays.com\/lv\/wp-content\/uploads\/2025\/12\/3c03a2398b6f591de7dbd9956486672d.png\" title=\"Foto: Publicit\u0101tes att\u0113ls\" alt=\"Foto: Publicit\u0101tes att\u0113ls\"\/><\/p>\n<p class=\"article-img-desc\">Foto: Publicit\u0101tes att\u0113ls<\/p>\n","protected":false},"excerpt":{"rendered":"Ar straujiem so\u013ciem tuvojas soci\u0101l\u0101 projekta \u201cCaur \u0113rk\u0161\u0137iem uz\u2026\u201d fin\u0101ls, kad noskaidrosim, kura dal\u012bbniece k\u013c\u016bs par sept\u012bt\u0101s sezonas&hellip;\n","protected":false},"author":2,"featured_media":62981,"comment_status":"","ping_status":"","sticky":false,"template":"","format":"standard","meta":{"footnotes":""},"categories":[19],"tags":[129,1773,16570,16561,16564,16567,89,90,35,39,38,36,37,34,40,16565,16562,16571,1774,16568,16566,16563,16572,1775,16569],"class_list":{"0":"post-62980","1":"post","2":"type-post","3":"status-publish","4":"format-standard","5":"has-post-thumbnail","7":"category-izklaide","8":"tag-__typenameadvicekeyword","9":"tag-id1061","10":"tag-id1734","11":"tag-id466","12":"tag-id471","13":"tag-id673","14":"tag-entertainment","15":"tag-izklaide","16":"tag-latvia","17":"tag-latvian","18":"tag-latviesu","19":"tag-latviesu-valoda","20":"tag-latviesuvaloda","21":"tag-latvija","22":"tag-lv","23":"tag-slugcaur-erkskiem-uz","24":"tag-slugkanals-360","25":"tag-slugrealitates-sovi","26":"tag-slugslavenibas","27":"tag-slugtelevizija-tv","28":"tag-titlecaur-erkskiem-uz","29":"tag-titlekanals-360","30":"tag-titlerealitates-sovi","31":"tag-titleslavenibas","32":"tag-titletelevizija-tv"},"share_on_mastodon":{"url":"https:\/\/pubeurope.com\/@lv\/115644774928926554","error":""},"_links":{"self":[{"href":"https:\/\/www.europesays.com\/lv\/wp-json\/wp\/v2\/posts\/62980","targetHints":{"allow":["GET"]}}],"collection":[{"href":"https:\/\/www.europesays.com\/lv\/wp-json\/wp\/v2\/posts"}],"about":[{"href":"https:\/\/www.europesays.com\/lv\/wp-json\/wp\/v2\/types\/post"}],"author":[{"embeddable":true,"href":"https:\/\/www.europesays.com\/lv\/wp-json\/wp\/v2\/users\/2"}],"replies":[{"embeddable":true,"href":"https:\/\/www.europesays.com\/lv\/wp-json\/wp\/v2\/comments?post=62980"}],"version-history":[{"count":0,"href":"https:\/\/www.europesays.com\/lv\/wp-json\/wp\/v2\/posts\/62980\/revisions"}],"wp:featuredmedia":[{"embeddable":true,"href":"https:\/\/www.europesays.com\/lv\/wp-json\/wp\/v2\/media\/62981"}],"wp:attachment":[{"href":"https:\/\/www.europesays.com\/lv\/wp-json\/wp\/v2\/media?parent=62980"}],"wp:term":[{"taxonomy":"category","embeddable":true,"href":"https:\/\/www.europesays.com\/lv\/wp-json\/wp\/v2\/categories?post=62980"},{"taxonomy":"post_tag","embeddable":true,"href":"https:\/\/www.europesays.com\/lv\/wp-json\/wp\/v2\/tags?post=62980"}],"curies":[{"name":"wp","href":"https:\/\/api.w.org\/{rel}","templated":true}]}}