{"id":62984,"date":"2025-12-01T14:29:15","date_gmt":"2025-12-01T14:29:15","guid":{"rendered":"https:\/\/www.europesays.com\/lv\/62984\/"},"modified":"2025-12-01T14:29:15","modified_gmt":"2025-12-01T14:29:15","slug":"alga-bus-mazaka-neka-gausam-darbu-sak-jaunais-airbaltic-vaditajs","status":"publish","type":"post","link":"https:\/\/www.europesays.com\/lv\/62984\/","title":{"rendered":"&#8220;Alga b\u016bs maz\u0101ka, nek\u0101 Gausam!&#8221; Darbu s\u0101k jaunais &#8220;airBaltic&#8221; vad\u012bt\u0101js"},"content":{"rendered":"<p>Latvijas nacion\u0101l\u0101s aviokomp\u0101nijas \u201cairBaltic\u201d izpilddirektora amat\u0101 \u0161odien darbu s\u0101k Erno Hild\u0113ns, a\u0123ent\u016bru LETA inform\u0113ja \u201cairBaltic\u201d p\u0101rst\u0101vji.<\/p>\n<p>Hild\u0113ns ir Somijas pilsonis, un vi\u0146am avi\u0101cijas un finan\u0161u nozar\u0113 ir vair\u0101k nek\u0101 25 gadu starptautiskas darb\u012bbas pieredze.<\/p>\n<p>L\u012bdz \u0161\u0101 gada j\u016bnijam vi\u0146\u0161 bija Skandin\u0101vijas lidsabiedr\u012bbas \u201cSAS Scandinavian Airlines\u201d izpildviceprezidents un grupas finan\u0161u direktors. Pirms darba \u201cSAS\u201d vi\u0146\u0161 ie\u0146\u0113ma vado\u0161us amatus \u201cSaudi Arabian Airlines Group\u201d un \u201cFinnair Plc\u201d, kur str\u0101d\u0101ja k\u0101 finan\u0161u direktors, operat\u012bv\u0101s vad\u012bbas direktors un valdes loceklis.<\/p>\n<p>LETA jau v\u0113st\u012bja, ka \u201cairBaltic\u201d padome \u0161ogad 7. apr\u012bl\u012b nol\u0113ma no amata atbr\u012bvot aviokomp\u0101nijas valdes priek\u0161s\u0113d\u0113t\u0101ju un izpilddirektoru Martinu Gausu, kur\u0161 \u0161aj\u0101 amat\u0101 str\u0101d\u0101ja kop\u0161 2011. gada 1. novembra.<\/p>\n<p>Konkurs\u0101 uz \u201cairBaltic\u201d izpilddirektora amatu nomin\u0101cijas komisija s\u0101kotn\u0113ji izv\u0113rt\u0113ja vair\u0101k nek\u0101 40 sa\u0146emto pieteikumu no gandr\u012bz 30 valst\u012bm, otrajai k\u0101rtai tika izvirz\u012bti asto\u0146i kandid\u0101ti, bet tre\u0161ajai \u2013 \u010detri kandid\u0101ti.<\/p>\n<p>Sludin\u0101jum\u0101 par konkursu uz \u201cairBaltic\u201d izpilddirektora amatu, kas tika izsludin\u0101ts 2025. gada 30. apr\u012bl\u012b, netika min\u0113ts vad\u012bt\u0101jam paredz\u0113tais atalgojums, tom\u0113r \u201cairBaltic\u201d padome iepriek\u0161 nor\u0101d\u012bjusi, ka atalgojums b\u016bs individu\u0101ls jaut\u0101jums ar izraudz\u012bto kandid\u0101tu. 2024. gad\u0101 aviokomp\u0101nijas biju\u0161\u0101 vad\u012bt\u0101ja Gausa alga komp\u0101nij\u0101 bija 838 568 eiro.<\/p>\n<p>Martinovs iepriek\u0161 nor\u0101d\u012bjis, ka Hild\u0113na alga b\u016bs maz\u0101ka nek\u0101 Gausam. Konkr\u0113tu atalgojumu jaunajam \u201cairBaltic\u201d vad\u012bt\u0101jam Martinovs neatkl\u0101ja, bet nor\u0101d\u012bja, ka alga b\u016bs \u201cpietiekami\u201d maz\u0101ka. T\u0101pat vi\u0146\u0161 sac\u012bja, ka jaun\u0101 vad\u012bt\u0101ja alga b\u016bs atbilsto\u0161a industrijas standartiem un starptautiskajai praksei.<\/p>\n<p><img decoding=\"async\" src=\"https:\/\/www.europesays.com\/lv\/wp-content\/uploads\/2025\/12\/3b52eaaabf8f0dbb61cb3eaaf8d1f540.jpg\" title=\"Erno Hild\u0113ns. Foto: Uz\u0146\u0113muma publicit\u0101tes foto\" alt=\"Erno Hild\u0113ns. Foto: Uz\u0146\u0113muma publicit\u0101tes foto\"\/><\/p>\n<p class=\"article-img-desc\">Erno Hild\u0113ns. Foto: Uz\u0146\u0113muma publicit\u0101tes foto<\/p>\n","protected":false},"excerpt":{"rendered":"Latvijas nacion\u0101l\u0101s aviokomp\u0101nijas \u201cairBaltic\u201d izpilddirektora amat\u0101 \u0161odien darbu s\u0101k Erno Hild\u0113ns, a\u0123ent\u016bru LETA inform\u0113ja \u201cairBaltic\u201d p\u0101rst\u0101vji. Hild\u0113ns ir&hellip;\n","protected":false},"author":2,"featured_media":62985,"comment_status":"","ping_status":"","sticky":false,"template":"","format":"standard","meta":{"footnotes":""},"categories":[12],"tags":[129,16573,2103,853,23,28,29,32,33,22,30,31,35,39,38,36,37,34,40,20,26,27,16574,854,2104,16575,855,2105,24,25,21],"class_list":{"0":"post-62984","1":"post","2":"type-post","3":"status-publish","4":"format-standard","5":"has-post-thumbnail","7":"category-latvija","8":"tag-__typenameadvicekeyword","9":"tag-id396","10":"tag-id651","11":"tag-id955","12":"tag-aktualitates","13":"tag-breaking-news","14":"tag-breakingnews","15":"tag-featured-news","16":"tag-featurednews","17":"tag-headlines","18":"tag-latest-news","19":"tag-latestnews","20":"tag-latvia","21":"tag-latvian","22":"tag-latviesu","23":"tag-latviesu-valoda","24":"tag-latviesuvaloda","25":"tag-latvija","26":"tag-lv","27":"tag-news","28":"tag-popularakas-zinas","29":"tag-popularakaszinas","30":"tag-slugairbaltic","31":"tag-slugbizness","32":"tag-sluglidmasinas-aviacija","33":"tag-titleairbaltic","34":"tag-titlebizness","35":"tag-titlelidmasinas-aviacija","36":"tag-top-stories","37":"tag-topstories","38":"tag-zinas"},"share_on_mastodon":{"url":"","error":"Validation failed: Text character limit of 500 exceeded"},"_links":{"self":[{"href":"https:\/\/www.europesays.com\/lv\/wp-json\/wp\/v2\/posts\/62984","targetHints":{"allow":["GET"]}}],"collection":[{"href":"https:\/\/www.europesays.com\/lv\/wp-json\/wp\/v2\/posts"}],"about":[{"href":"https:\/\/www.europesays.com\/lv\/wp-json\/wp\/v2\/types\/post"}],"author":[{"embeddable":true,"href":"https:\/\/www.europesays.com\/lv\/wp-json\/wp\/v2\/users\/2"}],"replies":[{"embeddable":true,"href":"https:\/\/www.europesays.com\/lv\/wp-json\/wp\/v2\/comments?post=62984"}],"version-history":[{"count":0,"href":"https:\/\/www.europesays.com\/lv\/wp-json\/wp\/v2\/posts\/62984\/revisions"}],"wp:featuredmedia":[{"embeddable":true,"href":"https:\/\/www.europesays.com\/lv\/wp-json\/wp\/v2\/media\/62985"}],"wp:attachment":[{"href":"https:\/\/www.europesays.com\/lv\/wp-json\/wp\/v2\/media?parent=62984"}],"wp:term":[{"taxonomy":"category","embeddable":true,"href":"https:\/\/www.europesays.com\/lv\/wp-json\/wp\/v2\/categories?post=62984"},{"taxonomy":"post_tag","embeddable":true,"href":"https:\/\/www.europesays.com\/lv\/wp-json\/wp\/v2\/tags?post=62984"}],"curies":[{"name":"wp","href":"https:\/\/api.w.org\/{rel}","templated":true}]}}