{"id":62992,"date":"2025-12-01T14:36:11","date_gmt":"2025-12-01T14:36:11","guid":{"rendered":"https:\/\/www.europesays.com\/lv\/62992\/"},"modified":"2025-12-01T14:36:11","modified_gmt":"2025-12-01T14:36:11","slug":"airbaltic-izpilddirektora-amata-stajas-sas-ieprieksejais-izpildviceprezidents-apollo-lv","status":"publish","type":"post","link":"https:\/\/www.europesays.com\/lv\/62992\/","title":{"rendered":"&quot;airBaltic&quot; izpilddirektora amat\u0101 st\u0101jas SAS iepriek\u0161\u0113jais izpildviceprezidents &#8211; Apollo.lv"},"content":{"rendered":"<ol>\n<li><a href=\"https:\/\/news.google.com\/rss\/articles\/CBMiqwFBVV95cUxPSTRGR3lTZTRDbUNaal8zVVBCWXRDdHdlRllHaVhhaTVvTEcwSndLb0RwYWVMcDA3U0pmVHFLeG81eVVreVh1N2lHRmEtOEwxQXZYbk4zSXlaa2NBT2JaSlZCaEg5NE5ZdUtEeG9ISHdsaTA2RW5OMjJKMHVpM1BqUUNuYzBYU3k1cURFVDFLeVpCVnVITmVXT3R4SmtHSExFN3FqcS11OTNOQjQ?oc=5\" target=\"_blank\" rel=\"nofollow noopener\">&#8220;airBaltic&#8221; izpilddirektora amat\u0101 st\u0101jas SAS iepriek\u0161\u0113jais izpildviceprezidents<\/a>&nbsp;&nbsp;Apollo.lv<\/li>\n<li><a href=\"https:\/\/news.google.com\/rss\/articles\/CBMioAFBVV95cUxONFFVYmdic1YteXFmaVdJN0xDMnhZcVdQb3JhNk9YQ3hWLTBFMFpfUHBWb2hxVXNtSThqd0c4SENVSXN1VU1tUGZUcm9taHZvZGMtWlJIMThIMFU0aUtqWGFwSzE1NGxha08wNHFoTmVKblZGUHZfb2ozc2IzZ2ZHc0xxdFl1VWROaTlJOTZINEdnUGtiZTEycE1BTE90bXRV?oc=5\" target=\"_blank\" rel=\"nofollow noopener\">Darbu s\u0101cis jaunais &#8220;airBaltic&#8221; vad\u012bt\u0101js<\/a>&nbsp;&nbsp;Delfi<\/li>\n<li><a href=\"https:\/\/news.google.com\/rss\/articles\/CBMinAFBVV95cUxOM1BnT21zM092TmtMcDdoWGtfWDY2Skd6RXBZR3hJemVqSk9hLWgwT1UyenBxRUFObnNrd2pqQUFrVnNBM0lRanZKcnRWUzkzMlNFaGU2bktJMVRUR1dZd3o3X1FaWWotcHd5RmFvbndRc0F4MFVpRGdKMVhUQjlPSERfc2pCMGg5SlYzM0dldmY5eVBaYnlpd3kyM0Q?oc=5\" target=\"_blank\" rel=\"nofollow noopener\">&#8220;Alga b\u016bs maz\u0101ka, nek\u0101 Gausam!&#8221; Darbu s\u0101k jaunais &#8220;airBaltic&#8221; vad\u012bt\u0101js<\/a>&nbsp;&nbsp;1188.lv<\/li>\n<li><a href=\"https:\/\/news.google.com\/rss\/articles\/CBMiuwFBVV95cUxOcmctRVA4dGxuZW1aT09qSHkxS3BhdGxPM2JrTU11TGE2Z3FqZFZlb2xuNUFoWHRORFhydUstWGxoVXdWdjVLUm9NckptcFpPV2JHaF8zRzNDRU5GMnNwQm5JLTVDRENmZHFJTGpsWGJ6ZDFLd2tjZUROaUVzWkpla1N0bnM3cm1lVjZrNkthQzZIMkJYQUI0VjVXSHhrRENWaG1ydXFuM1VHQXI0RTBwRFdKSEI3eW96VnpN?oc=5\" target=\"_blank\" rel=\"nofollow noopener\">airBaltic izpilddirektora amat\u0101 st\u0101jas Erno Hild\u0113ns, sola jaunu izaugsmes \u0113ru<\/a>&nbsp;&nbsp;Lente.lv<\/li>\n<\/ol>\n","protected":false},"excerpt":{"rendered":"&#8220;airBaltic&#8221; izpilddirektora amat\u0101 st\u0101jas SAS iepriek\u0161\u0113jais izpildviceprezidents&nbsp;&nbsp;Apollo.lv Darbu s\u0101cis jaunais &#8220;airBaltic&#8221; vad\u012bt\u0101js&nbsp;&nbsp;Delfi &#8220;Alga b\u016bs maz\u0101ka, nek\u0101 Gausam!&#8221; Darbu&hellip;\n","protected":false},"author":2,"featured_media":62993,"comment_status":"","ping_status":"","sticky":false,"template":"","format":"standard","meta":{"footnotes":""},"categories":[5],"tags":[3307,23,28,29,32,33,22,30,31,35,39,38,36,37,34,40,20,26,27,24,25,21],"class_list":{"0":"post-62992","1":"post","2":"type-post","3":"status-publish","4":"format-standard","5":"has-post-thumbnail","7":"category-aktualitates","8":"tag-airbaltic","9":"tag-aktualitates","10":"tag-breaking-news","11":"tag-breakingnews","12":"tag-featured-news","13":"tag-featurednews","14":"tag-headlines","15":"tag-latest-news","16":"tag-latestnews","17":"tag-latvia","18":"tag-latvian","19":"tag-latviesu","20":"tag-latviesu-valoda","21":"tag-latviesuvaloda","22":"tag-latvija","23":"tag-lv","24":"tag-news","25":"tag-popularakas-zinas","26":"tag-popularakaszinas","27":"tag-top-stories","28":"tag-topstories","29":"tag-zinas"},"share_on_mastodon":{"url":"https:\/\/pubeurope.com\/@lv\/115644817946505053","error":""},"_links":{"self":[{"href":"https:\/\/www.europesays.com\/lv\/wp-json\/wp\/v2\/posts\/62992","targetHints":{"allow":["GET"]}}],"collection":[{"href":"https:\/\/www.europesays.com\/lv\/wp-json\/wp\/v2\/posts"}],"about":[{"href":"https:\/\/www.europesays.com\/lv\/wp-json\/wp\/v2\/types\/post"}],"author":[{"embeddable":true,"href":"https:\/\/www.europesays.com\/lv\/wp-json\/wp\/v2\/users\/2"}],"replies":[{"embeddable":true,"href":"https:\/\/www.europesays.com\/lv\/wp-json\/wp\/v2\/comments?post=62992"}],"version-history":[{"count":0,"href":"https:\/\/www.europesays.com\/lv\/wp-json\/wp\/v2\/posts\/62992\/revisions"}],"wp:featuredmedia":[{"embeddable":true,"href":"https:\/\/www.europesays.com\/lv\/wp-json\/wp\/v2\/media\/62993"}],"wp:attachment":[{"href":"https:\/\/www.europesays.com\/lv\/wp-json\/wp\/v2\/media?parent=62992"}],"wp:term":[{"taxonomy":"category","embeddable":true,"href":"https:\/\/www.europesays.com\/lv\/wp-json\/wp\/v2\/categories?post=62992"},{"taxonomy":"post_tag","embeddable":true,"href":"https:\/\/www.europesays.com\/lv\/wp-json\/wp\/v2\/tags?post=62992"}],"curies":[{"name":"wp","href":"https:\/\/api.w.org\/{rel}","templated":true}]}}