{"id":62994,"date":"2025-12-01T14:42:10","date_gmt":"2025-12-01T14:42:10","guid":{"rendered":"https:\/\/www.europesays.com\/lv\/62994\/"},"modified":"2025-12-01T14:42:10","modified_gmt":"2025-12-01T14:42:10","slug":"latvijas-biatlonisti-pasaules-kausa-jauktaja-stafete-finise-21-vieta-lente-lv","status":"publish","type":"post","link":"https:\/\/www.europesays.com\/lv\/62994\/","title":{"rendered":"Latvijas biatlonisti Pasaules kausa jauktaj\u0101 stafet\u0113 fini\u0161\u0113 21. viet\u0101\u00a0\u2014\u00a0Lente.lv"},"content":{"rendered":"<p>Latvijas biatlonistu sniegums Pasaules kausa jauktaj\u0101 stafet\u0113<\/p>\n<p>Latvijas biatlona komanda Pasaules kausa pirmaj\u0101 posm\u0101 Este\u0161und\u0101, Zviedrij\u0101, aizvad\u012bja aizraujo\u0161u startu jauktaj\u0101 stafet\u0113, izc\u012bnot 21. vietu. \u0160is rezult\u0101ts ir s\u0101kums jaunajai sezonai, kas sola gan izaicin\u0101jumus, gan cer\u012bbas uz izaugsmi.<\/p>\n<p>Sv\u0113tdienas sacens\u012bb\u0101s Latvijas komandas sast\u0101v\u0101 start\u0113ja Aleksandrs Patrijuks, Edgars Mise, Baiba Bendika un Sanita Buli\u0146a. Katrs no vi\u0146iem deva savu artavu, lai c\u012bn\u012btos par p\u0113c iesp\u0113jas augst\u0101ku rezult\u0101tu sare\u017e\u0123\u012btaj\u0101s tras\u0113s.<\/p>\n<p>Ce\u013c\u0161 uz 21. vietu: sp\u0113les un neveiksmes<\/p>\n<p>Lai gan 21. vieta nav tas, ko Latvijas biatlonisti v\u0113l\u0113tos sasniegt Pasaules kausa l\u012bmen\u012b, ir svar\u012bgi atcer\u0113ties, ka sezona ir tikko s\u0101kusies. Katra distance un katra sacens\u012bba ir v\u0113rt\u012bga pieredze, kas pal\u012bdz sportistiem pilnveidoties.<\/p>\n<p>\u0160is posms bija \u012bpa\u0161i izaicino\u0161s, jo jaukt\u0101 stafete bie\u017ei vien sniedz neparedzamus rezult\u0101tus, kur\u0101 katrs soda aplis vai k\u013c\u016bda var b\u016btiski ietekm\u0113t kop\u0113jo sniegumu. Sportistiem n\u0101c\u0101s saskarties ar main\u012bgiem laikapst\u0101k\u013ciem un sp\u0113c\u012bgu konkurentu pulku.<\/p>\n<p>Ko sagaid\u012bt turpm\u0101k?<\/p>\n<p>Lai gan rezult\u0101ti pirmaj\u0101 posm\u0101 var\u0113ja b\u016bt cer\u012bg\u0101ki, Latvijas biatlonisti ir pier\u0101d\u012bju\u0161i savu c\u012b\u0146assparu un v\u0113lmi sasniegt virsotnes. \u0160\u012b sezona sniegs daudzas iesp\u0113jas sevi apliecin\u0101t un uzlabot rezult\u0101tus.<\/p>\n<p>Fani un atbalst\u012bt\u0101ji ar nepaciet\u012bbu gaid\u012bs n\u0101kamos startus, cerot uz lab\u0101kiem pan\u0101kumiem un emocion\u0101liem br\u012b\u017eiem tras\u0113. Latvijas biatlona n\u0101kotne izskat\u0101s daudzsolo\u0161a, un \u0161is pirmais posms ir tikai s\u0101kums garajam ce\u013cam.<\/p>\n","protected":false},"excerpt":{"rendered":"Latvijas biatlonistu sniegums Pasaules kausa jauktaj\u0101 stafet\u0113 Latvijas biatlona komanda Pasaules kausa pirmaj\u0101 posm\u0101 Este\u0161und\u0101, Zviedrij\u0101, aizvad\u012bja aizraujo\u0161u&hellip;\n","protected":false},"author":2,"featured_media":62995,"comment_status":"","ping_status":"","sticky":false,"template":"","format":"standard","meta":{"footnotes":""},"categories":[5],"tags":[23,16009,16007,1499,28,29,16010,16582,32,33,22,16581,30,31,35,39,38,36,37,34,40,20,2560,26,27,16013,24,25,21],"class_list":{"0":"post-62994","1":"post","2":"type-post","3":"status-publish","4":"format-standard","5":"has-post-thumbnail","7":"category-aktualitates","8":"tag-aktualitates","9":"tag-aleksandrs-patrijuks","10":"tag-baiba-bendika","11":"tag-biatlons","12":"tag-breaking-news","13":"tag-breakingnews","14":"tag-edgars-mise","15":"tag-estesunda","16":"tag-featured-news","17":"tag-featurednews","18":"tag-headlines","19":"tag-jaukta-stafete","20":"tag-latest-news","21":"tag-latestnews","22":"tag-latvia","23":"tag-latvian","24":"tag-latviesu","25":"tag-latviesu-valoda","26":"tag-latviesuvaloda","27":"tag-latvija","28":"tag-lv","29":"tag-news","30":"tag-pasaules-kauss","31":"tag-popularakas-zinas","32":"tag-popularakaszinas","33":"tag-sanita-bulina","34":"tag-top-stories","35":"tag-topstories","36":"tag-zinas"},"share_on_mastodon":{"url":"https:\/\/pubeurope.com\/@lv\/115644841631893188","error":""},"_links":{"self":[{"href":"https:\/\/www.europesays.com\/lv\/wp-json\/wp\/v2\/posts\/62994","targetHints":{"allow":["GET"]}}],"collection":[{"href":"https:\/\/www.europesays.com\/lv\/wp-json\/wp\/v2\/posts"}],"about":[{"href":"https:\/\/www.europesays.com\/lv\/wp-json\/wp\/v2\/types\/post"}],"author":[{"embeddable":true,"href":"https:\/\/www.europesays.com\/lv\/wp-json\/wp\/v2\/users\/2"}],"replies":[{"embeddable":true,"href":"https:\/\/www.europesays.com\/lv\/wp-json\/wp\/v2\/comments?post=62994"}],"version-history":[{"count":0,"href":"https:\/\/www.europesays.com\/lv\/wp-json\/wp\/v2\/posts\/62994\/revisions"}],"wp:featuredmedia":[{"embeddable":true,"href":"https:\/\/www.europesays.com\/lv\/wp-json\/wp\/v2\/media\/62995"}],"wp:attachment":[{"href":"https:\/\/www.europesays.com\/lv\/wp-json\/wp\/v2\/media?parent=62994"}],"wp:term":[{"taxonomy":"category","embeddable":true,"href":"https:\/\/www.europesays.com\/lv\/wp-json\/wp\/v2\/categories?post=62994"},{"taxonomy":"post_tag","embeddable":true,"href":"https:\/\/www.europesays.com\/lv\/wp-json\/wp\/v2\/tags?post=62994"}],"curies":[{"name":"wp","href":"https:\/\/api.w.org\/{rel}","templated":true}]}}