{"id":63032,"date":"2025-12-01T15:21:08","date_gmt":"2025-12-01T15:21:08","guid":{"rendered":"https:\/\/www.europesays.com\/lv\/63032\/"},"modified":"2025-12-01T15:21:08","modified_gmt":"2025-12-01T15:21:08","slug":"latvijas-uznemums-digmatix-iegadajies-horvatijas-kompanijas-dignetsoftware-vairakuma-dalas","status":"publish","type":"post","link":"https:\/\/www.europesays.com\/lv\/63032\/","title":{"rendered":"Latvijas uz\u0146\u0113mums &#8220;Digmatix&#8221; ieg\u0101d\u0101jies Horv\u0101tijas komp\u0101nijas &#8220;DignetSoftware&#8221; vair\u0101kuma da\u013cas"},"content":{"rendered":"<p>z\u0146\u0113muma p\u0101rst\u0101vji dar\u012bjuma summu neatkl\u0101ja, bet nor\u0101d\u012bja, ka dar\u012bjums notiks pak\u0101peniski tuv\u0101ko divu l\u012bdz tr\u012bs gadu laik\u0101, k\u0101 ar\u012b to, ka Horv\u0101tijas uz\u0146\u0113muma ieg\u0101de ir n\u0101kamais solis &#8220;Digmatix&#8221; strat\u0113\u0123ijas \u012bsteno\u0161an\u0101, lai nostiprin\u0101tu uz\u0146\u0113muma poz\u012bcijas k\u0101 vienam no vado\u0161ajiem &#8220;Microsoft&#8221; biznesa risin\u0101jumu partneriem Centr\u0101leirop\u0101 un Austrumeirop\u0101, vienlaikus papla\u0161inot kompetenci ra\u017eo\u0161anas un mazumtirdzniec\u012bbas sektoros.<\/p>\n<p>&#8220;Digmatix&#8221; izpilddirektors Rinalds Sluckis atz\u012bm\u0113, ka \u0161obr\u012bd pirmaj\u0101 dar\u012bjuma f\u0101z\u0113 &#8220;Digmatix&#8221; ieg\u0101d\u0101jas kontrol\u0113jo\u0161a vair\u0101kuma da\u013cas, ta\u010du l\u012bgums paredz piln\u012bgu 100% uz\u0146\u0113muma da\u013cu ieg\u0101di tuv\u0101ko divu l\u012bdz tr\u012bs gadu laik\u0101 atbilsto\u0161i uz\u0146\u0113muma darb\u012bbas rezult\u0101tu progresam.<\/p>\n<p>Sluckis nor\u0101da, ka vair\u0101k nek\u0101 gadu kop\u0101 ar &#8220;DignetSoftware&#8221; akcion\u0101riem analiz\u0113tas sadarb\u012bbas iesp\u0113jas, augstu nov\u0113rt\u0113jot komandas darba \u0113tiku un v\u0113rt\u012bbas, kas saskan ar &#8220;Digmatix&#8221; darb\u012bbas pamatprincipiem.<\/p>\n<p>Uz\u0146\u0113mum\u0101 nor\u0101da, ka \u0161obr\u012bd Adrijas j\u016bras re\u0123iona valstu tirgos piepras\u012bjums p\u0113c &#8220;Microsoft&#8221; m\u0101ko\u0146risin\u0101jumiem un biznesa lietotn\u0113m strauji pieaug. Uz\u0146\u0113mumu resursu un vad\u012bbas procesu apvieno\u0161ana pal\u012bdz\u0113s &#8220;DignetSoftware&#8221; att\u012bst\u012bt un m\u0113rogot savu darb\u012bbu, savuk\u0101rt &#8220;Digmatix&#8221; t\u0101 b\u016bs iesp\u0113ja ien\u0101kt jaun\u0101 tirg\u016b, izmantojot &#8220;DignetSoftware&#8221; eso\u0161o kl\u0101tb\u016btni un padzi\u013cin\u0101to viet\u0113j\u0101 tirgus izpratni. Apvieno\u0161an\u0101s \u013caus ab\u0101m pus\u0113m nodro\u0161in\u0101t klientiem pilna cikla digit\u0101l\u0101s transform\u0101cijas risin\u0101jumus vis\u0101 Adrijas re\u0123ion\u0101 un ar\u012b \u0101rpus t\u0101.<\/p>\n","protected":false},"excerpt":{"rendered":"z\u0146\u0113muma p\u0101rst\u0101vji dar\u012bjuma summu neatkl\u0101ja, bet nor\u0101d\u012bja, ka dar\u012bjums notiks pak\u0101peniski tuv\u0101ko divu l\u012bdz tr\u012bs gadu laik\u0101, k\u0101&hellip;\n","protected":false},"author":2,"featured_media":63033,"comment_status":"","ping_status":"","sticky":false,"template":"","format":"standard","meta":{"footnotes":""},"categories":[16],"tags":[77,76,16592,35,39,38,36,37,34,40,793],"class_list":{"0":"post-63032","1":"post","2":"type-post","3":"status-publish","4":"format-standard","5":"has-post-thumbnail","7":"category-bizness","8":"tag-bizness","9":"tag-business","10":"tag-dignetsoftware","11":"tag-latvia","12":"tag-latvian","13":"tag-latviesu","14":"tag-latviesu-valoda","15":"tag-latviesuvaloda","16":"tag-latvija","17":"tag-lv","18":"tag-uznemejdarbiba"},"share_on_mastodon":{"url":"https:\/\/pubeurope.com\/@lv\/115644994912440071","error":""},"_links":{"self":[{"href":"https:\/\/www.europesays.com\/lv\/wp-json\/wp\/v2\/posts\/63032","targetHints":{"allow":["GET"]}}],"collection":[{"href":"https:\/\/www.europesays.com\/lv\/wp-json\/wp\/v2\/posts"}],"about":[{"href":"https:\/\/www.europesays.com\/lv\/wp-json\/wp\/v2\/types\/post"}],"author":[{"embeddable":true,"href":"https:\/\/www.europesays.com\/lv\/wp-json\/wp\/v2\/users\/2"}],"replies":[{"embeddable":true,"href":"https:\/\/www.europesays.com\/lv\/wp-json\/wp\/v2\/comments?post=63032"}],"version-history":[{"count":0,"href":"https:\/\/www.europesays.com\/lv\/wp-json\/wp\/v2\/posts\/63032\/revisions"}],"wp:featuredmedia":[{"embeddable":true,"href":"https:\/\/www.europesays.com\/lv\/wp-json\/wp\/v2\/media\/63033"}],"wp:attachment":[{"href":"https:\/\/www.europesays.com\/lv\/wp-json\/wp\/v2\/media?parent=63032"}],"wp:term":[{"taxonomy":"category","embeddable":true,"href":"https:\/\/www.europesays.com\/lv\/wp-json\/wp\/v2\/categories?post=63032"},{"taxonomy":"post_tag","embeddable":true,"href":"https:\/\/www.europesays.com\/lv\/wp-json\/wp\/v2\/tags?post=63032"}],"curies":[{"name":"wp","href":"https:\/\/api.w.org\/{rel}","templated":true}]}}