{"id":63036,"date":"2025-12-01T15:23:10","date_gmt":"2025-12-01T15:23:10","guid":{"rendered":"https:\/\/www.europesays.com\/lv\/63036\/"},"modified":"2025-12-01T15:23:10","modified_gmt":"2025-12-01T15:23:10","slug":"aizdomas-par-viriesa-nodursanu-ogre-aiztureta-sieviete","status":"publish","type":"post","link":"https:\/\/www.europesays.com\/lv\/63036\/","title":{"rendered":"Aizdom\u0101s par v\u012brie\u0161a nodur\u0161anu Ogr\u0113 aiztur\u0113ta sieviete"},"content":{"rendered":"<p>30. novembr\u012b ap pulksten 18 Valsts policija sa\u0146\u0113ma inform\u0101ciju no Neatliekam\u0101s medic\u012bnisk\u0101s pal\u012bdz\u012bbas dienesta par to, ka dz\u012bvokl\u012b Ogr\u0113 atrodas miris v\u012brietis ar durt\u0101m br\u016bc\u0113m.<\/p>\n<p>Notikuma viet\u0101 ierad\u0101s Valsts policijas R\u012bgas re\u0123iona p\u0101rvaldes Krimin\u0101lpolicijas p\u0101rvaldes 1. biroja 1. noda\u013cas un Valsts policijas R\u012bgas re\u0123iona p\u0101rvaldes Pier\u012bgas Austrumu iecirk\u0146a likumsargi. Aizdom\u0101s par slepkav\u012bbu turpat dz\u012bvokl\u012b policisti aiztur\u0113ja m\u0101jok\u013ca saimnieci \u2013 1985. gad\u0101 dzimu\u0161u sievieti, kura atrad\u0101s stipr\u0101 alkohola reibum\u0101.<\/p>\n<p>Policijas ieg\u016bt\u0101 inform\u0101cija liecina, ka noziegums, iesp\u0113jams, izdar\u012bts turpat dz\u012bvokl\u012b sv\u0113tdien r\u012bta pus\u0113. Boj\u0101g\u0101ju\u0161ais bijis aiztur\u0113t\u0101s sievietes tuvs pazi\u0146a, un likten\u012bgaj\u0101 dien\u0101 vi\u0146\u0161 bija atn\u0101cis sievieti apciemot. Policij\u0101 inform\u0101cija par iesp\u0113jamiem konfliktiem abu starp\u0101 iepriek\u0161 nebija sa\u0146emta.<\/p>\n<p>Saist\u012bb\u0101 ar notiku\u0161o s\u0101kts krimin\u0101lprocess p\u0113c Krimin\u0101llikuma 116. panta \u2013 par slepkav\u012bbu. Par \u0161\u0101du noziegumu likum\u0101 paredz\u0113ts m\u016b\u017ea ieslodz\u012bjums vai br\u012bv\u012bbas at\u0146em\u0161ana uz laiku no pieciem l\u012bdz 20 gadiem un prob\u0101cijas uzraudz\u012bba uz laiku l\u012bdz trim gadiem.<\/p>\n<p>Aiztur\u0113t\u0101 sieviete \u0161obr\u012bd atrodas izolator\u0101, un otrdien tiesa lems, vai vi\u0146ai uz izmekl\u0113\u0161anas laiku piem\u0113rot dro\u0161\u012bbas l\u012bdzekli \u2013 apcietin\u0101jumu.<\/p>\n<p>Policija \u0161obr\u012bd turpina skaidrot notiku\u0161\u0101 apst\u0101k\u013cus un nozieguma mot\u012bvu. Boj\u0101g\u0101ju\u0161ajam v\u012brietim noz\u012bm\u0113ta ekspert\u012bze, un nozieguma viet\u0101 iz\u0146emti lietiskie pier\u0101d\u012bjumi.<\/p>\n<p>Valsts policija atg\u0101dina, ka neviena persona netiek uzskat\u012bta par vain\u012bgu, kam\u0113r t\u0101s vaina noziedz\u012bga nodar\u012bjuma izdar\u012b\u0161an\u0101 netiek pier\u0101d\u012bta likum\u0101 noteiktaj\u0101 k\u0101rt\u012bb\u0101.<\/p>\n","protected":false},"excerpt":{"rendered":"30. novembr\u012b ap pulksten 18 Valsts policija sa\u0146\u0113ma inform\u0101ciju no Neatliekam\u0101s medic\u012bnisk\u0101s pal\u012bdz\u012bbas dienesta par to, ka dz\u012bvokl\u012b&hellip;\n","protected":false},"author":2,"featured_media":63037,"comment_status":"","ping_status":"","sticky":false,"template":"","format":"standard","meta":{"footnotes":""},"categories":[12],"tags":[23,28,29,32,33,22,30,31,35,39,38,36,37,34,40,6182,20,10903,26,27,595,24,25,21],"class_list":{"0":"post-63036","1":"post","2":"type-post","3":"status-publish","4":"format-standard","5":"has-post-thumbnail","7":"category-latvija","8":"tag-aktualitates","9":"tag-breaking-news","10":"tag-breakingnews","11":"tag-featured-news","12":"tag-featurednews","13":"tag-headlines","14":"tag-latest-news","15":"tag-latestnews","16":"tag-latvia","17":"tag-latvian","18":"tag-latviesu","19":"tag-latviesu-valoda","20":"tag-latviesuvaloda","21":"tag-latvija","22":"tag-lv","23":"tag-nazis","24":"tag-news","25":"tag-ogre","26":"tag-popularakas-zinas","27":"tag-popularakaszinas","28":"tag-slepkaviba","29":"tag-top-stories","30":"tag-topstories","31":"tag-zinas"},"share_on_mastodon":{"url":"https:\/\/pubeurope.com\/@lv\/115645002710783451","error":""},"_links":{"self":[{"href":"https:\/\/www.europesays.com\/lv\/wp-json\/wp\/v2\/posts\/63036","targetHints":{"allow":["GET"]}}],"collection":[{"href":"https:\/\/www.europesays.com\/lv\/wp-json\/wp\/v2\/posts"}],"about":[{"href":"https:\/\/www.europesays.com\/lv\/wp-json\/wp\/v2\/types\/post"}],"author":[{"embeddable":true,"href":"https:\/\/www.europesays.com\/lv\/wp-json\/wp\/v2\/users\/2"}],"replies":[{"embeddable":true,"href":"https:\/\/www.europesays.com\/lv\/wp-json\/wp\/v2\/comments?post=63036"}],"version-history":[{"count":0,"href":"https:\/\/www.europesays.com\/lv\/wp-json\/wp\/v2\/posts\/63036\/revisions"}],"wp:featuredmedia":[{"embeddable":true,"href":"https:\/\/www.europesays.com\/lv\/wp-json\/wp\/v2\/media\/63037"}],"wp:attachment":[{"href":"https:\/\/www.europesays.com\/lv\/wp-json\/wp\/v2\/media?parent=63036"}],"wp:term":[{"taxonomy":"category","embeddable":true,"href":"https:\/\/www.europesays.com\/lv\/wp-json\/wp\/v2\/categories?post=63036"},{"taxonomy":"post_tag","embeddable":true,"href":"https:\/\/www.europesays.com\/lv\/wp-json\/wp\/v2\/tags?post=63036"}],"curies":[{"name":"wp","href":"https:\/\/api.w.org\/{rel}","templated":true}]}}