{"id":63045,"date":"2025-12-01T15:34:10","date_gmt":"2025-12-01T15:34:10","guid":{"rendered":"https:\/\/www.europesays.com\/lv\/63045\/"},"modified":"2025-12-01T15:34:10","modified_gmt":"2025-12-01T15:34:10","slug":"eiropas-savienibas-aizsardzibas-ministri-vienojas-par-turpmaku-atbalstu-ukrainai-un-eiropas-aizsardzibas-stiprinasanu","status":"publish","type":"post","link":"https:\/\/www.europesays.com\/lv\/63045\/","title":{"rendered":"Eiropas Savien\u012bbas aizsardz\u012bbas ministri vienojas par turpm\u0101ku atbalstu Ukrainai un Eiropas aizsardz\u012bbas stiprin\u0101\u0161anu"},"content":{"rendered":"<p>Pirmdien, 1. decembr\u012b, aizsardz\u012bbas ministrijas parlament\u0101r\u0101 sekret\u0101re Liene G\u0101tere Brisel\u0113 piedal\u012bj\u0101s Eiropas Savien\u012bbas \u0100rlietu padomes aizsardz\u012bbas ministru san\u0101ksm\u0113, kur\u0101 dal\u012bbvalstu ministri un augst\u0101k\u0101s amatpersonas apsprieda aktu\u0101los dro\u0161\u012bbas un aizsardz\u012bbas politikas jaut\u0101jumus, \u012bpa\u0161u uzman\u012bbu v\u0113r\u0161ot milit\u0101r\u0101 atbalsta turpin\u0101\u0161anai Ukrainai un Eiropas aizsardz\u012bbas gatav\u012bbas stiprin\u0101\u0161anai.<\/p>\n<p>Dal\u012bbvalstu p\u0101rst\u0101vji apsprieda turpm\u0101ku milit\u0101ro atbalstu Ukrainai, tostarp mun\u012bcijas pieg\u0101des un papildu atbalsta iesp\u0113jas Ukrainas bru\u0146oto sp\u0113ku stiprin\u0101\u0161anai. Tik\u0161an\u0101s laik\u0101 notika diskusijas ar\u012b par Eiropas aizsardz\u012bbas industrijas jaudas palielin\u0101\u0161anu, izmantojot SAFE instrumentu, lai nodro\u0161in\u0101tu industrijas sp\u0113ju rea\u0123\u0113t uz pieaugo\u0161o piepras\u012bjumu.<\/p>\n<p>\u201cEiropai ir j\u0101paliek nelok\u0101mai un j\u0101turpina palielin\u0101t milit\u0101rais atbalsts Ukrainai. Latvija \u0161ogad Ukrainas milit\u0101rajai pal\u012bdz\u012bbai ir novirz\u012bjusi 0,3% no IKP un ir pie\u0146\u0113musi l\u0113mumu n\u0101kamgad nodro\u0161in\u0101t vismaz 0,25% no IKP. Esam gatavi izmantot SAFE instrumentu, lai palielin\u0101tu savu ieguld\u012bjumu, un aicin\u0101m ar\u012b citas Eiropas valstis akt\u012bv\u0101k iesaist\u012bties. Ukraina ir neprovoc\u0113ta kara upuris, un jebkuram miera risin\u0101jumam j\u0101b\u016bt taisn\u012bgam un Ukrainas noteiktam,\u201d nor\u0101da L. G\u0101tere.<\/p>\n<p>San\u0101ksmes laik\u0101 L. G\u0101tere inform\u0113ja par Latvijas, Lietuvas, Igaunijas un Polijas \u012bstenoto Baltijas aizsardz\u012bbas l\u012bniju \u2013 koordin\u0113tu Eiropas Savien\u012bbas, NATO un dal\u012bbvalstu iniciat\u012bvu, kas b\u016btiski stiprin\u0101s Eiropas austrumu robe\u017eu, uzsveros, ka \u0161is ir strat\u0113\u0123iski svar\u012bgs projekts visai Eiropai, ne tikai Baltijas re\u0123ionam.<\/p>\n<p>Dal\u012bbvalstu p\u0101rst\u0101vji apsprieda Eiropas aizsardz\u012bbas ce\u013cvedi \u201cGatav\u012bba 2030\u201d, milit\u0101r\u0101s mobilit\u0101tes stiprin\u0101\u0161anu un turpm\u0101k\u0101s sadarb\u012bbas iesp\u0113jas. Aizsardz\u012bbas ministru tik\u0161an\u0101s laik\u0101 L. G\u0101tere piedal\u012bj\u0101s ar\u012b Eiropas Aizsardz\u012bbas a\u0123ent\u016bras valdes s\u0113d\u0113, kur\u0101 tika p\u0101rrun\u0101ta Krievijas agresijas ietekme uz Eiropas Savien\u012bbas aizsardz\u012bbas sp\u0113j\u0101m un milit\u0101r\u0101s industrijas att\u012bst\u012bbu, uzsverot nepiecie\u0161am\u012bbu turpin\u0101t sistem\u0101tiski stiprin\u0101t kop\u0113j\u0101s Eiropas aizsardz\u012bbas sp\u0113jas. San\u0101ksmes nosl\u0113gum\u0101 L. G\u0101tere aizvad\u012bja tr\u012bspus\u0113jo tik\u0161anos ar N\u012bderlandes un Horv\u0101tijas p\u0101rst\u0101vjiem, kuras laik\u0101 apsprieda savstarp\u0113jo sadarb\u012bbu dronu un pret-dronu sist\u0113mu att\u012bst\u012bb\u0101.<\/p>\n<p>          <img decoding=\"async\" src=\"https:\/\/www.europesays.com\/lv\/wp-content\/uploads\/2025\/11\/1763998689_350_logo-lv.png\" alt=\"\"\/><\/p>\n<p>                  \u0160\u012b inform\u0101cija ir publisks pazi\u0146ojums un neatspogu\u013co LV port\u0101la viedokli. Par t\u0101s saturu atbild ies\u016bt\u012bt\u0101js. <a data-popup=\"rules\">Public\u0113\u0161anas noteikumi<\/a><\/p>\n","protected":false},"excerpt":{"rendered":"Pirmdien, 1. decembr\u012b, aizsardz\u012bbas ministrijas parlament\u0101r\u0101 sekret\u0101re Liene G\u0101tere Brisel\u0113 piedal\u012bj\u0101s Eiropas Savien\u012bbas \u0100rlietu padomes aizsardz\u012bbas ministru san\u0101ksm\u0113,&hellip;\n","protected":false},"author":2,"featured_media":63046,"comment_status":"","ping_status":"","sticky":false,"template":"","format":"standard","meta":{"footnotes":""},"categories":[14],"tags":[23,57,28,29,32,33,22,30,31,35,39,38,36,37,34,40,20,26,27,24,25,54,55,56,21,58],"class_list":{"0":"post-63045","1":"post","2":"type-post","3":"status-publish","4":"format-standard","5":"has-post-thumbnail","7":"category-zinas-no-arvalstim","8":"tag-aktualitates","9":"tag-arvalstim","10":"tag-breaking-news","11":"tag-breakingnews","12":"tag-featured-news","13":"tag-featurednews","14":"tag-headlines","15":"tag-latest-news","16":"tag-latestnews","17":"tag-latvia","18":"tag-latvian","19":"tag-latviesu","20":"tag-latviesu-valoda","21":"tag-latviesuvaloda","22":"tag-latvija","23":"tag-lv","24":"tag-news","25":"tag-popularakas-zinas","26":"tag-popularakaszinas","27":"tag-top-stories","28":"tag-topstories","29":"tag-world","30":"tag-world-news","31":"tag-worldnews","32":"tag-zinas","33":"tag-zinas-no-arvalstim"},"share_on_mastodon":{"url":"https:\/\/pubeurope.com\/@lv\/115645046089342689","error":""},"_links":{"self":[{"href":"https:\/\/www.europesays.com\/lv\/wp-json\/wp\/v2\/posts\/63045","targetHints":{"allow":["GET"]}}],"collection":[{"href":"https:\/\/www.europesays.com\/lv\/wp-json\/wp\/v2\/posts"}],"about":[{"href":"https:\/\/www.europesays.com\/lv\/wp-json\/wp\/v2\/types\/post"}],"author":[{"embeddable":true,"href":"https:\/\/www.europesays.com\/lv\/wp-json\/wp\/v2\/users\/2"}],"replies":[{"embeddable":true,"href":"https:\/\/www.europesays.com\/lv\/wp-json\/wp\/v2\/comments?post=63045"}],"version-history":[{"count":0,"href":"https:\/\/www.europesays.com\/lv\/wp-json\/wp\/v2\/posts\/63045\/revisions"}],"wp:featuredmedia":[{"embeddable":true,"href":"https:\/\/www.europesays.com\/lv\/wp-json\/wp\/v2\/media\/63046"}],"wp:attachment":[{"href":"https:\/\/www.europesays.com\/lv\/wp-json\/wp\/v2\/media?parent=63045"}],"wp:term":[{"taxonomy":"category","embeddable":true,"href":"https:\/\/www.europesays.com\/lv\/wp-json\/wp\/v2\/categories?post=63045"},{"taxonomy":"post_tag","embeddable":true,"href":"https:\/\/www.europesays.com\/lv\/wp-json\/wp\/v2\/tags?post=63045"}],"curies":[{"name":"wp","href":"https:\/\/api.w.org\/{rel}","templated":true}]}}