{"id":63051,"date":"2025-12-01T15:40:11","date_gmt":"2025-12-01T15:40:11","guid":{"rendered":"https:\/\/www.europesays.com\/lv\/63051\/"},"modified":"2025-12-01T15:40:11","modified_gmt":"2025-12-01T15:40:11","slug":"gruzija-pret-protestetajiem-pavers-kimisko-ieroci-vesta-medijs","status":"publish","type":"post","link":"https:\/\/www.europesays.com\/lv\/63051\/","title":{"rendered":"Gruzija pret protest\u0113t\u0101jiem pav\u0113r\u0161 \u0137\u012bmisko ieroci, v\u0113sta medijs"},"content":{"rendered":"<p>Protest\u0113t\u0101js ar\u012b sac\u012bja, ka vielu nebija iesp\u0113jams nomazg\u0101t. Demonstranti, kas pulc\u0113j\u0101s, lai protest\u0113tu pret vald\u012bbas l\u0113mumu aptur\u0113t ce\u013cu uz Eiropas Savien\u012bbu, s\u016bdz\u0113j\u0101s ar\u012b par citiem simptomiem \u2013 elpas tr\u016bkumu, klepu un vem\u0161anu, kas turpin\u0101j\u0101s vair\u0101kas ned\u0113\u013cas.<\/p>\n<p>\u201cBBC World Service\u201d konsult\u0113j\u0101s ar \u0137\u012bmisko iero\u010du ekspertiem, Gruzijas specvien\u012bbas informatoriem un \u0101rstiem. Ieg\u016btie dati atkl\u0101ju\u0161i pier\u0101d\u012bjumus, kas liecina par t\u0101das \u0137\u012bmiskas vielas izmanto\u0161anu, ko Francijas milit\u0101rie sp\u0113ki nosauku\u0161i par \u201ccamite\u201d.<\/p>\n<p>Gruzijas iest\u0101des BBC izmekl\u0113\u0161anas rezult\u0101tus jau nosauku\u0161as par \u201cabsurdiem\u201d. T\u0101pat varasiest\u0101des apgalvoju\u0161as, ka policija r\u012bkojusies likum\u012bgi, rea\u0123\u0113jot uz \u201cbrut\u0101lu noziedznieku nelikum\u012bg\u0101m darb\u012bb\u0101m\u201d.<\/p>\n<p>            <img loading=\"lazy\" decoding=\"async\" class=\"size-thumbnail wp-image-3686639 skaties-content-image\" title=\"Georgia Protests\" src=\"https:\/\/www.europesays.com\/lv\/wp-content\/uploads\/2025\/12\/e3a8-692d71f2bdbf0-672x448.jpg\" alt=\"Georgia Protests\" width=\"672\" height=\"448\"  \/><\/p>\n<p>                FOTO: Zurab Tsertsvadze, AP<\/p>\n<p>Gruzijas protestanti s\u016bdzas par galvass\u0101p\u0113m un vem\u0161anu<\/p>\n<p>\u201cCamite\u201d tika izmantots Francijas c\u012b\u0146\u0101 pret V\u0101ciju Pirm\u0101 pasaules kara laik\u0101. Par vielas turpm\u0101ko izmanto\u0161anu dokument\u0113tu liec\u012bbu ir maz. Tiek uzskat\u012bts, ka 1930. gados viela tika iz\u0146emta no aprites, jo rad\u0101s ba\u017eas par t\u0101s iedarb\u012bbu ilgtermi\u0146\u0101.<\/p>\n<p class=\"ad-desc ad-desc-main\">Saturs turpin\u0101s p\u0113c rekl\u0101mas<\/p>\n<p class=\"ad-desc ad-desc-sec\">Rekl\u0101ma<\/p>\n<p>\u201cCamite\u201d viet\u0101 s\u0101ka izmantot CS g\u0101zi, ko bie\u017ei d\u0113v\u0113 par \u201casaru g\u0101zi\u201d. Konstant\u012bns \u010cahuna\u0161vili bija viens no tiem, kas pulc\u0113j\u0101s pie Gruzijas parlamenta Tbilisi pirmaj\u0101 protesta ned\u0113\u013c\u0101 2024. gada 28. novembr\u012b. Demonstranti bija sa\u0161utu\u0161i par valdo\u0161\u0101s partijas pazi\u0146ojumu, ka t\u0101 p\u0101rtrauc sarunas par pievieno\u0161anos Eiropas Savien\u012bb\u0101 (ES).<\/p>\n<p>Gruzijas policija rea\u0123\u0113ja, m\u0113\u0123inot apspriest nemierniekus, tostarp izmantojot \u016bdens lielgabalus, piparu g\u0101zi un CS g\u0101zi.<\/p>\n<p>\u010cahuna\u0161vili ir pediatrs, un vi\u0146\u0161 bija viens no tiem, pret kuru izmantoja \u016bdens lielgabalus. Vi\u0146\u0161 piedal\u012bj\u0101s daudz\u0101s demonstr\u0101cij\u0101s un st\u0101sta, ka p\u0113c tam vi\u0146a \u0101da vair\u0101kas dienas bija k\u0101 apdegusi. \u0160o saj\u016btu nav bijis iesp\u0113jams nomazg\u0101t.<\/p>\n<p>Vi\u0146\u0161 past\u0101st\u012bja, ka m\u0113\u0123inot to nomazg\u0101t, k\u013cuvis tikai slikt\u0101k. \u0100rsts v\u0113l\u0113jies ar\u012b noskaidrot, vai citiem bijis l\u012bdz\u012bgi. Vi\u0146\u0161 soci\u0101lajos t\u012bklos aicin\u0101ja aizpild\u012bt aptauju. Pieteic\u0101s gandr\u012bz 350 cilv\u0113ki, un gandr\u012bz puse no vi\u0146iem teica, ka vair\u0101k nek\u0101 30 dienas bija cietu\u0161i no vienas vai vair\u0101k\u0101m blakuspar\u0101d\u012bb\u0101m. Simptomi bija da\u017e\u0101di \u2013 no galvass\u0101p\u0113m l\u012bdz nogurumam, klepum, elpas tr\u016bkumam un vem\u0161anai.<\/p>\n<blockquote class=\"twitter-tweet\" data-width=\"550\" data-dnt=\"true\">\n<p lang=\"en\" dir=\"ltr\">WW1 toxic compound sprayed on Georgian protesters, BBC evidence suggests <a href=\"https:\/\/t.co\/LAL1LyFGmh\" rel=\"nofollow\">https:\/\/t.co\/LAL1LyFGmh<\/a><\/p>\n<p>\u2014 BBC News (World) (@BBCWorld) <a href=\"https:\/\/twitter.com\/BBCWorld\/status\/1995286941386842412?ref_src=twsrc%5Etfw\" rel=\"nofollow noopener\" target=\"_blank\">December 1, 2025<\/a><\/p>\n<\/blockquote>\n<p>Vi\u0146a p\u0113t\u012bjums kop\u0161 t\u0101 laika ir sa\u0146\u0113mis kol\u0113\u0123u recenziju, tas pie\u0146emts public\u0113\u0161anai starptautiskaj\u0101 \u017eurn\u0101l\u0101 \u201cToxicology Reports\u201d. 69 devi\u0146i \u010cahuna\u0161vili aptauj\u0101tajiem cilv\u0113kiem tika test\u0113ti, konstat\u0113ts \u2013 vi\u0146iem ir \u201ciev\u0113rojami augst\u0101ka patalo\u0123iju kl\u0101tb\u016btne\u201d sirds elektriskajos sign\u0101los. \u0100rsta zi\u0146ojums tikai atk\u0101rtoja jau viet\u0113jo \u017eurn\u0101listu, \u0101rstu un organiz\u0101ciju secin\u0101to \u2013 \u016bdens lielgabaliem kl\u0101t bija pievienota \u0137\u012bmiska viela. Vi\u0146i aicin\u0101ja vald\u012bbu atkl\u0101t, ko t\u0101 izmantojusi, bet Iek\u0161lietu ministrija atteic\u0101s to dar\u012bt.<\/p>\n<p><script async src=\"https:\/\/platform.twitter.com\/widgets.js\" charset=\"utf-8\"><\/script><\/p>\n","protected":false},"excerpt":{"rendered":"Protest\u0113t\u0101js ar\u012b sac\u012bja, ka vielu nebija iesp\u0113jams nomazg\u0101t. Demonstranti, kas pulc\u0113j\u0101s, lai protest\u0113tu pret vald\u012bbas l\u0113mumu aptur\u0113t ce\u013cu&hellip;\n","protected":false},"author":2,"featured_media":63052,"comment_status":"","ping_status":"","sticky":false,"template":"","format":"standard","meta":{"footnotes":""},"categories":[14],"tags":[23,57,16593,28,29,32,33,22,30,31,35,39,38,36,37,34,40,20,26,27,24,25,54,55,56,21,58],"class_list":{"0":"post-63051","1":"post","2":"type-post","3":"status-publish","4":"format-standard","5":"has-post-thumbnail","7":"category-zinas-no-arvalstim","8":"tag-aktualitates","9":"tag-arvalstim","10":"tag-bbcgruzijakimiskie-ierocipirmais-pasaules-kars","11":"tag-breaking-news","12":"tag-breakingnews","13":"tag-featured-news","14":"tag-featurednews","15":"tag-headlines","16":"tag-latest-news","17":"tag-latestnews","18":"tag-latvia","19":"tag-latvian","20":"tag-latviesu","21":"tag-latviesu-valoda","22":"tag-latviesuvaloda","23":"tag-latvija","24":"tag-lv","25":"tag-news","26":"tag-popularakas-zinas","27":"tag-popularakaszinas","28":"tag-top-stories","29":"tag-topstories","30":"tag-world","31":"tag-world-news","32":"tag-worldnews","33":"tag-zinas","34":"tag-zinas-no-arvalstim"},"share_on_mastodon":{"url":"https:\/\/pubeurope.com\/@lv\/115645069651792613","error":""},"_links":{"self":[{"href":"https:\/\/www.europesays.com\/lv\/wp-json\/wp\/v2\/posts\/63051","targetHints":{"allow":["GET"]}}],"collection":[{"href":"https:\/\/www.europesays.com\/lv\/wp-json\/wp\/v2\/posts"}],"about":[{"href":"https:\/\/www.europesays.com\/lv\/wp-json\/wp\/v2\/types\/post"}],"author":[{"embeddable":true,"href":"https:\/\/www.europesays.com\/lv\/wp-json\/wp\/v2\/users\/2"}],"replies":[{"embeddable":true,"href":"https:\/\/www.europesays.com\/lv\/wp-json\/wp\/v2\/comments?post=63051"}],"version-history":[{"count":0,"href":"https:\/\/www.europesays.com\/lv\/wp-json\/wp\/v2\/posts\/63051\/revisions"}],"wp:featuredmedia":[{"embeddable":true,"href":"https:\/\/www.europesays.com\/lv\/wp-json\/wp\/v2\/media\/63052"}],"wp:attachment":[{"href":"https:\/\/www.europesays.com\/lv\/wp-json\/wp\/v2\/media?parent=63051"}],"wp:term":[{"taxonomy":"category","embeddable":true,"href":"https:\/\/www.europesays.com\/lv\/wp-json\/wp\/v2\/categories?post=63051"},{"taxonomy":"post_tag","embeddable":true,"href":"https:\/\/www.europesays.com\/lv\/wp-json\/wp\/v2\/tags?post=63051"}],"curies":[{"name":"wp","href":"https:\/\/api.w.org\/{rel}","templated":true}]}}