{"id":63059,"date":"2025-12-01T15:46:25","date_gmt":"2025-12-01T15:46:25","guid":{"rendered":"https:\/\/www.europesays.com\/lv\/63059\/"},"modified":"2025-12-01T15:46:25","modified_gmt":"2025-12-01T15:46:25","slug":"vairakiem-tukstosiem-airbus-lidmasinu-nepieciesams-tulitejs-programmaturas-atjauninajums","status":"publish","type":"post","link":"https:\/\/www.europesays.com\/lv\/63059\/","title":{"rendered":"Vair\u0101kiem t\u016bksto\u0161iem \u201cAirbus\u201d lidma\u0161\u012bnu nepiecie\u0161ams t\u016bl\u012bt\u0113js programmat\u016bras atjaunin\u0101jums"},"content":{"rendered":"<p>Pasaules aviosatiksme \u0161aj\u0101 laik\u0101 var\u0113tu b\u016bt pietiekami ietekm\u0113ta un l\u0113n\u012bga, jo aptuveni se\u0161iem t\u016bksto\u0161iem <a href=\"https:\/\/kursors.lv\/2022\/12\/06\/airbus-izstrada-udenraza-degvielas-sunu-sistemu-lidmasinam\/\" rel=\"nofollow noopener\" target=\"_blank\">Airbus<\/a> A320 s\u0113rijas lidma\u0161\u012bnu nepiecie\u0161ams programmat\u016bras atjaunin\u0101jums. \u0160\u0101ds solis sperts p\u0113c oktobra beig\u0101s notiku\u0161\u0101 incidenta ar konkr\u0113t\u0101s s\u0113rijas modeli.\n<\/p>\n<p>Oktobra izska\u0146\u0101 vienai no \u0161\u0101d\u0101m lidma\u0161\u012bn\u0101m bija j\u0101veic \u0101rkartas nos\u0113\u0161an\u0101s, jo t\u0101 p\u0113k\u0161\u0146i s\u0101ka zaud\u0113t augstumu. Viss norit\u0113ja veiksm\u012bgi, ta\u010du p\u0113c incidenta izmekl\u0113\u0161an\u0101s atkl\u0101jies, ka intens\u012bva saules radi\u0101cija var ietekm\u0113t lido\u0161anai kritisk\u0101s sist\u0113mas. T\u0101p\u0113c \u0101tr\u0101kais risin\u0101jums ir atjaunot iepriek\u0161\u0113jo lidma\u0161\u012bnas programmat\u016bras versiju, lai turpin\u0101tu lidot.\n<\/p>\n<p>Aptuveni t\u016bkstotim no \u0161\u012bm l\u012bdma\u0161\u012bn\u0101m b\u016bs nepiecie\u0161ama ar\u012b tehnisk\u0101s izmai\u0146as, un neder\u0113s viegl\u0101kais programmat\u016bras atjauno\u0161anas risin\u0101jums. Kopum\u0101 viss tiek dar\u012bts, lai nodro\u0161in\u0101tu pasa\u017eieru dro\u0161\u012bbu, kaut ar\u012b tas jau rada neparedz\u0113tas probl\u0113mas un lidojumu kav\u0113\u0161anos ce\u013cot\u0101jiem.\n<\/p>\n<p>ASV aviokomp\u0101nijas gan nor\u0101da, ka programmat\u016bras atjaunin\u0101jums ir vien p\u0101ris dienu jaut\u0101jums, t\u0101 k\u0101 ietekme uz lidojumu aizkav\u0113\u0161anos var\u0113tu neb\u016bt ar\u012b tik liela. \u0160\u012b tiek uzskat\u012bta par liel\u0101ko Airbus lidma\u0161\u012bnu probl\u0113mu un <a href=\"https:\/\/www.theguardian.com\/business\/2025\/nov\/28\/airbus-issues-major-a320-recall-after-recent-mid-air-incident\" rel=\"nofollow noopener\" target=\"_blank\">atsaukumu uz\u0146\u0113muma 55 gadu v\u0113stur\u0113<\/a>.<\/p>\n","protected":false},"excerpt":{"rendered":"Pasaules aviosatiksme \u0161aj\u0101 laik\u0101 var\u0113tu b\u016bt pietiekami ietekm\u0113ta un l\u0113n\u012bga, jo aptuveni se\u0161iem t\u016bksto\u0161iem Airbus A320 s\u0113rijas lidma\u0161\u012bnu&hellip;\n","protected":false},"author":2,"featured_media":63060,"comment_status":"","ping_status":"","sticky":false,"template":"","format":"standard","meta":{"footnotes":""},"categories":[14],"tags":[23,57,28,29,32,33,22,30,31,35,39,38,36,37,34,40,20,26,27,24,25,54,55,56,21,58],"class_list":{"0":"post-63059","1":"post","2":"type-post","3":"status-publish","4":"format-standard","5":"has-post-thumbnail","7":"category-zinas-no-arvalstim","8":"tag-aktualitates","9":"tag-arvalstim","10":"tag-breaking-news","11":"tag-breakingnews","12":"tag-featured-news","13":"tag-featurednews","14":"tag-headlines","15":"tag-latest-news","16":"tag-latestnews","17":"tag-latvia","18":"tag-latvian","19":"tag-latviesu","20":"tag-latviesu-valoda","21":"tag-latviesuvaloda","22":"tag-latvija","23":"tag-lv","24":"tag-news","25":"tag-popularakas-zinas","26":"tag-popularakaszinas","27":"tag-top-stories","28":"tag-topstories","29":"tag-world","30":"tag-world-news","31":"tag-worldnews","32":"tag-zinas","33":"tag-zinas-no-arvalstim"},"share_on_mastodon":{"url":"https:\/\/pubeurope.com\/@lv\/115645093109536742","error":""},"_links":{"self":[{"href":"https:\/\/www.europesays.com\/lv\/wp-json\/wp\/v2\/posts\/63059","targetHints":{"allow":["GET"]}}],"collection":[{"href":"https:\/\/www.europesays.com\/lv\/wp-json\/wp\/v2\/posts"}],"about":[{"href":"https:\/\/www.europesays.com\/lv\/wp-json\/wp\/v2\/types\/post"}],"author":[{"embeddable":true,"href":"https:\/\/www.europesays.com\/lv\/wp-json\/wp\/v2\/users\/2"}],"replies":[{"embeddable":true,"href":"https:\/\/www.europesays.com\/lv\/wp-json\/wp\/v2\/comments?post=63059"}],"version-history":[{"count":0,"href":"https:\/\/www.europesays.com\/lv\/wp-json\/wp\/v2\/posts\/63059\/revisions"}],"wp:featuredmedia":[{"embeddable":true,"href":"https:\/\/www.europesays.com\/lv\/wp-json\/wp\/v2\/media\/63060"}],"wp:attachment":[{"href":"https:\/\/www.europesays.com\/lv\/wp-json\/wp\/v2\/media?parent=63059"}],"wp:term":[{"taxonomy":"category","embeddable":true,"href":"https:\/\/www.europesays.com\/lv\/wp-json\/wp\/v2\/categories?post=63059"},{"taxonomy":"post_tag","embeddable":true,"href":"https:\/\/www.europesays.com\/lv\/wp-json\/wp\/v2\/tags?post=63059"}],"curies":[{"name":"wp","href":"https:\/\/api.w.org\/{rel}","templated":true}]}}