{"id":63061,"date":"2025-12-01T15:49:11","date_gmt":"2025-12-01T15:49:11","guid":{"rendered":"https:\/\/www.europesays.com\/lv\/63061\/"},"modified":"2025-12-01T15:49:11","modified_gmt":"2025-12-01T15:49:11","slug":"koris-balsis-un-grupa-sigma-aicina-uz-ziemassvetku-koncertiem-anglikanu-baznica","status":"publish","type":"post","link":"https:\/\/www.europesays.com\/lv\/63061\/","title":{"rendered":"Koris &#8220;Balsis&#8221; un grupa &#8220;Sigma&#8221; aicina uz Ziemassv\u0113tku koncertiem Anglik\u0101\u0146u bazn\u012bc\u0101"},"content":{"rendered":"<p>Ziemassv\u0113tku laik\u0101 22. un 23. decembr\u012b pulksten 20, k\u0101 ar\u012b 25. decembr\u012b pulksten 23 R\u012bgas Anglik\u0101\u0146u Sv\u0113t\u0101 Pest\u012bt\u0101ja bazn\u012bc\u0101 notiks ikgad\u0113jais jaunie\u0161u kora &#8220;Balsis&#8221; Ziemassv\u0113tku koncerts, kuram \u0161ogad pievienosies ind\u012broka grupa &#8220;Sigma&#8221;.<\/p>\n<p>Koncerta pirmaj\u0101 da\u013c\u0101 izskan\u0113s a cappella korm\u016bzika, \u012bpa\u0161u vietu atv\u0113lot igau\u0146u komponista Arvo Perta ska\u0146darbiem, savuk\u0101rt otraj\u0101 da\u013c\u0101 &#8211; grupas &#8220;Sigma&#8221; ori\u0123in\u0101lm\u016bzika korim, popm\u016bzikas p\u0113rles un skaist\u0101kie Ziemassv\u0113tku kor\u0101\u013ci. \u012apa\u0161s p\u0101rsteigums gaid\u0101ms no koristiem, kuri koncert\u0101 piedal\u012bsies ne vien ar sav\u0101m bals\u012bm, bet ar\u012b m\u016bzikas instrumentiem.<\/p>\n<p>Ziemassv\u0113tku koncertos piedal\u012bsies grupa &#8220;Sigma&#8221;, jaunie\u0161u koris &#8220;Balsis&#8221; un t\u0101 solisti, kora m\u0101kslinieciskais vad\u012bt\u0101js Ints Teterovskis, k\u0101 ar\u012b dziedo\u0161ie klaus\u012bt\u0101ji. Programm\u0101 izskan\u0113s m\u016bzika no t\u0101diem pasaulslaveniem m\u0101ksliniekiem k\u0101 &#8220;The Beatles&#8221;, Javier Busto, Chris Read, Bob Dylan, Enya, &#8220;Fleet Foxes&#8221;, Jes\u00fas Guridi, Joni Mitchell, Arvo P\u00e4rt, &#8220;Radiohead&#8221;, P\u0113teris Vasks u.c. Pas\u0101kum\u0101 tiks nodro\u0161in\u0101ts z\u012bmju valodas tulks. Bi\u013cetes pieejamas &#8220;Bi\u013ce\u0161u parad\u012bzes&#8221; kas\u0113s un internet\u0101.<\/p>\n<p class=\"m-0\">Seko &#8220;Delfi&#8221; ar\u012b  <a target=\"_blank\" href=\"https:\/\/www.instagram.com\/delfi.lv\/\" rel=\"nofollow noopener\">Instagram<\/a>  un <a target=\"_blank\" href=\"https:\/\/www.youtube.com\/channel\/UCw5foWtcJvAbUm64rv7jwUQ\" rel=\"nofollow noopener\">YouTube<\/a>  profil\u0101 \u2013 pievienojies, lai uzzin\u0101tu svar\u012bg\u0101ko un interesant\u0101ko pirmais!<\/p>\n<p>Publik\u0101cijas saturs vai t\u0101s jebk\u0101da apjoma da\u013ca ir aizsarg\u0101ts autorties\u012bbu objekts Autorties\u012bbu likuma izpratn\u0113, un t\u0101 izmanto\u0161ana bez izdev\u0113ja at\u013caujas ir aizliegta. Vair\u0101k lasi  <a target=\"_blank\" href=\"https:\/\/www.delfi.lv\/noteikumi#autortiesibas\" rel=\"nofollow noopener\">\u0161eit<\/a><script async src=\"\/\/www.instagram.com\/embed.js\"><\/script><\/p>\n","protected":false},"excerpt":{"rendered":"Ziemassv\u0113tku laik\u0101 22. un 23. decembr\u012b pulksten 20, k\u0101 ar\u012b 25. decembr\u012b pulksten 23 R\u012bgas Anglik\u0101\u0146u Sv\u0113t\u0101 Pest\u012bt\u0101ja&hellip;\n","protected":false},"author":2,"featured_media":63062,"comment_status":"","ping_status":"","sticky":false,"template":"","format":"standard","meta":{"footnotes":""},"categories":[19],"tags":[89,90,10832,35,39,38,36,37,34,40,16595,15720,9687],"class_list":{"0":"post-63061","1":"post","2":"type-post","3":"status-publish","4":"format-standard","5":"has-post-thumbnail","7":"category-izklaide","8":"tag-entertainment","9":"tag-izklaide","10":"tag-koris-balsis","11":"tag-latvia","12":"tag-latvian","13":"tag-latviesu","14":"tag-latviesu-valoda","15":"tag-latviesuvaloda","16":"tag-latvija","17":"tag-lv","18":"tag-sigma-grupa","19":"tag-svetku-laiks","20":"tag-ziemassvetki"},"share_on_mastodon":{"url":"https:\/\/pubeurope.com\/@lv\/115645105000341028","error":""},"_links":{"self":[{"href":"https:\/\/www.europesays.com\/lv\/wp-json\/wp\/v2\/posts\/63061","targetHints":{"allow":["GET"]}}],"collection":[{"href":"https:\/\/www.europesays.com\/lv\/wp-json\/wp\/v2\/posts"}],"about":[{"href":"https:\/\/www.europesays.com\/lv\/wp-json\/wp\/v2\/types\/post"}],"author":[{"embeddable":true,"href":"https:\/\/www.europesays.com\/lv\/wp-json\/wp\/v2\/users\/2"}],"replies":[{"embeddable":true,"href":"https:\/\/www.europesays.com\/lv\/wp-json\/wp\/v2\/comments?post=63061"}],"version-history":[{"count":0,"href":"https:\/\/www.europesays.com\/lv\/wp-json\/wp\/v2\/posts\/63061\/revisions"}],"wp:featuredmedia":[{"embeddable":true,"href":"https:\/\/www.europesays.com\/lv\/wp-json\/wp\/v2\/media\/63062"}],"wp:attachment":[{"href":"https:\/\/www.europesays.com\/lv\/wp-json\/wp\/v2\/media?parent=63061"}],"wp:term":[{"taxonomy":"category","embeddable":true,"href":"https:\/\/www.europesays.com\/lv\/wp-json\/wp\/v2\/categories?post=63061"},{"taxonomy":"post_tag","embeddable":true,"href":"https:\/\/www.europesays.com\/lv\/wp-json\/wp\/v2\/tags?post=63061"}],"curies":[{"name":"wp","href":"https:\/\/api.w.org\/{rel}","templated":true}]}}