{"id":63071,"date":"2025-12-01T16:01:09","date_gmt":"2025-12-01T16:01:09","guid":{"rendered":"https:\/\/www.europesays.com\/lv\/63071\/"},"modified":"2025-12-01T16:01:09","modified_gmt":"2025-12-01T16:01:09","slug":"reperis-deniss-ar-iespaidigo-koncertprogrammu-plejades-atgriezas-palladium-lente-lv-2","status":"publish","type":"post","link":"https:\/\/www.europesays.com\/lv\/63071\/","title":{"rendered":"Reperis Deniss ar iespaid\u012bgo koncertprogrammu &#8220;Plej\u0101des&#8221; atgrie\u017eas &#8220;Palladium&#8221;\u00a0\u2014\u00a0Lente.lv"},"content":{"rendered":"<p>Reperis Deniss ar jauno koncertprogrammu &#8220;Plej\u0101des&#8221; atkal uzbango &#8220;Palladium&#8221; skatuvi<\/p>\n<p>P\u0113c pag\u0101ju\u0161\u0101 gada pan\u0101kumiem ar albumu &#8220;22&#8221; un grandioz\u0101 pirm\u0101 solo koncerta &#8220;DENISS: 10 gadi rep\u0101&#8221;, reperis Deniss ir gatavs spert n\u0101kamo lielo soli sav\u0101 muzik\u0101laj\u0101 karjer\u0101. Vi\u0146\u0161 ar aizraut\u012bgu un elpu aizraujo\u0161u koncertprogrammu &#8220;Plej\u0101des&#8221; atgriez\u012bsies uz &#8220;Palladium&#8221; skatuves 2026. gada 18. apr\u012bl\u012b.<\/p>\n<p>\u0160is pas\u0101kums ir vair\u0101k nek\u0101 tikai koncerts \u2013 t\u0101 ir jaunas lappuses atv\u0113r\u0161ana Denisa rado\u0161aj\u0101 ce\u013c\u0101. Tas ir tie\u0161s turpin\u0101jums vi\u0146a jaunajam minialbumam &#8220;Plej\u0101des&#8221;, kas ir guvis milz\u012bgu popularit\u0101ti un k\u013cuvis par sens\u0101ciju Latvijas hiphopa vid\u0113, vien\u0101 m\u0113nes\u012b sasniedzot miljons klaus\u012bjumu. Dziesma &#8220;Pas\u0113d\u0113t&#8221;, kas tapusi kop\u0101 ar Sudrabu Sirdi un Silraq, \u0101tri vien ie\u0146\u0113musi pirmo vietu Latvijas straum\u0113t\u0101ko dziesmu topos. Atg\u0101din\u0101m, ka par dziesmu &#8220;Lidojam tik augstu&#8221; no iepriek\u0161\u0113j\u0101 albuma &#8220;22&#8221;, Deniss un Sudrabu Sirds sa\u0146\u0113ma ar\u012b LaIPA zelta sertifik\u0101tu par vair\u0101k nek\u0101 diviem miljoniem straumju.<\/p>\n<p>Spilgt\u0101kie br\u012b\u017ei un jaunin\u0101jumi<\/p>\n<p>Deniss jau iepriek\u0161 ir pier\u0101d\u012bjis savu sp\u0113ju p\u0101rsteigt un rad\u012bt neaizmirstamus mirk\u013cus. Vi\u0146a iepriek\u0161\u0113jais koncerts &#8220;Palladium&#8221; skatuv\u0113 bija v\u0113sturisks br\u012bdis, kad vi\u0146\u0161 uzst\u0101j\u0101s ar atkl\u0101tu liesmu, izraisot milz\u012bgu a\u017eiot\u0101\u017eu. Gaid\u0101mais \u0161ovs &#8220;Plej\u0101des&#8221; sol\u0101s b\u016bt ne tikai turpin\u0101jums vi\u0146a st\u0101stam, bet ar\u012b solis uz priek\u0161u, pied\u0101v\u0101jot jaunu, visaptvero\u0161u muzik\u0101lu un vizu\u0101lu pieredzi.<\/p>\n<p>Koncerta apmekl\u0113t\u0101ji var\u0113s baud\u012bt gan Denisa karjeras s\u0101kuma laika popul\u0101r\u0101k\u0101s dziesmas, gan kompoz\u012bcijas no jaun\u0101kajiem albumiem &#8220;22&#8221; un &#8220;Plej\u0101des&#8221;. Papildus tam, uz skatuves k\u0101ps ar\u012b \u012bpa\u0161i viesm\u0101kslinieki, kuri biju\u0161i noz\u012bm\u012bgi Denisa muzik\u0101laj\u0101 ce\u013c\u0101 un piedal\u012bju\u0161ies vi\u0146a jaun\u0101ko darbu tap\u0161an\u0101. \u0160is pas\u0101kums apliecin\u0101s Denisa gatav\u012bbu iekarot v\u0113l liel\u0101kas skatuves un sniegt klaus\u012bt\u0101jiem nep\u0101rsp\u0113jamas emocijas.<\/p>\n","protected":false},"excerpt":{"rendered":"Reperis Deniss ar jauno koncertprogrammu &#8220;Plej\u0101des&#8221; atkal uzbango &#8220;Palladium&#8221; skatuvi P\u0113c pag\u0101ju\u0161\u0101 gada pan\u0101kumiem ar albumu &#8220;22&#8221; un&hellip;\n","protected":false},"author":2,"featured_media":63072,"comment_status":"","ping_status":"","sticky":false,"template":"","format":"standard","meta":{"footnotes":""},"categories":[19],"tags":[4655,89,90,202,35,39,38,36,37,34,3437,40,1337,10421],"class_list":{"0":"post-63071","1":"post","2":"type-post","3":"status-publish","4":"format-standard","5":"has-post-thumbnail","7":"category-izklaide","8":"tag-deniss","9":"tag-entertainment","10":"tag-izklaide","11":"tag-koncerts","12":"tag-latvia","13":"tag-latvian","14":"tag-latviesu","15":"tag-latviesu-valoda","16":"tag-latviesuvaloda","17":"tag-latvija","18":"tag-latvijas-hiphops","19":"tag-lv","20":"tag-palladium","21":"tag-plejades"},"share_on_mastodon":{"url":"https:\/\/pubeurope.com\/@lv\/115645152187884518","error":""},"_links":{"self":[{"href":"https:\/\/www.europesays.com\/lv\/wp-json\/wp\/v2\/posts\/63071","targetHints":{"allow":["GET"]}}],"collection":[{"href":"https:\/\/www.europesays.com\/lv\/wp-json\/wp\/v2\/posts"}],"about":[{"href":"https:\/\/www.europesays.com\/lv\/wp-json\/wp\/v2\/types\/post"}],"author":[{"embeddable":true,"href":"https:\/\/www.europesays.com\/lv\/wp-json\/wp\/v2\/users\/2"}],"replies":[{"embeddable":true,"href":"https:\/\/www.europesays.com\/lv\/wp-json\/wp\/v2\/comments?post=63071"}],"version-history":[{"count":0,"href":"https:\/\/www.europesays.com\/lv\/wp-json\/wp\/v2\/posts\/63071\/revisions"}],"wp:featuredmedia":[{"embeddable":true,"href":"https:\/\/www.europesays.com\/lv\/wp-json\/wp\/v2\/media\/63072"}],"wp:attachment":[{"href":"https:\/\/www.europesays.com\/lv\/wp-json\/wp\/v2\/media?parent=63071"}],"wp:term":[{"taxonomy":"category","embeddable":true,"href":"https:\/\/www.europesays.com\/lv\/wp-json\/wp\/v2\/categories?post=63071"},{"taxonomy":"post_tag","embeddable":true,"href":"https:\/\/www.europesays.com\/lv\/wp-json\/wp\/v2\/tags?post=63071"}],"curies":[{"name":"wp","href":"https:\/\/api.w.org\/{rel}","templated":true}]}}