{"id":63087,"date":"2025-12-01T16:23:15","date_gmt":"2025-12-01T16:23:15","guid":{"rendered":"https:\/\/www.europesays.com\/lv\/63087\/"},"modified":"2025-12-01T16:23:15","modified_gmt":"2025-12-01T16:23:15","slug":"ugunsgreka-jekabpili-gajis-boja-cilveks-jekabpils-laiks","status":"publish","type":"post","link":"https:\/\/www.europesays.com\/lv\/63087\/","title":{"rendered":"Ugunsgr\u0113k\u0101 J\u0113kabpil\u012b g\u0101jis boj\u0101 cilv\u0113ks &#8211; J\u0113kabpils Laiks"},"content":{"rendered":"<ol>\n<li><a href=\"https:\/\/news.google.com\/rss\/articles\/CBMihgFBVV95cUxQN2J4VHZJY0NnY0dmbmw3S095TUx3MkdraVFlTUpHR3h5OUtndXpaZHBMbHA1MVhDYWs0Smo4T0lEOWMzeXZBaGhNZUlQU05vQmxTZkVPdXUxaTRUQ0JSZXVUejk4ZkhFRG5EVEFYbTFYSHQxVFNybGJMV1hTNjU2U1lGbk1ZZw?oc=5\" target=\"_blank\" rel=\"nofollow noopener\">Ugunsgr\u0113k\u0101 J\u0113kabpil\u012b g\u0101jis boj\u0101 cilv\u0113ks<\/a>&nbsp;&nbsp;J\u0113kabpils Laiks<\/li>\n<li><a href=\"https:\/\/news.google.com\/rss\/articles\/CBMioAFBVV95cUxQaXBYelJCMVlNbE1IbURWRXlhQlFiQkpZbXdjLTlJQlNqSmppUU5JSThlSDY1Tm1rQmstV2xPcDIwVDFOblluZ0NicUhoZVE5aGRtbV9NdjVBTWVSbWxuZFR3cXdxallhSmNxeURHV0lFNVpyalRsODBvU19aaUtmcjM5QWJCZl9WM01FcnB3NUc4Y05XS1V4Z0hVLVUxaVdM?oc=5\" target=\"_blank\" rel=\"nofollow noopener\">Ned\u0113\u013cas nogal\u0113 liesmas dz\u012bv\u012bbu at\u0146\u0113ma \u010detriem cilv\u0113kiem<\/a>&nbsp;&nbsp;Delfi<\/li>\n<li><a href=\"https:\/\/news.google.com\/rss\/articles\/CBMiuAFBVV95cUxQbFlZVS10YndhNHZWOEtxN3ZfX3VtODQ1Mk1OY2VOdWVnNU80T1VPUkNTTVQ1aHNSS1NYUFNFSUNBZ0lCd3BBOTBUak1Td1RWVmV6Y0hZS1EwUWpUcFNWVDlGZzlBay1SdHd2QUNkMExGNHNpV3pNZGs0NWZEMG1KUTNYaGM3OEtvUGNzSVNQb1hlRUd0dTY1aWsxNDBoWWpCTW83Q29ySUNVN1VhSVB1cnhlU3FiTk1x?oc=5\" target=\"_blank\" rel=\"nofollow noopener\">Ugunsgr\u0113k\u0101 J\u0113kabpil\u012b g\u0101jis boj\u0101 cilv\u0113ks (papildin\u0101ts ar policijas inform\u0101ciju)<\/a>&nbsp;&nbsp;J\u0113kabpils Laiks<\/li>\n<li><a href=\"https:\/\/news.google.com\/rss\/articles\/CBMidEFVX3lxTE5YbVNvNkFFUGNJTzZITEgyWVZzbkNTWkthblVGRWh1MkZsZWFsSWNZOG9PUkpVR0x3eDREaG95V25hcmYxY2lna1FPcnNJUS1qYnV5alE4QWVrSEd0VENqRDNlb3pSLVI2aUFhei00LVNMSF9i?oc=5\" target=\"_blank\" rel=\"nofollow noopener\">Ugunsgr\u0113kos Latvij\u0101 divi boj\u0101g\u0101ju\u0161ie<\/a>&nbsp;&nbsp;Apollo.lv<\/li>\n<li><a href=\"https:\/\/news.google.com\/rss\/articles\/CBMiigFBVV95cUxQbS0yVHRqVDhMNmhVNHJsVTBOTkU5TVliUVdjMTNTcjF6Z0Z2NHBEa3VDUldoS0tLRl9YNlVBNkZ0UlFOS0pKOFdlRnAtdkNhMHViOC16NXAtRFFPREx3R3pBYVhRWDBBVnp5RFJyM0hPcjVDajBtZTU1blpSREpiX0xQSHRMUEFITHc?oc=5\" target=\"_blank\" rel=\"nofollow noopener\">Tra\u0123iska diennakts &#8211; \u010detri boj\u0101g\u0101ju\u0161ie ugunsgr\u0113kos<\/a>&nbsp;&nbsp;NRA<\/li>\n<\/ol>\n","protected":false},"excerpt":{"rendered":"Ugunsgr\u0113k\u0101 J\u0113kabpil\u012b g\u0101jis boj\u0101 cilv\u0113ks&nbsp;&nbsp;J\u0113kabpils Laiks Ned\u0113\u013cas nogal\u0113 liesmas dz\u012bv\u012bbu at\u0146\u0113ma \u010detriem cilv\u0113kiem&nbsp;&nbsp;Delfi Ugunsgr\u0113k\u0101 J\u0113kabpil\u012b g\u0101jis boj\u0101 cilv\u0113ks&hellip;\n","protected":false},"author":2,"featured_media":63088,"comment_status":"","ping_status":"","sticky":false,"template":"","format":"standard","meta":{"footnotes":""},"categories":[12],"tags":[23,28,29,32,33,22,987,986,30,31,35,39,38,36,37,34,40,20,26,27,24,25,21],"class_list":{"0":"post-63087","1":"post","2":"type-post","3":"status-publish","4":"format-standard","5":"has-post-thumbnail","7":"category-latvija","8":"tag-aktualitates","9":"tag-breaking-news","10":"tag-breakingnews","11":"tag-featured-news","12":"tag-featurednews","13":"tag-headlines","14":"tag-jekabpils-zinas","15":"tag-jekabpilslaiks","16":"tag-latest-news","17":"tag-latestnews","18":"tag-latvia","19":"tag-latvian","20":"tag-latviesu","21":"tag-latviesu-valoda","22":"tag-latviesuvaloda","23":"tag-latvija","24":"tag-lv","25":"tag-news","26":"tag-popularakas-zinas","27":"tag-popularakaszinas","28":"tag-top-stories","29":"tag-topstories","30":"tag-zinas"},"share_on_mastodon":{"url":"https:\/\/pubeurope.com\/@lv\/115645238682771848","error":""},"_links":{"self":[{"href":"https:\/\/www.europesays.com\/lv\/wp-json\/wp\/v2\/posts\/63087","targetHints":{"allow":["GET"]}}],"collection":[{"href":"https:\/\/www.europesays.com\/lv\/wp-json\/wp\/v2\/posts"}],"about":[{"href":"https:\/\/www.europesays.com\/lv\/wp-json\/wp\/v2\/types\/post"}],"author":[{"embeddable":true,"href":"https:\/\/www.europesays.com\/lv\/wp-json\/wp\/v2\/users\/2"}],"replies":[{"embeddable":true,"href":"https:\/\/www.europesays.com\/lv\/wp-json\/wp\/v2\/comments?post=63087"}],"version-history":[{"count":0,"href":"https:\/\/www.europesays.com\/lv\/wp-json\/wp\/v2\/posts\/63087\/revisions"}],"wp:featuredmedia":[{"embeddable":true,"href":"https:\/\/www.europesays.com\/lv\/wp-json\/wp\/v2\/media\/63088"}],"wp:attachment":[{"href":"https:\/\/www.europesays.com\/lv\/wp-json\/wp\/v2\/media?parent=63087"}],"wp:term":[{"taxonomy":"category","embeddable":true,"href":"https:\/\/www.europesays.com\/lv\/wp-json\/wp\/v2\/categories?post=63087"},{"taxonomy":"post_tag","embeddable":true,"href":"https:\/\/www.europesays.com\/lv\/wp-json\/wp\/v2\/tags?post=63087"}],"curies":[{"name":"wp","href":"https:\/\/api.w.org\/{rel}","templated":true}]}}