{"id":63089,"date":"2025-12-01T16:31:16","date_gmt":"2025-12-01T16:31:16","guid":{"rendered":"https:\/\/www.europesays.com\/lv\/63089\/"},"modified":"2025-12-01T16:31:16","modified_gmt":"2025-12-01T16:31:16","slug":"foto-%e2%9f%a9-apbalvoti-xii-jauno-izpilditaju-konkursa-ineses-galantes-talanti-2025-uzvaretaji","status":"publish","type":"post","link":"https:\/\/www.europesays.com\/lv\/63089\/","title":{"rendered":"FOTO \u27e9 Apbalvoti XII Jauno izpild\u012bt\u0101ju konkursa &#8220;Ineses Galantes talanti 2025&#8221; uzvar\u0113t\u0101ji"},"content":{"rendered":"<p>Rado\u0161o sacens\u012bbu fin\u0101l\u0101 iek\u013cuva 31 talant\u012bgs vok\u0101lists un instrument\u0101lists, kuri \u017e\u016brijai, pas\u0101kuma skat\u012bt\u0101jiem un visiem, kas att\u0101lin\u0101ti v\u0113roja tie\u0161raidi, d\u0101v\u0101ja spo\u017eu koncertu.<\/p>\n<p>Konkursa organizatori kop\u0101 ar t\u0101 iedvesmot\u0101ju un m\u016bzu, operas d\u012bvu Inesi Galanti jau divpadsmito reizi noorganiz\u0113ja veiksm\u012bgu konkursu, kas nu jau ir k\u013cuvis par presti\u017e\u0101m sacens\u012bb\u0101m, katru gadu atkl\u0101jot jaunus un spo\u017eus v\u0101rdus m\u016bzikas pasaul\u0113.<\/p>\n<p><a>Konkursa \u201cIneses Galantes talanti 2025\u201d laure\u0101ti:<\/a><\/p>\n<p>kategorij\u0101 \u201cVok\u0101l\u0101 m\u0101ksla\u201d \u2013 Adelina Valieva (1.vieta), Agneta Ota\u0146\u0137e (2.vieta), Sanita Roze (3.vieta);<\/p>\n<p>kategorij\u0101 \u201cSt\u012bgu instrumentu sp\u0113le\u201d \u2013 Toms Augusts Goba (\u010dells, 1.vieta), Viktorija Tarnavskaja (Viktoriya Tarnavskaya, vijole, 2.vieta), Marija Luc\u0113vi\u010da (kokle, 3.vieta);<\/p>\n<p>kategorij\u0101 \u201cTausti\u0146instrumentu sp\u0113le\u201d \u2013 Melissa Takanbekova (klavieres, 1.vieta), Estere Damb\u012bte (klavieres, 2.vieta), Toms Rolavs (akordeons, 3.vieta);<\/p>\n<p>kategorij\u0101 \u201cSitaminstrumentu un p\u016b\u0161aminstrumentu sp\u0113le\u201d \u2013 Pauls Stradi\u0146\u0161 (sitaminstrumenti, 1.vieta), Anete Duntava (flauta, 2.vieta), F\u0113likss Krievs (sitaminstrumenti, 3.vieta).<\/p>\n","protected":false},"excerpt":{"rendered":"Rado\u0161o sacens\u012bbu fin\u0101l\u0101 iek\u013cuva 31 talant\u012bgs vok\u0101lists un instrument\u0101lists, kuri \u017e\u016brijai, pas\u0101kuma skat\u012bt\u0101jiem un visiem, kas att\u0101lin\u0101ti v\u0113roja&hellip;\n","protected":false},"author":2,"featured_media":63090,"comment_status":"","ping_status":"","sticky":false,"template":"","format":"standard","meta":{"footnotes":""},"categories":[19],"tags":[1054,89,6415,7293,16597,90,35,39,38,36,37,34,40],"class_list":{"0":"post-63089","1":"post","2":"type-post","3":"status-publish","4":"format-standard","5":"has-post-thumbnail","7":"category-izklaide","8":"tag-dzintaru-koncertzale","9":"tag-entertainment","10":"tag-inese-galante","11":"tag-ineses-galantes-fonds","12":"tag-ineses-galantes-talanti-2025","13":"tag-izklaide","14":"tag-latvia","15":"tag-latvian","16":"tag-latviesu","17":"tag-latviesu-valoda","18":"tag-latviesuvaloda","19":"tag-latvija","20":"tag-lv"},"share_on_mastodon":{"url":"https:\/\/pubeurope.com\/@lv\/115645270177268336","error":""},"_links":{"self":[{"href":"https:\/\/www.europesays.com\/lv\/wp-json\/wp\/v2\/posts\/63089","targetHints":{"allow":["GET"]}}],"collection":[{"href":"https:\/\/www.europesays.com\/lv\/wp-json\/wp\/v2\/posts"}],"about":[{"href":"https:\/\/www.europesays.com\/lv\/wp-json\/wp\/v2\/types\/post"}],"author":[{"embeddable":true,"href":"https:\/\/www.europesays.com\/lv\/wp-json\/wp\/v2\/users\/2"}],"replies":[{"embeddable":true,"href":"https:\/\/www.europesays.com\/lv\/wp-json\/wp\/v2\/comments?post=63089"}],"version-history":[{"count":0,"href":"https:\/\/www.europesays.com\/lv\/wp-json\/wp\/v2\/posts\/63089\/revisions"}],"wp:featuredmedia":[{"embeddable":true,"href":"https:\/\/www.europesays.com\/lv\/wp-json\/wp\/v2\/media\/63090"}],"wp:attachment":[{"href":"https:\/\/www.europesays.com\/lv\/wp-json\/wp\/v2\/media?parent=63089"}],"wp:term":[{"taxonomy":"category","embeddable":true,"href":"https:\/\/www.europesays.com\/lv\/wp-json\/wp\/v2\/categories?post=63089"},{"taxonomy":"post_tag","embeddable":true,"href":"https:\/\/www.europesays.com\/lv\/wp-json\/wp\/v2\/tags?post=63089"}],"curies":[{"name":"wp","href":"https:\/\/api.w.org\/{rel}","templated":true}]}}