{"id":63091,"date":"2025-12-01T16:34:07","date_gmt":"2025-12-01T16:34:07","guid":{"rendered":"https:\/\/www.europesays.com\/lv\/63091\/"},"modified":"2025-12-01T16:34:07","modified_gmt":"2025-12-01T16:34:07","slug":"gaidita-apokalipse-airbus-lidmasinu-programaturas-del-izpalika","status":"publish","type":"post","link":"https:\/\/www.europesays.com\/lv\/63091\/","title":{"rendered":"Gaid\u012bt\u0101 apokalipse &#8220;Airbus&#8221; lidma\u0161\u012bnu programat\u016bras d\u0113\u013c izpalika"},"content":{"rendered":"<p class=\"descr\">Saist\u012bb\u0101 ar lidma\u0161\u012bnu A320 steidzamu programmat\u016bras nomai\u0146u pirmdien lidojumus v\u0113l nav iesp\u0113jams veikt ar maz\u0101k nek\u0101 100 \u0161iem Eiropas aviob\u016bves uz\u0146\u0113muma &#8220;Airbus&#8221; ra\u017eotajiem lidapar\u0101tiem.<\/p>\n<p>&#8220;Airbus&#8221; pirmdien izplat\u012btaj\u0101 pazi\u0146ojum\u0101 nor\u0101da, ka liel\u0101k\u0101 da\u013ca A320 lidma\u0161\u012bnu ir sa\u0146\u0113mu\u0161as nepiecie\u0161am\u0101s priogrammat\u016bras modifik\u0101cijas.<\/p>\n<p>Uz\u0146\u0113mums v\u0113st\u012b, ka programmat\u016bras nomai\u0146a v\u0113l j\u0101veic maz\u0101k nek\u0101 100 A320 lidma\u0161\u012bn\u0101m.<\/p>\n<p>Jau zi\u0146ots, ka &#8220;Airbus&#8221; piektdien izplat\u012bja pazi\u0146ojumu, ka l\u012bdz 6000 lidma\u0161\u012bn\u0101m A320 var b\u016bt nepiecie\u0161ama programmat\u016bras atjaunin\u0101\u0161ana. \u0160is pazi\u0146ojums rais\u012bja ba\u017eas, ka simtiem lidma\u0161\u012bnu neb\u016bs iesp\u0113jams izmantot ilgu laika periodu.<\/p>\n<p>&#8220;Airbus&#8221; instru\u0113ja savus klientus veikt &#8220;t\u016bl\u012bt\u0113jus piesardz\u012bbas pas\u0101kumus&#8221; p\u0113c tehniskas k\u013c\u016bmes izv\u0113rt\u0113\u0161anas ASV lidsabiedr\u012bbas &#8220;JetBlue&#8221; reis\u0101 oktobr\u012b.<\/p>\n<p>Ta\u010du vair\u0101kas vado\u0161\u0101s Eiropas aviokomp\u0101nijas zi\u0146o, ka programmat\u016bras nomai\u0146as d\u0113\u013c n\u0101cies atcelt tikai nelielu skaitu lidojumu vai tas nav bijis j\u0101dara nemaz.<\/p>\n<p>\t\t\t\t\t\tinfo<\/p>\n<p>Uzzini pirmais<br \/>kas interesants noticis Latvij\u0101 un pasaul\u0113,<br \/>pievienojoties mums <a href=\"https:\/\/t.me\/neatkariga\" rel=\"nofollow\">Telegram<\/a> vai <a href=\"https:\/\/whatsapp.com\/channel\/0029VaMLFUH5K3zLU5s4wm3y\" rel=\"nofollow noopener\" target=\"_blank\">Whatsapp<\/a> kan\u0101l\u0101<\/p>\n","protected":false},"excerpt":{"rendered":"Saist\u012bb\u0101 ar lidma\u0161\u012bnu A320 steidzamu programmat\u016bras nomai\u0146u pirmdien lidojumus v\u0113l nav iesp\u0113jams veikt ar maz\u0101k nek\u0101 100 \u0161iem&hellip;\n","protected":false},"author":2,"featured_media":63092,"comment_status":"","ping_status":"","sticky":false,"template":"","format":"standard","meta":{"footnotes":""},"categories":[14],"tags":[23,57,28,29,32,33,22,30,31,35,39,38,36,37,34,40,20,26,27,24,25,54,55,56,21,58],"class_list":{"0":"post-63091","1":"post","2":"type-post","3":"status-publish","4":"format-standard","5":"has-post-thumbnail","7":"category-zinas-no-arvalstim","8":"tag-aktualitates","9":"tag-arvalstim","10":"tag-breaking-news","11":"tag-breakingnews","12":"tag-featured-news","13":"tag-featurednews","14":"tag-headlines","15":"tag-latest-news","16":"tag-latestnews","17":"tag-latvia","18":"tag-latvian","19":"tag-latviesu","20":"tag-latviesu-valoda","21":"tag-latviesuvaloda","22":"tag-latvija","23":"tag-lv","24":"tag-news","25":"tag-popularakas-zinas","26":"tag-popularakaszinas","27":"tag-top-stories","28":"tag-topstories","29":"tag-world","30":"tag-world-news","31":"tag-worldnews","32":"tag-zinas","33":"tag-zinas-no-arvalstim"},"share_on_mastodon":{"url":"https:\/\/pubeurope.com\/@lv\/115645281910636814","error":""},"_links":{"self":[{"href":"https:\/\/www.europesays.com\/lv\/wp-json\/wp\/v2\/posts\/63091","targetHints":{"allow":["GET"]}}],"collection":[{"href":"https:\/\/www.europesays.com\/lv\/wp-json\/wp\/v2\/posts"}],"about":[{"href":"https:\/\/www.europesays.com\/lv\/wp-json\/wp\/v2\/types\/post"}],"author":[{"embeddable":true,"href":"https:\/\/www.europesays.com\/lv\/wp-json\/wp\/v2\/users\/2"}],"replies":[{"embeddable":true,"href":"https:\/\/www.europesays.com\/lv\/wp-json\/wp\/v2\/comments?post=63091"}],"version-history":[{"count":0,"href":"https:\/\/www.europesays.com\/lv\/wp-json\/wp\/v2\/posts\/63091\/revisions"}],"wp:featuredmedia":[{"embeddable":true,"href":"https:\/\/www.europesays.com\/lv\/wp-json\/wp\/v2\/media\/63092"}],"wp:attachment":[{"href":"https:\/\/www.europesays.com\/lv\/wp-json\/wp\/v2\/media?parent=63091"}],"wp:term":[{"taxonomy":"category","embeddable":true,"href":"https:\/\/www.europesays.com\/lv\/wp-json\/wp\/v2\/categories?post=63091"},{"taxonomy":"post_tag","embeddable":true,"href":"https:\/\/www.europesays.com\/lv\/wp-json\/wp\/v2\/tags?post=63091"}],"curies":[{"name":"wp","href":"https:\/\/api.w.org\/{rel}","templated":true}]}}