{"id":63095,"date":"2025-12-01T16:40:16","date_gmt":"2025-12-01T16:40:16","guid":{"rendered":"https:\/\/www.europesays.com\/lv\/63095\/"},"modified":"2025-12-01T16:40:16","modified_gmt":"2025-12-01T16:40:16","slug":"gruzija-pret-protestetajiem-izmantots-pirma-pasaules-kara-kimiskais-ierocis-peta-bbc","status":"publish","type":"post","link":"https:\/\/www.europesays.com\/lv\/63095\/","title":{"rendered":"Gruzij\u0101 pret protest\u0113t\u0101jiem izmantots Pirm\u0101 pasaules kara \u0137\u012bmiskais ierocis, p\u0113ta BBC"},"content":{"rendered":"<p><a rel=\"noopener nofollow\" target=\"_blank\" href=\"https:\/\/www.delfi.lv\/temas\/41052275\/gruzija\" tag-id=\"41052275\">Gruzijas<\/a> varasiest\u0101des p\u0113rn pret vald\u012bbu v\u0113rsto protestu laik\u0101 demonstrantus cent\u0101s izdzen\u0101t ar \u016bdens lielgabalu \u0161alt\u012bm, kur\u0101m pievienots Pirm\u0101 pasaules kara laik\u0101 izmantots \u0137\u012bmiskais ierocis, atsaucoties uz sav\u0101ktiem pier\u0101d\u012bjumiem, secin\u0101jumus izdara raidsabiedr\u012bba BBC.<\/p>\n<p>Daudzi protest\u0113t\u0101ji, kas aplieti no \u016bdens lielgabaliem, zi\u0146oju\u0161i par \u0101das dedzin\u0101\u0161anu, kas nav nomazg\u0101jama ar \u016bdeni un nep\u0101riet dien\u0101m ilgi. T\u0101pat cilv\u0113ki, kas dev\u0101s protest\u0113t p\u0113c vald\u012bbas l\u0113muma aptur\u0113t Gruzijas virz\u012bbu uz iest\u0101\u0161anos Eiropas Savien\u012bb\u0101 (ES), s\u016bdz\u0113j\u0101s par citiem simptomiem \u2013 elpas tr\u016bkumu, klepu un vem\u0161anu, kas turpin\u0101jusies vair\u0101kas ned\u0113\u013cas.<\/p>\n<p>BBC sava p\u0113t\u012bjuma ietvaros run\u0101ja ar \u0137\u012bmisko iero\u010du ekspertiem, trauksmes c\u0113l\u0113jiem Gruzijas policij\u0101 un \u0101rstiem. Sav\u0101ktie pier\u0101d\u012bjumi \u013c\u0101vu\u0161i secin\u0101t, ka izmantots \u0137\u012bmiskais a\u0123ents, ko Francij\u0101 sauc par &#8220;camite&#8221;.<\/p>\n<p>\u0160o \u0137\u012bmisko vielu Francija izmantoja pret V\u0101cijas karav\u012briem Pirm\u0101 pasaules kara laik\u0101. \u0160\u012b viela iz\u0146emta no aprites pag\u0101ju\u0161\u0101 gadsimta tr\u012bsdesmitajos gados, jo biju\u0161as ba\u017eas par t\u0101s ilgtermi\u0146a ietekmi. \u0160is \u0137\u012bmiskais ierocis tika aizvietots ar CS g\u0101zi, kas pla\u0161\u0101k paz\u012bstama k\u0101 asaru g\u0101ze.<\/p>\n<p>Viens no tiem, kas piedal\u012bj\u0101s protestos p\u0113rn\u0101 gada nogal\u0113, bija pediatrs Konstant\u012bns \u010cahuna\u0161vili. Vi\u0146\u0161 st\u0101sta, ka p\u0113c tam, kad tika apliets ar \u016bdeni no lielgabaliem, vi\u0146\u0161 uz jutis dedzino\u0161u saj\u016btu vair\u0101kas dienas, nav pal\u012bdz\u0113ju\u0161i ar\u012b m\u0113\u0123in\u0101jumi \u0101du nomazg\u0101t.<\/p>\n<p>Vi\u0146\u0161 soci\u0101lajos medijos jaut\u0101jis, vai v\u0113l k\u0101ds p\u0113c protestu pirm\u0101s ned\u0113\u013cas jutis l\u012bdz\u012bgus simptomus, un ar vi\u0146u sazin\u0101ju\u0161ies aptuveni 350 cilv\u0113ki, no kuriem daudzi vair\u0101k nek\u0101 30 dienas izjutu\u0161i vienu vai vair\u0101kas blaknes.<\/p>\n<p>\u0160ie ilgsto\u0161ie simptomi bija galvass\u0101pes, nogurums, klepus, elpas tr\u016bkums un vem\u0161ana. 69 no \u010cahuna\u0161vili aptauj\u0101tajiem cilv\u0113kiem tika izmekl\u0113ti un tika konstat\u0113ts, ka vi\u0146iem ir &#8220;iev\u0113rojami bie\u017e\u0101k sastopamas sirds elektrisko impulsu anom\u0101lijas&#8221;.<\/p>\n<p>\u010cahuna\u0161vili secin\u0101jumi apstiprin\u0101ja to, ko jau zi\u0146oja viet\u0113jie \u017eurn\u0101listi, \u0101rsti un cilv\u0113kties\u012bbu organiz\u0101cijas \u2013 \u016bdens lielgabalos \u016bdenim bijusi pievienota k\u0101da \u0137\u012bmiska viela. Iek\u0161lietu ministrija atteic\u0101s koment\u0113t akt\u012bvistu pras\u012bbu atkl\u0101t, kas bijis pievienots \u016bdenim.<\/p>\n<p>Ar\u012b tagad Gruzijas varasiest\u0101des nor\u0101d\u012bju\u0161as, ka BBC secin\u0101jumi ir &#8220;absurdi&#8221; un ka policija ir r\u012bkojusies leg\u0101li, rea\u0123\u0113jot uz &#8220;brut\u0101lu noziedznieku nelikum\u012bg\u0101m darb\u012bb\u0101m&#8221;.<\/p>\n<p>Tom\u0113r iesp\u0113jamo \u0137\u012bmisko vielu BBC pal\u012bdz\u0113ja identific\u0113t vair\u0101ki augsta l\u012bme\u0146a trauksmes c\u0113l\u0113ji Gruzijas policij\u0101, teikts rakst\u0101, ko piln\u0101 apjom\u0101 var las\u012bt <a rel=\"noopener nofollow\" target=\"_blank\" href=\"https:\/\/www.bbc.com\/news\/articles\/czrk7g50e1po\" data-rel-date-range=\"[]\">\u0161eit<\/a>.<\/p>\n<p class=\"m-0\">Seko &#8220;Delfi&#8221; ar\u012b  <a target=\"_blank\" href=\"https:\/\/www.instagram.com\/delfi.lv\/\" rel=\"nofollow noopener\">Instagram<\/a>  un <a target=\"_blank\" href=\"https:\/\/www.youtube.com\/channel\/UCw5foWtcJvAbUm64rv7jwUQ\" rel=\"nofollow noopener\">YouTube<\/a>  profil\u0101 \u2013 pievienojies, lai uzzin\u0101tu svar\u012bg\u0101ko un interesant\u0101ko pirmais!<\/p>\n<p>Publik\u0101cijas saturs vai t\u0101s jebk\u0101da apjoma da\u013ca ir aizsarg\u0101ts autorties\u012bbu objekts Autorties\u012bbu likuma izpratn\u0113, un t\u0101 izmanto\u0161ana bez izdev\u0113ja at\u013caujas ir aizliegta. Vair\u0101k lasi  <a target=\"_blank\" href=\"https:\/\/www.delfi.lv\/noteikumi#autortiesibas\" rel=\"nofollow noopener\">\u0161eit<\/a><script async src=\"\/\/www.instagram.com\/embed.js\"><\/script><\/p>\n","protected":false},"excerpt":{"rendered":"Gruzijas varasiest\u0101des p\u0113rn pret vald\u012bbu v\u0113rsto protestu laik\u0101 demonstrantus cent\u0101s izdzen\u0101t ar \u016bdens lielgabalu \u0161alt\u012bm, kur\u0101m pievienots Pirm\u0101&hellip;\n","protected":false},"author":2,"featured_media":63096,"comment_status":"","ping_status":"","sticky":false,"template":"","format":"standard","meta":{"footnotes":""},"categories":[14],"tags":[23,57,28,29,32,33,3507,22,30,31,35,39,38,36,37,34,40,20,26,27,24,25,54,55,56,21,58],"class_list":{"0":"post-63095","1":"post","2":"type-post","3":"status-publish","4":"format-standard","5":"has-post-thumbnail","7":"category-zinas-no-arvalstim","8":"tag-aktualitates","9":"tag-arvalstim","10":"tag-breaking-news","11":"tag-breakingnews","12":"tag-featured-news","13":"tag-featurednews","14":"tag-gruzija","15":"tag-headlines","16":"tag-latest-news","17":"tag-latestnews","18":"tag-latvia","19":"tag-latvian","20":"tag-latviesu","21":"tag-latviesu-valoda","22":"tag-latviesuvaloda","23":"tag-latvija","24":"tag-lv","25":"tag-news","26":"tag-popularakas-zinas","27":"tag-popularakaszinas","28":"tag-top-stories","29":"tag-topstories","30":"tag-world","31":"tag-world-news","32":"tag-worldnews","33":"tag-zinas","34":"tag-zinas-no-arvalstim"},"share_on_mastodon":{"url":"https:\/\/pubeurope.com\/@lv\/115645305555696605","error":""},"_links":{"self":[{"href":"https:\/\/www.europesays.com\/lv\/wp-json\/wp\/v2\/posts\/63095","targetHints":{"allow":["GET"]}}],"collection":[{"href":"https:\/\/www.europesays.com\/lv\/wp-json\/wp\/v2\/posts"}],"about":[{"href":"https:\/\/www.europesays.com\/lv\/wp-json\/wp\/v2\/types\/post"}],"author":[{"embeddable":true,"href":"https:\/\/www.europesays.com\/lv\/wp-json\/wp\/v2\/users\/2"}],"replies":[{"embeddable":true,"href":"https:\/\/www.europesays.com\/lv\/wp-json\/wp\/v2\/comments?post=63095"}],"version-history":[{"count":0,"href":"https:\/\/www.europesays.com\/lv\/wp-json\/wp\/v2\/posts\/63095\/revisions"}],"wp:featuredmedia":[{"embeddable":true,"href":"https:\/\/www.europesays.com\/lv\/wp-json\/wp\/v2\/media\/63096"}],"wp:attachment":[{"href":"https:\/\/www.europesays.com\/lv\/wp-json\/wp\/v2\/media?parent=63095"}],"wp:term":[{"taxonomy":"category","embeddable":true,"href":"https:\/\/www.europesays.com\/lv\/wp-json\/wp\/v2\/categories?post=63095"},{"taxonomy":"post_tag","embeddable":true,"href":"https:\/\/www.europesays.com\/lv\/wp-json\/wp\/v2\/tags?post=63095"}],"curies":[{"name":"wp","href":"https:\/\/api.w.org\/{rel}","templated":true}]}}